{"id":30684,"date":"2019-01-11T10:30:33","date_gmt":"2019-01-11T13:30:33","guid":{"rendered":"http:\/\/blogdoeloiltoncajuhy.com.br\/site\/?p=30684"},"modified":"2019-01-11T10:30:39","modified_gmt":"2019-01-11T13:30:39","slug":"opiniao-amor-que-e-amor-dura-a-vida-inteira-se-nao-durou-e-porque-nunca-foi-amor","status":"publish","type":"post","link":"https:\/\/blogdoeloiltoncajuhy.com.br\/site\/opiniao-amor-que-e-amor-dura-a-vida-inteira-se-nao-durou-e-porque-nunca-foi-amor\/","title":{"rendered":"OPINI\u00c3O: Amor que \u00e9 amor, dura a vida inteira. Se n\u00e3o durou, \u00e9 porque nunca foi amor"},"content":{"rendered":"\n<h5 class=\"wp-block-heading\" style=\"text-align:right\"><strong><em>*Por Padre F\u00e1bio de Melo<\/em><\/strong><\/h5>\n\n\n\n<div class=\"wp-block-image\"><figure class=\"aligncenter is-resized\"><img data-recalc-dims=\"1\" fetchpriority=\"high\" decoding=\"async\" src=\"https:\/\/i0.wp.com\/blogdoeloiltoncajuhy.com.br\/site\/wp-content\/uploads\/2015\/11\/Padre-F%C3%A1bio-de-Melo.png?resize=600%2C350\" alt=\"\" class=\"wp-image-5822\" width=\"600\" height=\"350\" srcset=\"https:\/\/i0.wp.com\/blogdoeloiltoncajuhy.com.br\/site\/wp-content\/uploads\/2015\/11\/Padre-F%C3%A1bio-de-Melo.png?w=600&amp;ssl=1 600w, https:\/\/i0.wp.com\/blogdoeloiltoncajuhy.com.br\/site\/wp-content\/uploads\/2015\/11\/Padre-F%C3%A1bio-de-Melo.png?resize=300%2C175&amp;ssl=1 300w, https:\/\/i0.wp.com\/blogdoeloiltoncajuhy.com.br\/site\/wp-content\/uploads\/2015\/11\/Padre-F%C3%A1bio-de-Melo.png?resize=250%2C146&amp;ssl=1 250w\" sizes=\"(max-width: 600px) 100vw, 600px\" \/><\/figure><\/div>\n\n\n\n<p>O amor resiste \u00e0 dist\u00e2ncia, ao sil\u00eancio das separa\u00e7\u00f5es e at\u00e9 \u00e0s trai\u00e7\u00f5es. Sem perd\u00e3o n\u00e3o h\u00e1 amor. Diga-me quem voc\u00ea mais perdoou na vida, e eu ent\u00e3o saberei dizer quem voc\u00ea mais amou.<\/p>\n\n\n\n<p>O amor \u00e9 equa\u00e7\u00e3o onde prevalece a multiplica\u00e7\u00e3o do perd\u00e3o. Voc\u00ea o percebe no momento em que o outro fez tudo errado, e mesmo assim voc\u00ea olha nos olhos dele e diz: \u201cMesmo fazendo tudo errado, eu n\u00e3o sei viver sem voc\u00ea. Eu n\u00e3o posso ser nem a metade do que sou se voc\u00ea n\u00e3o estiver por perto\u201d.<\/p>\n\n\n\n<p class=\"has-background has-medium-font-size has-luminous-vivid-amber-background-color\"><strong>O amor nos possibilita enxergar lugares do nosso cora\u00e7\u00e3o os quais sozinhos jamais poder\u00edamos enxergar<\/strong><\/p>\n\n\n\n<p>O poeta soube traduzir bem quando disse: \u201cSe eu n\u00e3o te amasse tanto assim, talvez perdesse os sonhos dentro de mim e vivesse na escurid\u00e3o. Se eu n\u00e3o te amasse tanto assim talvez n\u00e3o visse flores por onde eu vi, dentro do meu cora\u00e7\u00e3o!\u201d<\/p>\n\n\n\n<p>Bonito isso. Enxergar sonhos que antes eu n\u00e3o saberia ver sozinho. Enxergar s\u00f3 porque o outro me emprestou os olhos, socorreu-me em minha cegueira. Eu possu\u00eda e n\u00e3o sabia. O outro me apontou, me deu a chave, me entregou a senha.<\/p>\n\n\n\n<p>Coisas que Jesus fazia o tempo todo. Apontava jardins secretos em aparentes desertos. Na aridez do cora\u00e7\u00e3o de Madalena, Jesus encontrou orqu\u00eddeas preciosas. Fez v\u00ea-las e chamou a aten\u00e7\u00e3o para a necessidade de cultiv\u00e1-las.<\/p>\n\n\n\n<p>Fico pensando que evangelizar talvez seja isso: descobrir jardins em lugares que consideramos impr\u00f3prios. Os jardineiros sabem disso. Amam as flores e por isso cuidam de cada detalhe, porque sabem que n\u00e3o h\u00e1 amor fora da experi\u00eancia do cuidado.<\/p>\n\n\n\n<p>A cada dia, o jardineiro perdoa as suas roseiras. Sabe identificar que a aus\u00eancia de flores n\u00e3o significa a morte absoluta, mas o repouso do preparo. Quem n\u00e3o souber viver o sil\u00eancio da prepara\u00e7\u00e3o n\u00e3o ter\u00e1 o que florir depois\u2026<\/p>\n\n\n\n<p>Precisamos aprender isso. Olhar para aquele que nos magoou e descobrir que as roseiras n\u00e3o d\u00e3o flores fora do tempo nem tampouco fora do cultivo. Se n\u00e3o h\u00e1 flores, talvez seja porque ainda n\u00e3o tenha chegado a hora de florir. Cada roseira tem seu estatuto, suas regras\u2026 Se n\u00e3o h\u00e1 flores, talvez seja porque at\u00e9 ent\u00e3o ningu\u00e9m tenha dado a aten\u00e7\u00e3o necess\u00e1ria para o cultivo daquela roseira.<\/p>\n\n\n\n<p>A vida requer cuidado. Os amores tamb\u00e9m. Flores e espinhos s\u00e3o belezas que se d\u00e3o juntas. N\u00e3o queira uma s\u00f3. Elas n\u00e3o sabem viver sozinhas\u2026 Quem quiser levar a rosa para sua vida, ter\u00e1 de saber que com ela v\u00e3o in\u00fameros espinhos. Mas n\u00e3o se preocupe. A beleza da rosa vale o inc\u00f4modo dos espinhos\u2026 ou n\u00e3o.<\/p>\n","protected":false},"excerpt":{"rendered":"<p>*Por Padre F\u00e1bio de Melo O amor resiste \u00e0 dist\u00e2ncia, ao sil\u00eancio das separa\u00e7\u00f5es e at\u00e9 \u00e0s trai\u00e7\u00f5es. Sem perd\u00e3o n\u00e3o h\u00e1 amor. Diga-me quem voc\u00ea mais perdoou na vida, e eu ent\u00e3o saberei dizer quem voc\u00ea mais amou. O amor \u00e9 equa\u00e7\u00e3o onde prevalece a multiplica\u00e7\u00e3o do perd\u00e3o. Voc\u00ea o percebe no momento em [&hellip;]<\/p>\n","protected":false},"author":2,"featured_media":0,"comment_status":"open","ping_status":"open","sticky":false,"template":"","format":"standard","meta":{"_acf_changed":false,"_monsterinsights_skip_tracking":false,"_monsterinsights_sitenote_active":false,"_monsterinsights_sitenote_note":"","_monsterinsights_sitenote_category":0,"_jetpack_memberships_contains_paid_content":false,"footnotes":"","jetpack_publicize_message":"","jetpack_publicize_feature_enabled":true,"jetpack_social_post_already_shared":true,"jetpack_social_options":{"image_generator_settings":{"template":"highway","default_image_id":0,"font":"","enabled":false},"version":2}},"categories":[1,2],"tags":[],"class_list":["post-30684","post","type-post","status-publish","format-standard","hentry","category-noticias","category-opiniao"],"acf":[],"jetpack_publicize_connections":[],"jetpack_featured_media_url":"","jetpack_sharing_enabled":true,"publishpress_future_workflow_manual_trigger":{"enabledWorkflows":[]},"_links":{"self":[{"href":"https:\/\/blogdoeloiltoncajuhy.com.br\/site\/wp-json\/wp\/v2\/posts\/30684","targetHints":{"allow":["GET"]}}],"collection":[{"href":"https:\/\/blogdoeloiltoncajuhy.com.br\/site\/wp-json\/wp\/v2\/posts"}],"about":[{"href":"https:\/\/blogdoeloiltoncajuhy.com.br\/site\/wp-json\/wp\/v2\/types\/post"}],"author":[{"embeddable":true,"href":"https:\/\/blogdoeloiltoncajuhy.com.br\/site\/wp-json\/wp\/v2\/users\/2"}],"replies":[{"embeddable":true,"href":"https:\/\/blogdoeloiltoncajuhy.com.br\/site\/wp-json\/wp\/v2\/comments?post=30684"}],"version-history":[{"count":1,"href":"https:\/\/blogdoeloiltoncajuhy.com.br\/site\/wp-json\/wp\/v2\/posts\/30684\/revisions"}],"predecessor-version":[{"id":30685,"href":"https:\/\/blogdoeloiltoncajuhy.com.br\/site\/wp-json\/wp\/v2\/posts\/30684\/revisions\/30685"}],"wp:attachment":[{"href":"https:\/\/blogdoeloiltoncajuhy.com.br\/site\/wp-json\/wp\/v2\/media?parent=30684"}],"wp:term":[{"taxonomy":"category","embeddable":true,"href":"https:\/\/blogdoeloiltoncajuhy.com.br\/site\/wp-json\/wp\/v2\/categories?post=30684"},{"taxonomy":"post_tag","embeddable":true,"href":"https:\/\/blogdoeloiltoncajuhy.com.br\/site\/wp-json\/wp\/v2\/tags?post=30684"}],"curies":[{"name":"wp","href":"https:\/\/api.w.org\/{rel}","templated":true}]}}