{"id":30677,"date":"2019-01-11T10:05:59","date_gmt":"2019-01-11T13:05:59","guid":{"rendered":"http:\/\/blogdoeloiltoncajuhy.com.br\/site\/?p=30677"},"modified":"2019-01-11T10:08:47","modified_gmt":"2019-01-11T13:08:47","slug":"jaguarari-nota-de-esclarecimento-sobre-alegacoes-divulgadas-pela-servidora-nadir-barbosa-dos-santos","status":"publish","type":"post","link":"https:\/\/blogdoeloiltoncajuhy.com.br\/site\/jaguarari-nota-de-esclarecimento-sobre-alegacoes-divulgadas-pela-servidora-nadir-barbosa-dos-santos\/","title":{"rendered":"Jaguarari: Nota de esclarecimento sobre alega\u00e7\u00f5es divulgadas pela servidora Nadir Barbosa dos Santos"},"content":{"rendered":"\n<div class=\"wp-block-image\"><figure class=\"aligncenter\"><img data-recalc-dims=\"1\" fetchpriority=\"high\" decoding=\"async\" width=\"800\" height=\"335\" src=\"https:\/\/i0.wp.com\/blogdoeloiltoncajuhy.com.br\/site\/wp-content\/uploads\/2019\/01\/JaguarariNotaOficial.jpg?resize=800%2C335\" alt=\"\" class=\"wp-image-30678\" srcset=\"https:\/\/i0.wp.com\/blogdoeloiltoncajuhy.com.br\/site\/wp-content\/uploads\/2019\/01\/JaguarariNotaOficial.jpg?w=854&amp;ssl=1 854w, https:\/\/i0.wp.com\/blogdoeloiltoncajuhy.com.br\/site\/wp-content\/uploads\/2019\/01\/JaguarariNotaOficial.jpg?resize=300%2C126&amp;ssl=1 300w, https:\/\/i0.wp.com\/blogdoeloiltoncajuhy.com.br\/site\/wp-content\/uploads\/2019\/01\/JaguarariNotaOficial.jpg?resize=768%2C322&amp;ssl=1 768w, https:\/\/i0.wp.com\/blogdoeloiltoncajuhy.com.br\/site\/wp-content\/uploads\/2019\/01\/JaguarariNotaOficial.jpg?resize=250%2C105&amp;ssl=1 250w\" sizes=\"(max-width: 800px) 100vw, 800px\" \/><\/figure><\/div>\n\n\n\n<p>Acerca de boatos aventados pela servidora Nadir Barbosa dos Santos, sobre poss\u00edvel \u201cpersegui\u00e7\u00e3o pol\u00edtica\u201d em transferir a referida servidora para o \u00f3rg\u00e3o do Conselho Tutelar, o Secret\u00e1rio Municipal de Administra\u00e7\u00e3o e Planejamento, Kledson Jos\u00e9 Pereira do Vale, e o Procurador Geral do Munic\u00edpio, Bel. Allan Abbehusen de Santana, assim manifestam-se:<\/p>\n\n\n\n<p><em>&#8220;Curiosamente n\u00e3o \u00e9 a primeira vez que esse equ\u00edvoco ocorre, onde ressaltamos que a \u00fanica servidora Telefonista da Prefeita Municipal \u00e9 a senhora Nadir Barbosa dos Santos e esclarecemos que por motivos desconhecidos, a servidora omite informa\u00e7\u00f5es importantes, tentando de forma proposital conferir algum ar de persegui\u00e7\u00e3o pol\u00edtica na referida situa\u00e7\u00e3o, esquecendo de informar que n\u00e3o recebeu a notifica\u00e7\u00e3o da transfer\u00eancia, porque se escusou em receber, fato presenciado por servidores, bem como, esqueceu de informar que a Administra\u00e7\u00e3o em quest\u00e3o, lhe concedeu f\u00e9rias, o que cai por terra \u00e0s supostas alega\u00e7\u00f5es de persegui\u00e7\u00e3o.<\/em><\/p>\n\n\n\n<p><em>Frisa-se que o sistema de telefonia do Munic\u00edpio encontra-se desativado desde o in\u00edcio do ano de 2018, com as mudan\u00e7as de comunica\u00e7\u00e3o implantadas, como e-mails, redes sociais, whatsApp, al\u00e9m da telefonia m\u00f3vel.<\/em><\/p>\n\n\n\n<p><em>A transfer\u00eancia da servidora deve-se pela necessidade da Administra\u00e7\u00e3o em funcionalidade plena do Conselho Tutelar do Munic\u00edpio, n\u00e3o importando em desvio de fun\u00e7\u00e3o, pois a servidora exercer\u00e1 o seu mesmo cargo, qual seja, telefonista, no \u00f3rg\u00e3o do Conselho Tutelar, sem nenhuma modifica\u00e7\u00e3o na sua carga hor\u00e1ria e remunera\u00e7\u00e3o. Frisa-se que a dist\u00e2ncia entre a Prefeitura Municipal e a sede do Conselho Tutelar n\u00e3o ultrapassa de 800 metros.<\/em><\/p>\n\n\n\n<p><em>Ademais, a Administra\u00e7\u00e3o P\u00fablica \u00e9 regida por alguns princ\u00edpios basilares, tal qual o princ\u00edpio da efici\u00eancia administrativa, que impede a perpetua\u00e7\u00e3o da <\/em><strong><em>ociosidade de servidores<\/em><\/strong><em>, bem como da inefici\u00eancia de servi\u00e7os p\u00fablicos \u00e0 coletividade, corroborando com os princ\u00edpios da legalidade, moralidade, impessoalidade e publicidade.<\/em><\/p>\n\n\n\n<p><em>Esclarecida essa parte, entendemos que tais boatos s\u00e3o infundados perante as necessidades do servi\u00e7o p\u00fablico e a atual Administra\u00e7\u00e3o \u00e9 imparcial quanto \u00e0s escolhas politicas de seus servidores, inclusive tem como slogan <\/em><strong><em>UMA CIDADE PARA TODOS&#8221;.<\/em><\/strong><\/p>\n\n\n\n<p style=\"text-align:center\"><em>Jaguarari, 10 de Janeiro 2019.<\/em><\/p>\n\n\n\n<p><strong><em>Kledson Jos\u00e9 P. do Vale<\/em><\/strong><br><strong><em>Secret\u00e1rio de Administra\u00e7\u00e3o<\/em><\/strong><\/p>\n\n\n\n<p><strong><em>Allan Abbehusen de Santana<br>Procurador Geral do Munic\u00edpio<\/em><\/strong><\/p>\n","protected":false},"excerpt":{"rendered":"<p>Acerca de boatos aventados pela servidora Nadir Barbosa dos Santos, sobre poss\u00edvel \u201cpersegui\u00e7\u00e3o pol\u00edtica\u201d em transferir a referida servidora para o \u00f3rg\u00e3o do Conselho Tutelar, o Secret\u00e1rio Municipal de Administra\u00e7\u00e3o e Planejamento, Kledson Jos\u00e9 Pereira do Vale, e o Procurador Geral do Munic\u00edpio, Bel. Allan Abbehusen de Santana, assim manifestam-se: &#8220;Curiosamente n\u00e3o \u00e9 a primeira [&hellip;]<\/p>\n","protected":false},"author":2,"featured_media":30678,"comment_status":"open","ping_status":"open","sticky":false,"template":"","format":"standard","meta":{"_acf_changed":false,"_monsterinsights_skip_tracking":false,"_monsterinsights_sitenote_active":false,"_monsterinsights_sitenote_note":"","_monsterinsights_sitenote_category":0,"_jetpack_memberships_contains_paid_content":false,"footnotes":"","jetpack_publicize_message":"","jetpack_publicize_feature_enabled":true,"jetpack_social_post_already_shared":true,"jetpack_social_options":{"image_generator_settings":{"template":"highway","default_image_id":0,"font":"","enabled":false},"version":2}},"categories":[1,3,11],"tags":[],"class_list":["post-30677","post","type-post","status-publish","format-standard","has-post-thumbnail","hentry","category-noticias","category-politica","category-regional"],"acf":[],"jetpack_publicize_connections":[],"jetpack_featured_media_url":"https:\/\/i0.wp.com\/blogdoeloiltoncajuhy.com.br\/site\/wp-content\/uploads\/2019\/01\/JaguarariNotaOficial.jpg?fit=854%2C358&ssl=1","jetpack_sharing_enabled":true,"publishpress_future_workflow_manual_trigger":{"enabledWorkflows":[]},"_links":{"self":[{"href":"https:\/\/blogdoeloiltoncajuhy.com.br\/site\/wp-json\/wp\/v2\/posts\/30677","targetHints":{"allow":["GET"]}}],"collection":[{"href":"https:\/\/blogdoeloiltoncajuhy.com.br\/site\/wp-json\/wp\/v2\/posts"}],"about":[{"href":"https:\/\/blogdoeloiltoncajuhy.com.br\/site\/wp-json\/wp\/v2\/types\/post"}],"author":[{"embeddable":true,"href":"https:\/\/blogdoeloiltoncajuhy.com.br\/site\/wp-json\/wp\/v2\/users\/2"}],"replies":[{"embeddable":true,"href":"https:\/\/blogdoeloiltoncajuhy.com.br\/site\/wp-json\/wp\/v2\/comments?post=30677"}],"version-history":[{"count":2,"href":"https:\/\/blogdoeloiltoncajuhy.com.br\/site\/wp-json\/wp\/v2\/posts\/30677\/revisions"}],"predecessor-version":[{"id":30681,"href":"https:\/\/blogdoeloiltoncajuhy.com.br\/site\/wp-json\/wp\/v2\/posts\/30677\/revisions\/30681"}],"wp:featuredmedia":[{"embeddable":true,"href":"https:\/\/blogdoeloiltoncajuhy.com.br\/site\/wp-json\/wp\/v2\/media\/30678"}],"wp:attachment":[{"href":"https:\/\/blogdoeloiltoncajuhy.com.br\/site\/wp-json\/wp\/v2\/media?parent=30677"}],"wp:term":[{"taxonomy":"category","embeddable":true,"href":"https:\/\/blogdoeloiltoncajuhy.com.br\/site\/wp-json\/wp\/v2\/categories?post=30677"},{"taxonomy":"post_tag","embeddable":true,"href":"https:\/\/blogdoeloiltoncajuhy.com.br\/site\/wp-json\/wp\/v2\/tags?post=30677"}],"curies":[{"name":"wp","href":"https:\/\/api.w.org\/{rel}","templated":true}]}}