{"id":30671,"date":"2019-01-10T19:37:50","date_gmt":"2019-01-10T22:37:50","guid":{"rendered":"http:\/\/blogdoeloiltoncajuhy.com.br\/site\/?p=30671"},"modified":"2019-01-10T19:37:56","modified_gmt":"2019-01-10T22:37:56","slug":"acompanhe-a-programacao-da-novena-em-louvor-ao-senhor-do-bonfim","status":"publish","type":"post","link":"https:\/\/blogdoeloiltoncajuhy.com.br\/site\/acompanhe-a-programacao-da-novena-em-louvor-ao-senhor-do-bonfim\/","title":{"rendered":"Acompanhe a programa\u00e7\u00e3o da Novena em Louvor ao Senhor do Bonfim"},"content":{"rendered":"\n<div class=\"wp-block-image\"><figure class=\"aligncenter\"><img data-recalc-dims=\"1\" fetchpriority=\"high\" decoding=\"async\" width=\"640\" height=\"480\" src=\"https:\/\/i0.wp.com\/blogdoeloiltoncajuhy.com.br\/site\/wp-content\/uploads\/2019\/01\/PadresFestaSB.jpg?resize=640%2C480\" alt=\"\" class=\"wp-image-30673\" srcset=\"https:\/\/i0.wp.com\/blogdoeloiltoncajuhy.com.br\/site\/wp-content\/uploads\/2019\/01\/PadresFestaSB.jpg?w=640&amp;ssl=1 640w, https:\/\/i0.wp.com\/blogdoeloiltoncajuhy.com.br\/site\/wp-content\/uploads\/2019\/01\/PadresFestaSB.jpg?resize=300%2C225&amp;ssl=1 300w, https:\/\/i0.wp.com\/blogdoeloiltoncajuhy.com.br\/site\/wp-content\/uploads\/2019\/01\/PadresFestaSB.jpg?resize=250%2C188&amp;ssl=1 250w\" sizes=\"(max-width: 640px) 100vw, 640px\" \/><figcaption><strong>Foto: Pascom de Bonfim<\/strong><\/figcaption><\/figure><\/div>\n\n\n\n<p>A Par\u00f3quia do Senhor do Bonfim realiza nesta sexta-feira (11), o quarto noven\u00e1rio preparat\u00f3rio para a grande festa do padroeiro de nossa cidade. Todas as noites ap\u00f3s a novena, tem quermesse e show musical em frente \u00e0 Catedral Diocesana. Neste sexta, quem se apresenta \u00e9 o cantor Thiago Dias.<\/p>\n\n\n\n<p>A Festa deste ano, traz o tema: <strong>&#8220;Senhor do Bonfim, fonte de todas as virtudes&#8221;.<\/strong><\/p>\n\n\n\n<p>A novena desta sexta-feira ter\u00e1 o tema: <em>&#8220;A virtude da caridade&#8221;<\/em>. <strong>Confira a programa\u00e7\u00e3o:<\/strong><\/p>\n\n\n\n<div class=\"wp-block-image\"><figure class=\"aligncenter is-resized\"><img data-recalc-dims=\"1\" decoding=\"async\" src=\"https:\/\/i0.wp.com\/blogdoeloiltoncajuhy.com.br\/site\/wp-content\/uploads\/2019\/01\/FestaSenhorBonfim2019_sexta.jpg?resize=538%2C236\" alt=\"\" class=\"wp-image-30672\" width=\"538\" height=\"236\" srcset=\"https:\/\/i0.wp.com\/blogdoeloiltoncajuhy.com.br\/site\/wp-content\/uploads\/2019\/01\/FestaSenhorBonfim2019_sexta.jpg?w=447&amp;ssl=1 447w, https:\/\/i0.wp.com\/blogdoeloiltoncajuhy.com.br\/site\/wp-content\/uploads\/2019\/01\/FestaSenhorBonfim2019_sexta.jpg?resize=300%2C132&amp;ssl=1 300w, https:\/\/i0.wp.com\/blogdoeloiltoncajuhy.com.br\/site\/wp-content\/uploads\/2019\/01\/FestaSenhorBonfim2019_sexta.jpg?resize=250%2C110&amp;ssl=1 250w\" sizes=\"(max-width: 538px) 100vw, 538px\" \/><\/figure><\/div>\n\n\n\n<p>No dia 17 de janeiro, Festa do Senhor do Bonfim, feriado municipal, haver\u00e1 missa e prociss\u00e3o. Em seguida, o sorteio da campanha Show de Pr\u00eamios, cuja renda ser\u00e1 destinada \u00e0 reforma da Catedral.<\/p>\n\n\n\n<p><strong>BLOG DO ELOILTON CAJUHY<\/strong><\/p>\n","protected":false},"excerpt":{"rendered":"<p>A Par\u00f3quia do Senhor do Bonfim realiza nesta sexta-feira (11), o quarto noven\u00e1rio preparat\u00f3rio para a grande festa do padroeiro de nossa cidade. Todas as noites ap\u00f3s a novena, tem quermesse e show musical em frente \u00e0 Catedral Diocesana. Neste sexta, quem se apresenta \u00e9 o cantor Thiago Dias. A Festa deste ano, traz o [&hellip;]<\/p>\n","protected":false},"author":2,"featured_media":30673,"comment_status":"open","ping_status":"open","sticky":false,"template":"","format":"standard","meta":{"_acf_changed":false,"_monsterinsights_skip_tracking":false,"_monsterinsights_sitenote_active":false,"_monsterinsights_sitenote_note":"","_monsterinsights_sitenote_category":0,"_jetpack_memberships_contains_paid_content":false,"footnotes":"","jetpack_publicize_message":"","jetpack_publicize_feature_enabled":true,"jetpack_social_post_already_shared":true,"jetpack_social_options":{"image_generator_settings":{"template":"highway","default_image_id":0,"font":"","enabled":false},"version":2}},"categories":[1,4],"tags":[],"class_list":["post-30671","post","type-post","status-publish","format-standard","has-post-thumbnail","hentry","category-noticias","category-local"],"acf":[],"jetpack_publicize_connections":[],"jetpack_featured_media_url":"https:\/\/i0.wp.com\/blogdoeloiltoncajuhy.com.br\/site\/wp-content\/uploads\/2019\/01\/PadresFestaSB.jpg?fit=640%2C480&ssl=1","jetpack_sharing_enabled":true,"publishpress_future_workflow_manual_trigger":{"enabledWorkflows":[]},"_links":{"self":[{"href":"https:\/\/blogdoeloiltoncajuhy.com.br\/site\/wp-json\/wp\/v2\/posts\/30671","targetHints":{"allow":["GET"]}}],"collection":[{"href":"https:\/\/blogdoeloiltoncajuhy.com.br\/site\/wp-json\/wp\/v2\/posts"}],"about":[{"href":"https:\/\/blogdoeloiltoncajuhy.com.br\/site\/wp-json\/wp\/v2\/types\/post"}],"author":[{"embeddable":true,"href":"https:\/\/blogdoeloiltoncajuhy.com.br\/site\/wp-json\/wp\/v2\/users\/2"}],"replies":[{"embeddable":true,"href":"https:\/\/blogdoeloiltoncajuhy.com.br\/site\/wp-json\/wp\/v2\/comments?post=30671"}],"version-history":[{"count":1,"href":"https:\/\/blogdoeloiltoncajuhy.com.br\/site\/wp-json\/wp\/v2\/posts\/30671\/revisions"}],"predecessor-version":[{"id":30674,"href":"https:\/\/blogdoeloiltoncajuhy.com.br\/site\/wp-json\/wp\/v2\/posts\/30671\/revisions\/30674"}],"wp:featuredmedia":[{"embeddable":true,"href":"https:\/\/blogdoeloiltoncajuhy.com.br\/site\/wp-json\/wp\/v2\/media\/30673"}],"wp:attachment":[{"href":"https:\/\/blogdoeloiltoncajuhy.com.br\/site\/wp-json\/wp\/v2\/media?parent=30671"}],"wp:term":[{"taxonomy":"category","embeddable":true,"href":"https:\/\/blogdoeloiltoncajuhy.com.br\/site\/wp-json\/wp\/v2\/categories?post=30671"},{"taxonomy":"post_tag","embeddable":true,"href":"https:\/\/blogdoeloiltoncajuhy.com.br\/site\/wp-json\/wp\/v2\/tags?post=30671"}],"curies":[{"name":"wp","href":"https:\/\/api.w.org\/{rel}","templated":true}]}}