{"id":30668,"date":"2019-01-10T19:24:34","date_gmt":"2019-01-10T22:24:34","guid":{"rendered":"http:\/\/blogdoeloiltoncajuhy.com.br\/site\/?p=30668"},"modified":"2019-01-10T19:24:35","modified_gmt":"2019-01-10T22:24:35","slug":"prefeitura-de-jaguarari-adquiri-junto-ao-mda-mais-um-trator-para-o-municipio","status":"publish","type":"post","link":"https:\/\/blogdoeloiltoncajuhy.com.br\/site\/prefeitura-de-jaguarari-adquiri-junto-ao-mda-mais-um-trator-para-o-municipio\/","title":{"rendered":"Prefeitura de Jaguarari adquiri junto ao MDA mais um trator para o munic\u00edpio"},"content":{"rendered":"\n<div class=\"wp-block-image\"><figure class=\"aligncenter is-resized\"><img data-recalc-dims=\"1\" fetchpriority=\"high\" decoding=\"async\" src=\"https:\/\/i0.wp.com\/blogdoeloiltoncajuhy.com.br\/site\/wp-content\/uploads\/2019\/01\/JaguarariTratorJan2019.jpeg?resize=384%2C512\" alt=\"\" class=\"wp-image-30669\" width=\"384\" height=\"512\" srcset=\"https:\/\/i0.wp.com\/blogdoeloiltoncajuhy.com.br\/site\/wp-content\/uploads\/2019\/01\/JaguarariTratorJan2019.jpeg?resize=768%2C1024&amp;ssl=1 768w, https:\/\/i0.wp.com\/blogdoeloiltoncajuhy.com.br\/site\/wp-content\/uploads\/2019\/01\/JaguarariTratorJan2019.jpeg?resize=225%2C300&amp;ssl=1 225w, https:\/\/i0.wp.com\/blogdoeloiltoncajuhy.com.br\/site\/wp-content\/uploads\/2019\/01\/JaguarariTratorJan2019.jpeg?resize=188%2C250&amp;ssl=1 188w, https:\/\/i0.wp.com\/blogdoeloiltoncajuhy.com.br\/site\/wp-content\/uploads\/2019\/01\/JaguarariTratorJan2019.jpeg?w=960&amp;ssl=1 960w\" sizes=\"(max-width: 384px) 100vw, 384px\" \/><\/figure><\/div>\n\n\n\n<p>A Prefeitura de Jaguarari adquiriu nesta quarta-feira (09), junto ao Minist\u00e9rio de Desenvolvimento Agr\u00e1rio &#8211; MDA, um trator esteira completo, que ser\u00e1 utilizado para atender as comunidades localizadas nas regi\u00f5es serranas do munic\u00edpio.<\/p>\n\n\n\n<p>A chegada deste equipamento e de todos os seus implementos, est\u00e1 prevista para esta sexta-feira (11), e permitir\u00e1 que o governo municipal realize manuten\u00e7\u00e3o das estradas vicinais, facilitando o transporte de ve\u00edculos e o escoamento da produ\u00e7\u00e3o agr\u00edcola do munic\u00edpio.<\/p>\n\n\n\n<p>O trator esteira atender\u00e1 prioritariamente as comunidades de Serra dos Morgados, Sitio Cov\u00e3o, Betes, Cachoeira, Catuni da Grota, Olhos D&#8217;\u00c1gua e Genipapo, conhecidas pela produ\u00e7\u00e3o de frutas, bem como pela dificuldade na manuten\u00e7\u00e3o das estradas por se tratar de terrenos rochosos e acidentados.<\/p>\n\n\n\n<p>A disponibilidade deste equipamento poder\u00e1 contribuir tamb\u00e9m para a abertura e manuten\u00e7\u00e3o de aguadas por todo o munic\u00edpio.<\/p>\n\n\n\n<p><strong><em>ASCOM \u2013 Prefeitura de Jaguarari<\/em><\/strong><\/p>\n","protected":false},"excerpt":{"rendered":"<p>A Prefeitura de Jaguarari adquiriu nesta quarta-feira (09), junto ao Minist\u00e9rio de Desenvolvimento Agr\u00e1rio &#8211; MDA, um trator esteira completo, que ser\u00e1 utilizado para atender as comunidades localizadas nas regi\u00f5es serranas do munic\u00edpio. A chegada deste equipamento e de todos os seus implementos, est\u00e1 prevista para esta sexta-feira (11), e permitir\u00e1 que o governo municipal [&hellip;]<\/p>\n","protected":false},"author":2,"featured_media":30669,"comment_status":"open","ping_status":"open","sticky":false,"template":"","format":"standard","meta":{"_acf_changed":false,"_monsterinsights_skip_tracking":false,"_monsterinsights_sitenote_active":false,"_monsterinsights_sitenote_note":"","_monsterinsights_sitenote_category":0,"_jetpack_memberships_contains_paid_content":false,"footnotes":"","jetpack_publicize_message":"","jetpack_publicize_feature_enabled":true,"jetpack_social_post_already_shared":true,"jetpack_social_options":{"image_generator_settings":{"template":"highway","default_image_id":0,"font":"","enabled":false},"version":2}},"categories":[1,3,11],"tags":[],"class_list":["post-30668","post","type-post","status-publish","format-standard","has-post-thumbnail","hentry","category-noticias","category-politica","category-regional"],"acf":[],"jetpack_publicize_connections":[],"jetpack_featured_media_url":"https:\/\/i0.wp.com\/blogdoeloiltoncajuhy.com.br\/site\/wp-content\/uploads\/2019\/01\/JaguarariTratorJan2019.jpeg?fit=960%2C1280&ssl=1","jetpack_sharing_enabled":true,"publishpress_future_workflow_manual_trigger":{"enabledWorkflows":[]},"_links":{"self":[{"href":"https:\/\/blogdoeloiltoncajuhy.com.br\/site\/wp-json\/wp\/v2\/posts\/30668","targetHints":{"allow":["GET"]}}],"collection":[{"href":"https:\/\/blogdoeloiltoncajuhy.com.br\/site\/wp-json\/wp\/v2\/posts"}],"about":[{"href":"https:\/\/blogdoeloiltoncajuhy.com.br\/site\/wp-json\/wp\/v2\/types\/post"}],"author":[{"embeddable":true,"href":"https:\/\/blogdoeloiltoncajuhy.com.br\/site\/wp-json\/wp\/v2\/users\/2"}],"replies":[{"embeddable":true,"href":"https:\/\/blogdoeloiltoncajuhy.com.br\/site\/wp-json\/wp\/v2\/comments?post=30668"}],"version-history":[{"count":1,"href":"https:\/\/blogdoeloiltoncajuhy.com.br\/site\/wp-json\/wp\/v2\/posts\/30668\/revisions"}],"predecessor-version":[{"id":30670,"href":"https:\/\/blogdoeloiltoncajuhy.com.br\/site\/wp-json\/wp\/v2\/posts\/30668\/revisions\/30670"}],"wp:featuredmedia":[{"embeddable":true,"href":"https:\/\/blogdoeloiltoncajuhy.com.br\/site\/wp-json\/wp\/v2\/media\/30669"}],"wp:attachment":[{"href":"https:\/\/blogdoeloiltoncajuhy.com.br\/site\/wp-json\/wp\/v2\/media?parent=30668"}],"wp:term":[{"taxonomy":"category","embeddable":true,"href":"https:\/\/blogdoeloiltoncajuhy.com.br\/site\/wp-json\/wp\/v2\/categories?post=30668"},{"taxonomy":"post_tag","embeddable":true,"href":"https:\/\/blogdoeloiltoncajuhy.com.br\/site\/wp-json\/wp\/v2\/tags?post=30668"}],"curies":[{"name":"wp","href":"https:\/\/api.w.org\/{rel}","templated":true}]}}