{"id":30660,"date":"2019-01-10T18:50:09","date_gmt":"2019-01-10T21:50:09","guid":{"rendered":"http:\/\/blogdoeloiltoncajuhy.com.br\/site\/?p=30660"},"modified":"2019-01-10T18:50:15","modified_gmt":"2019-01-10T21:50:15","slug":"prefeitura-realiza-reintegracao-de-posse-em-area-do-bonfim-iii","status":"publish","type":"post","link":"https:\/\/blogdoeloiltoncajuhy.com.br\/site\/prefeitura-realiza-reintegracao-de-posse-em-area-do-bonfim-iii\/","title":{"rendered":"Prefeitura realiza reintegra\u00e7\u00e3o de posse em \u00e1rea do Bonfim III"},"content":{"rendered":"\n<div class=\"wp-block-image\"><figure class=\"aligncenter is-resized\"><img data-recalc-dims=\"1\" fetchpriority=\"high\" decoding=\"async\" src=\"https:\/\/i0.wp.com\/blogdoeloiltoncajuhy.com.br\/site\/wp-content\/uploads\/2019\/01\/PMSB_ReintegracaoBonfimTres01.png?resize=402%2C372\" alt=\"\" class=\"wp-image-30661\" width=\"402\" height=\"372\" srcset=\"https:\/\/i0.wp.com\/blogdoeloiltoncajuhy.com.br\/site\/wp-content\/uploads\/2019\/01\/PMSB_ReintegracaoBonfimTres01.png?w=402&amp;ssl=1 402w, https:\/\/i0.wp.com\/blogdoeloiltoncajuhy.com.br\/site\/wp-content\/uploads\/2019\/01\/PMSB_ReintegracaoBonfimTres01.png?resize=300%2C278&amp;ssl=1 300w, https:\/\/i0.wp.com\/blogdoeloiltoncajuhy.com.br\/site\/wp-content\/uploads\/2019\/01\/PMSB_ReintegracaoBonfimTres01.png?resize=250%2C231&amp;ssl=1 250w\" sizes=\"(max-width: 402px) 100vw, 402px\" \/><\/figure><\/div>\n\n\n\n<p>Na manh\u00e3 desta quinta-feira, 10 de janeiro, uma equipe da Secretaria de Meio Ambiente da Prefeitura de Senhor do Bonfim, comandada pela superintendente Bernadeth Rocha, esteve no Conjunto Habitacional Bonfim III \u2013 Grande Olaria, para realizar reintegra\u00e7\u00e3o de posse em um terreno p\u00fablico do munic\u00edpio.<\/p>\n\n\n\n<p>A Prefeitura, juntamente com policias do 6\u00ba Batalh\u00e3o de Pol\u00edcia Militar, executou a reintegra\u00e7\u00e3o de posse num terreno que fica entre o Bonfim III e o Gin\u00e1sio de Esportes Paulo Braga. A \u00e1rea invadida estava cercada com postes e arame farpado.<\/p>\n\n\n\n<p>Segundo a superintend\u00eancia de Meio Ambiente, o ocupante recebeu uma notifica\u00e7\u00e3o em 2018 e outra no in\u00edcio desta semana. A a\u00e7\u00e3o de reintegra\u00e7\u00e3o n\u00e3o registrou incidentes e transcorreu dentro da normalidade.<\/p>\n\n\n\n<p>Ainda conforme a superintend\u00eancia de Meio Ambiente, o espa\u00e7o que estava sendo usado para cria\u00e7\u00e3o de bovinos ser\u00e1 revitalizado e constru\u00eddo um Parque Urbano para garantir mais qualidade de vida para popula\u00e7\u00e3o.<\/p>\n\n\n\n<div class=\"wp-block-image\"><figure class=\"aligncenter is-resized\"><img data-recalc-dims=\"1\" decoding=\"async\" src=\"https:\/\/i0.wp.com\/blogdoeloiltoncajuhy.com.br\/site\/wp-content\/uploads\/2019\/01\/PMSB_ReintegracaoBonfimTres02.jpg?resize=512%2C288\" alt=\"\" class=\"wp-image-30662\" width=\"512\" height=\"288\" srcset=\"https:\/\/i0.wp.com\/blogdoeloiltoncajuhy.com.br\/site\/wp-content\/uploads\/2019\/01\/PMSB_ReintegracaoBonfimTres02.jpg?w=1024&amp;ssl=1 1024w, https:\/\/i0.wp.com\/blogdoeloiltoncajuhy.com.br\/site\/wp-content\/uploads\/2019\/01\/PMSB_ReintegracaoBonfimTres02.jpg?resize=300%2C169&amp;ssl=1 300w, https:\/\/i0.wp.com\/blogdoeloiltoncajuhy.com.br\/site\/wp-content\/uploads\/2019\/01\/PMSB_ReintegracaoBonfimTres02.jpg?resize=768%2C432&amp;ssl=1 768w, https:\/\/i0.wp.com\/blogdoeloiltoncajuhy.com.br\/site\/wp-content\/uploads\/2019\/01\/PMSB_ReintegracaoBonfimTres02.jpg?resize=250%2C141&amp;ssl=1 250w\" sizes=\"(max-width: 512px) 100vw, 512px\" \/><\/figure><\/div>\n\n\n\n<p><strong><em>ASCOM &#8211; Prefeitura Municipal de Senhor do Bonfim &#8211; BA<\/em><\/strong><br><em>Telefones: 74 3541-8366<br>Endere\u00e7o: Pra\u00e7a Juracy Magalh\u00e3es, 126<br>E-MAIL: ascom@pmsb.ba.gov.br   <br>SITE OFICIAL: www.pmsb.ba.gov.br<br>FAN PAGE: www.facebook.com\/oficialpmsb<\/em><\/p>\n","protected":false},"excerpt":{"rendered":"<p>Na manh\u00e3 desta quinta-feira, 10 de janeiro, uma equipe da Secretaria de Meio Ambiente da Prefeitura de Senhor do Bonfim, comandada pela superintendente Bernadeth Rocha, esteve no Conjunto Habitacional Bonfim III \u2013 Grande Olaria, para realizar reintegra\u00e7\u00e3o de posse em um terreno p\u00fablico do munic\u00edpio. A Prefeitura, juntamente com policias do 6\u00ba Batalh\u00e3o de Pol\u00edcia [&hellip;]<\/p>\n","protected":false},"author":2,"featured_media":30662,"comment_status":"open","ping_status":"open","sticky":false,"template":"","format":"standard","meta":{"_acf_changed":false,"_monsterinsights_skip_tracking":false,"_monsterinsights_sitenote_active":false,"_monsterinsights_sitenote_note":"","_monsterinsights_sitenote_category":0,"_jetpack_memberships_contains_paid_content":false,"footnotes":"","jetpack_publicize_message":"","jetpack_publicize_feature_enabled":true,"jetpack_social_post_already_shared":true,"jetpack_social_options":{"image_generator_settings":{"template":"highway","default_image_id":0,"font":"","enabled":false},"version":2}},"categories":[1,3,4],"tags":[],"class_list":["post-30660","post","type-post","status-publish","format-standard","has-post-thumbnail","hentry","category-noticias","category-politica","category-local"],"acf":[],"jetpack_publicize_connections":[],"jetpack_featured_media_url":"https:\/\/i0.wp.com\/blogdoeloiltoncajuhy.com.br\/site\/wp-content\/uploads\/2019\/01\/PMSB_ReintegracaoBonfimTres02.jpg?fit=1024%2C576&ssl=1","jetpack_sharing_enabled":true,"publishpress_future_workflow_manual_trigger":{"enabledWorkflows":[]},"_links":{"self":[{"href":"https:\/\/blogdoeloiltoncajuhy.com.br\/site\/wp-json\/wp\/v2\/posts\/30660","targetHints":{"allow":["GET"]}}],"collection":[{"href":"https:\/\/blogdoeloiltoncajuhy.com.br\/site\/wp-json\/wp\/v2\/posts"}],"about":[{"href":"https:\/\/blogdoeloiltoncajuhy.com.br\/site\/wp-json\/wp\/v2\/types\/post"}],"author":[{"embeddable":true,"href":"https:\/\/blogdoeloiltoncajuhy.com.br\/site\/wp-json\/wp\/v2\/users\/2"}],"replies":[{"embeddable":true,"href":"https:\/\/blogdoeloiltoncajuhy.com.br\/site\/wp-json\/wp\/v2\/comments?post=30660"}],"version-history":[{"count":1,"href":"https:\/\/blogdoeloiltoncajuhy.com.br\/site\/wp-json\/wp\/v2\/posts\/30660\/revisions"}],"predecessor-version":[{"id":30663,"href":"https:\/\/blogdoeloiltoncajuhy.com.br\/site\/wp-json\/wp\/v2\/posts\/30660\/revisions\/30663"}],"wp:featuredmedia":[{"embeddable":true,"href":"https:\/\/blogdoeloiltoncajuhy.com.br\/site\/wp-json\/wp\/v2\/media\/30662"}],"wp:attachment":[{"href":"https:\/\/blogdoeloiltoncajuhy.com.br\/site\/wp-json\/wp\/v2\/media?parent=30660"}],"wp:term":[{"taxonomy":"category","embeddable":true,"href":"https:\/\/blogdoeloiltoncajuhy.com.br\/site\/wp-json\/wp\/v2\/categories?post=30660"},{"taxonomy":"post_tag","embeddable":true,"href":"https:\/\/blogdoeloiltoncajuhy.com.br\/site\/wp-json\/wp\/v2\/tags?post=30660"}],"curies":[{"name":"wp","href":"https:\/\/api.w.org\/{rel}","templated":true}]}}