{"id":30642,"date":"2019-01-10T12:26:43","date_gmt":"2019-01-10T15:26:43","guid":{"rendered":"http:\/\/blogdoeloiltoncajuhy.com.br\/site\/?p=30642"},"modified":"2019-01-10T12:26:49","modified_gmt":"2019-01-10T15:26:49","slug":"prazo-para-matriculas-na-rede-municipal-de-andorinha-segue-ate-dia-18","status":"publish","type":"post","link":"https:\/\/blogdoeloiltoncajuhy.com.br\/site\/prazo-para-matriculas-na-rede-municipal-de-andorinha-segue-ate-dia-18\/","title":{"rendered":"Prazo para matr\u00edculas na rede municipal de Andorinha segue at\u00e9 dia 18"},"content":{"rendered":"\n<div class=\"wp-block-image\"><figure class=\"aligncenter is-resized\"><img data-recalc-dims=\"1\" fetchpriority=\"high\" decoding=\"async\" src=\"https:\/\/i0.wp.com\/blogdoeloiltoncajuhy.com.br\/site\/wp-content\/uploads\/2019\/01\/matriculas-2019.png?resize=467%2C306\" alt=\"\" class=\"wp-image-30643\" width=\"467\" height=\"306\" srcset=\"https:\/\/i0.wp.com\/blogdoeloiltoncajuhy.com.br\/site\/wp-content\/uploads\/2019\/01\/matriculas-2019.png?w=623&amp;ssl=1 623w, https:\/\/i0.wp.com\/blogdoeloiltoncajuhy.com.br\/site\/wp-content\/uploads\/2019\/01\/matriculas-2019.png?resize=300%2C196&amp;ssl=1 300w, https:\/\/i0.wp.com\/blogdoeloiltoncajuhy.com.br\/site\/wp-content\/uploads\/2019\/01\/matriculas-2019.png?resize=250%2C164&amp;ssl=1 250w\" sizes=\"(max-width: 467px) 100vw, 467px\" \/><\/figure><\/div>\n\n\n\n<p>Segue at\u00e9 o dia 18 de janeiro (sexta-feira) o prazo para pais ou respons\u00e1veis realizarem a matr\u00edcula dos estudantes nas escolas da Rede Municipal de Ensino de Andorinha.<\/p>\n\n\n\n<p>As matr\u00edculas est\u00e3o acontecendo nas unidades escolares das 07h30 \u00e0s 12h (matutino), das 13h \u00e0s 17h30 (vespertino), e das 18h30 \u00e0s 22h (noturno), exceto matr\u00edculas na Escola Municipal de Caldeir\u00e3o da Vaca, Cara\u00edba, Tanque Novo e Tanquinho do Po\u00e7o, que est\u00e3o sendo realizadas na Secretaria Municipal de Educa\u00e7\u00e3o, localizada  na Rua Princesa Isabel, s\/n\u00ba, centro.<\/p>\n\n\n\n<p>Os documentos necess\u00e1rios para a matr\u00edcula s\u00e3o os seguintes: hist\u00f3rico escolar (original) ou atestado de escolaridade; original e c\u00f3pia da certid\u00e3o de registro civil ou c\u00e9dula de identidade para fins de confer\u00eancia; cart\u00e3o de vacina atualizado (c\u00f3pia); comprovante de resid\u00eancia e duas fotos 3&#215;4 (iguais e recentes).<\/p>\n\n\n\n<p><strong>Ascom &#8211; Prefeitura Municipal de Andorinha-BA<\/strong><\/p>\n","protected":false},"excerpt":{"rendered":"<p>Segue at\u00e9 o dia 18 de janeiro (sexta-feira) o prazo para pais ou respons\u00e1veis realizarem a matr\u00edcula dos estudantes nas escolas da Rede Municipal de Ensino de Andorinha. As matr\u00edculas est\u00e3o acontecendo nas unidades escolares das 07h30 \u00e0s 12h (matutino), das 13h \u00e0s 17h30 (vespertino), e das 18h30 \u00e0s 22h (noturno), exceto matr\u00edculas na Escola [&hellip;]<\/p>\n","protected":false},"author":2,"featured_media":30643,"comment_status":"open","ping_status":"open","sticky":false,"template":"","format":"standard","meta":{"_acf_changed":false,"_monsterinsights_skip_tracking":false,"_monsterinsights_sitenote_active":false,"_monsterinsights_sitenote_note":"","_monsterinsights_sitenote_category":0,"_jetpack_memberships_contains_paid_content":false,"footnotes":"","jetpack_publicize_message":"","jetpack_publicize_feature_enabled":true,"jetpack_social_post_already_shared":true,"jetpack_social_options":{"image_generator_settings":{"template":"highway","default_image_id":0,"font":"","enabled":false},"version":2}},"categories":[14,1,11],"tags":[],"class_list":["post-30642","post","type-post","status-publish","format-standard","has-post-thumbnail","hentry","category-educacao","category-noticias","category-regional"],"acf":[],"jetpack_publicize_connections":[],"jetpack_featured_media_url":"https:\/\/i0.wp.com\/blogdoeloiltoncajuhy.com.br\/site\/wp-content\/uploads\/2019\/01\/matriculas-2019.png?fit=623%2C408&ssl=1","jetpack_sharing_enabled":true,"publishpress_future_workflow_manual_trigger":{"enabledWorkflows":[]},"_links":{"self":[{"href":"https:\/\/blogdoeloiltoncajuhy.com.br\/site\/wp-json\/wp\/v2\/posts\/30642","targetHints":{"allow":["GET"]}}],"collection":[{"href":"https:\/\/blogdoeloiltoncajuhy.com.br\/site\/wp-json\/wp\/v2\/posts"}],"about":[{"href":"https:\/\/blogdoeloiltoncajuhy.com.br\/site\/wp-json\/wp\/v2\/types\/post"}],"author":[{"embeddable":true,"href":"https:\/\/blogdoeloiltoncajuhy.com.br\/site\/wp-json\/wp\/v2\/users\/2"}],"replies":[{"embeddable":true,"href":"https:\/\/blogdoeloiltoncajuhy.com.br\/site\/wp-json\/wp\/v2\/comments?post=30642"}],"version-history":[{"count":1,"href":"https:\/\/blogdoeloiltoncajuhy.com.br\/site\/wp-json\/wp\/v2\/posts\/30642\/revisions"}],"predecessor-version":[{"id":30644,"href":"https:\/\/blogdoeloiltoncajuhy.com.br\/site\/wp-json\/wp\/v2\/posts\/30642\/revisions\/30644"}],"wp:featuredmedia":[{"embeddable":true,"href":"https:\/\/blogdoeloiltoncajuhy.com.br\/site\/wp-json\/wp\/v2\/media\/30643"}],"wp:attachment":[{"href":"https:\/\/blogdoeloiltoncajuhy.com.br\/site\/wp-json\/wp\/v2\/media?parent=30642"}],"wp:term":[{"taxonomy":"category","embeddable":true,"href":"https:\/\/blogdoeloiltoncajuhy.com.br\/site\/wp-json\/wp\/v2\/categories?post=30642"},{"taxonomy":"post_tag","embeddable":true,"href":"https:\/\/blogdoeloiltoncajuhy.com.br\/site\/wp-json\/wp\/v2\/tags?post=30642"}],"curies":[{"name":"wp","href":"https:\/\/api.w.org\/{rel}","templated":true}]}}