{"id":30635,"date":"2019-01-09T20:01:38","date_gmt":"2019-01-09T23:01:38","guid":{"rendered":"http:\/\/blogdoeloiltoncajuhy.com.br\/site\/?p=30635"},"modified":"2019-01-09T20:01:45","modified_gmt":"2019-01-09T23:01:45","slug":"confira-a-novena-da-festa-do-senhor-do-bonfim-desta-quinta-feira-10","status":"publish","type":"post","link":"https:\/\/blogdoeloiltoncajuhy.com.br\/site\/confira-a-novena-da-festa-do-senhor-do-bonfim-desta-quinta-feira-10\/","title":{"rendered":"Confira a novena da Festa do Senhor do Bonfim desta quinta-feira, 10."},"content":{"rendered":"\n<div class=\"wp-block-image\"><figure class=\"aligncenter is-resized\"><img data-recalc-dims=\"1\" fetchpriority=\"high\" decoding=\"async\" src=\"https:\/\/i0.wp.com\/blogdoeloiltoncajuhy.com.br\/site\/wp-content\/uploads\/2019\/01\/FestaSenhorBonfim2019_01.jpg?resize=213%2C300\" alt=\"\" class=\"wp-image-30442\" width=\"213\" height=\"300\" srcset=\"https:\/\/i0.wp.com\/blogdoeloiltoncajuhy.com.br\/site\/wp-content\/uploads\/2019\/01\/FestaSenhorBonfim2019_01.jpg?w=426&amp;ssl=1 426w, https:\/\/i0.wp.com\/blogdoeloiltoncajuhy.com.br\/site\/wp-content\/uploads\/2019\/01\/FestaSenhorBonfim2019_01.jpg?resize=213%2C300&amp;ssl=1 213w, https:\/\/i0.wp.com\/blogdoeloiltoncajuhy.com.br\/site\/wp-content\/uploads\/2019\/01\/FestaSenhorBonfim2019_01.jpg?resize=178%2C250&amp;ssl=1 178w\" sizes=\"(max-width: 213px) 100vw, 213px\" \/><\/figure><\/div>\n\n\n\n<p>A Par\u00f3quia do Senhor do Bonfim realiza nesta quinta-feira (10), mais uma novena preparat\u00f3ria para a grande festa do padroeiro de nossa cidade. Todas as noites ap\u00f3s a novena, tem quermesse e show musical em frente \u00e0 Catedral Diocesana.<\/p>\n\n\n\n<p><strong>Confira a programa\u00e7\u00e3o desta quinta-feira:<\/strong><\/p>\n\n\n\n<div class=\"wp-block-image\"><figure class=\"aligncenter is-resized\"><img data-recalc-dims=\"1\" decoding=\"async\" src=\"https:\/\/i0.wp.com\/blogdoeloiltoncajuhy.com.br\/site\/wp-content\/uploads\/2019\/01\/FestaSenhorBonfim2019_02.jpg?resize=480%2C267\" alt=\"\" class=\"wp-image-30636\" width=\"480\" height=\"267\" srcset=\"https:\/\/i0.wp.com\/blogdoeloiltoncajuhy.com.br\/site\/wp-content\/uploads\/2019\/01\/FestaSenhorBonfim2019_02.jpg?w=417&amp;ssl=1 417w, https:\/\/i0.wp.com\/blogdoeloiltoncajuhy.com.br\/site\/wp-content\/uploads\/2019\/01\/FestaSenhorBonfim2019_02.jpg?resize=300%2C167&amp;ssl=1 300w, https:\/\/i0.wp.com\/blogdoeloiltoncajuhy.com.br\/site\/wp-content\/uploads\/2019\/01\/FestaSenhorBonfim2019_02.jpg?resize=250%2C139&amp;ssl=1 250w\" sizes=\"(max-width: 480px) 100vw, 480px\" \/><\/figure><\/div>\n\n\n\n<p>No dia 17 de janeiro, Festa do Senhor do Bonfim, feriado municipal, haver\u00e1 missa e prociss\u00e3o. Em seguida, o sorteio da campanha Show de Pr\u00eamios, cuja renda ser\u00e1 destinada para a reforma da Catedral.<\/p>\n\n\n\n<p><strong>BLOG DO ELOILTON CAJUHY<\/strong><\/p>\n","protected":false},"excerpt":{"rendered":"<p>A Par\u00f3quia do Senhor do Bonfim realiza nesta quinta-feira (10), mais uma novena preparat\u00f3ria para a grande festa do padroeiro de nossa cidade. Todas as noites ap\u00f3s a novena, tem quermesse e show musical em frente \u00e0 Catedral Diocesana. Confira a programa\u00e7\u00e3o desta quinta-feira: No dia 17 de janeiro, Festa do Senhor do Bonfim, feriado [&hellip;]<\/p>\n","protected":false},"author":2,"featured_media":30636,"comment_status":"open","ping_status":"open","sticky":false,"template":"","format":"standard","meta":{"_acf_changed":false,"_monsterinsights_skip_tracking":false,"_monsterinsights_sitenote_active":false,"_monsterinsights_sitenote_note":"","_monsterinsights_sitenote_category":0,"_jetpack_memberships_contains_paid_content":false,"footnotes":"","jetpack_publicize_message":"","jetpack_publicize_feature_enabled":true,"jetpack_social_post_already_shared":true,"jetpack_social_options":{"image_generator_settings":{"template":"highway","default_image_id":0,"font":"","enabled":false},"version":2}},"categories":[1,4],"tags":[],"class_list":["post-30635","post","type-post","status-publish","format-standard","has-post-thumbnail","hentry","category-noticias","category-local"],"acf":[],"jetpack_publicize_connections":[],"jetpack_featured_media_url":"https:\/\/i0.wp.com\/blogdoeloiltoncajuhy.com.br\/site\/wp-content\/uploads\/2019\/01\/FestaSenhorBonfim2019_02.jpg?fit=417%2C232&ssl=1","jetpack_sharing_enabled":true,"publishpress_future_workflow_manual_trigger":{"enabledWorkflows":[]},"_links":{"self":[{"href":"https:\/\/blogdoeloiltoncajuhy.com.br\/site\/wp-json\/wp\/v2\/posts\/30635","targetHints":{"allow":["GET"]}}],"collection":[{"href":"https:\/\/blogdoeloiltoncajuhy.com.br\/site\/wp-json\/wp\/v2\/posts"}],"about":[{"href":"https:\/\/blogdoeloiltoncajuhy.com.br\/site\/wp-json\/wp\/v2\/types\/post"}],"author":[{"embeddable":true,"href":"https:\/\/blogdoeloiltoncajuhy.com.br\/site\/wp-json\/wp\/v2\/users\/2"}],"replies":[{"embeddable":true,"href":"https:\/\/blogdoeloiltoncajuhy.com.br\/site\/wp-json\/wp\/v2\/comments?post=30635"}],"version-history":[{"count":1,"href":"https:\/\/blogdoeloiltoncajuhy.com.br\/site\/wp-json\/wp\/v2\/posts\/30635\/revisions"}],"predecessor-version":[{"id":30637,"href":"https:\/\/blogdoeloiltoncajuhy.com.br\/site\/wp-json\/wp\/v2\/posts\/30635\/revisions\/30637"}],"wp:featuredmedia":[{"embeddable":true,"href":"https:\/\/blogdoeloiltoncajuhy.com.br\/site\/wp-json\/wp\/v2\/media\/30636"}],"wp:attachment":[{"href":"https:\/\/blogdoeloiltoncajuhy.com.br\/site\/wp-json\/wp\/v2\/media?parent=30635"}],"wp:term":[{"taxonomy":"category","embeddable":true,"href":"https:\/\/blogdoeloiltoncajuhy.com.br\/site\/wp-json\/wp\/v2\/categories?post=30635"},{"taxonomy":"post_tag","embeddable":true,"href":"https:\/\/blogdoeloiltoncajuhy.com.br\/site\/wp-json\/wp\/v2\/tags?post=30635"}],"curies":[{"name":"wp","href":"https:\/\/api.w.org\/{rel}","templated":true}]}}