{"id":30630,"date":"2019-01-09T19:27:06","date_gmt":"2019-01-09T22:27:06","guid":{"rendered":"http:\/\/blogdoeloiltoncajuhy.com.br\/site\/?p=30630"},"modified":"2019-01-09T19:27:12","modified_gmt":"2019-01-09T22:27:12","slug":"defensoria-publica-da-uniao-explica-como-funciona-o-auxilio-reclusao","status":"publish","type":"post","link":"https:\/\/blogdoeloiltoncajuhy.com.br\/site\/defensoria-publica-da-uniao-explica-como-funciona-o-auxilio-reclusao\/","title":{"rendered":"Defensoria P\u00fablica da Uni\u00e3o explica como funciona o Aux\u00edlio Reclus\u00e3o"},"content":{"rendered":"\n<div class=\"wp-block-image\"><figure class=\"aligncenter is-resized\"><img data-recalc-dims=\"1\" fetchpriority=\"high\" decoding=\"async\" src=\"https:\/\/i0.wp.com\/blogdoeloiltoncajuhy.com.br\/site\/wp-content\/uploads\/2019\/01\/DPU_auxilio-reclusao.jpg?resize=400%2C400\" alt=\"\" class=\"wp-image-30631\" width=\"400\" height=\"400\" srcset=\"https:\/\/i0.wp.com\/blogdoeloiltoncajuhy.com.br\/site\/wp-content\/uploads\/2019\/01\/DPU_auxilio-reclusao.jpg?w=960&amp;ssl=1 960w, https:\/\/i0.wp.com\/blogdoeloiltoncajuhy.com.br\/site\/wp-content\/uploads\/2019\/01\/DPU_auxilio-reclusao.jpg?resize=150%2C150&amp;ssl=1 150w, https:\/\/i0.wp.com\/blogdoeloiltoncajuhy.com.br\/site\/wp-content\/uploads\/2019\/01\/DPU_auxilio-reclusao.jpg?resize=300%2C300&amp;ssl=1 300w, https:\/\/i0.wp.com\/blogdoeloiltoncajuhy.com.br\/site\/wp-content\/uploads\/2019\/01\/DPU_auxilio-reclusao.jpg?resize=768%2C768&amp;ssl=1 768w, https:\/\/i0.wp.com\/blogdoeloiltoncajuhy.com.br\/site\/wp-content\/uploads\/2019\/01\/DPU_auxilio-reclusao.jpg?resize=250%2C250&amp;ssl=1 250w, https:\/\/i0.wp.com\/blogdoeloiltoncajuhy.com.br\/site\/wp-content\/uploads\/2019\/01\/DPU_auxilio-reclusao.jpg?resize=48%2C48&amp;ssl=1 48w\" sizes=\"(max-width: 400px) 100vw, 400px\" \/><\/figure><\/div>\n\n\n\n<p>Diante de v\u00e1rias postagens e coment\u00e1rios em redes sociais, sobre o Aux\u00edlio Reclus\u00e3o, a Defensoria P\u00fablica da Uni\u00e3o (DPU), decidiu postar em seu site uma nota esclarecendo como, de fato, funciona o benef\u00edcio, que \u00e9 destinado \u00e0s fam\u00edlias de detentos.<\/p>\n\n\n\n<p>Muito criticado por internautas, e com a possibilidade de ser extinto pelo atual governo de Jair Bolsonaro, a DPU informa que h\u00e1 uma s\u00e9rie de crit\u00e9rios para que o benef\u00edcio seja concedido. Segundo o \u00f3rg\u00e3o, o aux\u00edlio-reclus\u00e3o n\u00e3o tem natureza assistencial ou de bolsa.<\/p>\n\n\n\n<p><strong>Confira a \u00edntegra da nota:<\/strong><\/p>\n\n\n\n<p><em>Entenda o que \u00e9 o aux\u00edlio-reclus\u00e3o<\/em><\/p>\n\n\n\n<ol class=\"wp-block-list\"><li><em>O aux\u00edlio-reclus\u00e3o \u00e9 um benef\u00edcio previdenci\u00e1rio tempor\u00e1rio, com dura\u00e7\u00e3o vari\u00e1vel a depender do benefici\u00e1rio, que pode ser concedido \u00e0 fam\u00edlia do trabalhador de baixa renda que esteja preso em regime fechado ou semiaberto, ou, ainda em pris\u00e3o provis\u00f3ria. H\u00e1 v\u00e1rias regras que garantem esse benef\u00edcio. A primeira delas \u00e9 que a pessoa seja segurada do Instituto Nacional do Seguro Social (INSS). Para isso, deve contribuir todo m\u00eas com a Previd\u00eancia Social. O aux\u00edlio-reclus\u00e3o n\u00e3o tem, portanto, natureza assistencial ou de bolsa.<\/em><\/li><li><em>O pagamento do benef\u00edcio n\u00e3o \u00e9 feito \u00e0 pessoa que est\u00e1 presa, mas sim para seus dependentes, que podem ser esposa ou marido, companheiro ou companheira, al\u00e9m dos filhos menores de 21 anos ou inv\u00e1lidos.<\/em><\/li><li><em>O valor total \u00e9 dividido entre todos os dependentes, pois esse \u00e9 o objetivo da concess\u00e3o do aux\u00edlio: amparar a fam\u00edlia do segurado do INSS preso, durante o per\u00edodo de reclus\u00e3o ou deten\u00e7\u00e3o.<\/em><\/li><li><em>Os dependentes s\u00f3 t\u00eam direito ao aux\u00edlio-reclus\u00e3o nos casos em que o trabalhador preso recebesse antes de sua pris\u00e3o o m\u00e1ximo de R$ 1.319,18. Esse valor \u00e9 revisado periodicamente por meio de portaria do governo federal. Quem teve o \u00faltimo sal\u00e1rio acima do valor limite estabelecido, n\u00e3o tem direito ao benef\u00edcio.<\/em><\/li><li><em>O pedido do aux\u00edlio deve ser feito diretamente ao INSS. \u00c9 importante ter em m\u00e3os documentos de identifica\u00e7\u00e3o e o CPF do dependente e da pessoa presa. Para dar entrada no pedido do benef\u00edcio, o dependente da pessoa presa tamb\u00e9m precisa apresentar certid\u00e3o atualizada<\/em> <em>completa trazendo todo hist\u00f3rico da pris\u00e3o desde o recolhimento.<\/em><\/li><li><em>Caso haja negativa por parte do INSS, a DPU pode ajudar a resolver o problema de forma administrativa ou, caso seja necess\u00e1rio, por meio de a\u00e7\u00e3o judicial.<\/em><\/li><\/ol>\n\n\n\n<p><em>Assessoria de Comunica\u00e7\u00e3o Social <br>Defensoria P\u00fablica da Uni\u00e3o<\/em><\/p>\n\n\n\n<p><strong>BLOG DO ELOILTON CAJUHY<\/strong><\/p>\n","protected":false},"excerpt":{"rendered":"<p>Diante de v\u00e1rias postagens e coment\u00e1rios em redes sociais, sobre o Aux\u00edlio Reclus\u00e3o, a Defensoria P\u00fablica da Uni\u00e3o (DPU), decidiu postar em seu site uma nota esclarecendo como, de fato, funciona o benef\u00edcio, que \u00e9 destinado \u00e0s fam\u00edlias de detentos. Muito criticado por internautas, e com a possibilidade de ser extinto pelo atual governo de [&hellip;]<\/p>\n","protected":false},"author":2,"featured_media":30631,"comment_status":"open","ping_status":"open","sticky":false,"template":"","format":"standard","meta":{"_acf_changed":false,"_monsterinsights_skip_tracking":false,"_monsterinsights_sitenote_active":false,"_monsterinsights_sitenote_note":"","_monsterinsights_sitenote_category":0,"_jetpack_memberships_contains_paid_content":false,"footnotes":"","jetpack_publicize_message":"","jetpack_publicize_feature_enabled":true,"jetpack_social_post_already_shared":true,"jetpack_social_options":{"image_generator_settings":{"template":"highway","default_image_id":0,"font":"","enabled":false},"version":2}},"categories":[5,1],"tags":[],"class_list":["post-30630","post","type-post","status-publish","format-standard","has-post-thumbnail","hentry","category-cotidiano","category-noticias"],"acf":[],"jetpack_publicize_connections":[],"jetpack_featured_media_url":"https:\/\/i0.wp.com\/blogdoeloiltoncajuhy.com.br\/site\/wp-content\/uploads\/2019\/01\/DPU_auxilio-reclusao.jpg?fit=960%2C960&ssl=1","jetpack_sharing_enabled":true,"publishpress_future_workflow_manual_trigger":{"enabledWorkflows":[]},"_links":{"self":[{"href":"https:\/\/blogdoeloiltoncajuhy.com.br\/site\/wp-json\/wp\/v2\/posts\/30630","targetHints":{"allow":["GET"]}}],"collection":[{"href":"https:\/\/blogdoeloiltoncajuhy.com.br\/site\/wp-json\/wp\/v2\/posts"}],"about":[{"href":"https:\/\/blogdoeloiltoncajuhy.com.br\/site\/wp-json\/wp\/v2\/types\/post"}],"author":[{"embeddable":true,"href":"https:\/\/blogdoeloiltoncajuhy.com.br\/site\/wp-json\/wp\/v2\/users\/2"}],"replies":[{"embeddable":true,"href":"https:\/\/blogdoeloiltoncajuhy.com.br\/site\/wp-json\/wp\/v2\/comments?post=30630"}],"version-history":[{"count":1,"href":"https:\/\/blogdoeloiltoncajuhy.com.br\/site\/wp-json\/wp\/v2\/posts\/30630\/revisions"}],"predecessor-version":[{"id":30632,"href":"https:\/\/blogdoeloiltoncajuhy.com.br\/site\/wp-json\/wp\/v2\/posts\/30630\/revisions\/30632"}],"wp:featuredmedia":[{"embeddable":true,"href":"https:\/\/blogdoeloiltoncajuhy.com.br\/site\/wp-json\/wp\/v2\/media\/30631"}],"wp:attachment":[{"href":"https:\/\/blogdoeloiltoncajuhy.com.br\/site\/wp-json\/wp\/v2\/media?parent=30630"}],"wp:term":[{"taxonomy":"category","embeddable":true,"href":"https:\/\/blogdoeloiltoncajuhy.com.br\/site\/wp-json\/wp\/v2\/categories?post=30630"},{"taxonomy":"post_tag","embeddable":true,"href":"https:\/\/blogdoeloiltoncajuhy.com.br\/site\/wp-json\/wp\/v2\/tags?post=30630"}],"curies":[{"name":"wp","href":"https:\/\/api.w.org\/{rel}","templated":true}]}}