{"id":30618,"date":"2019-01-09T10:53:44","date_gmt":"2019-01-09T13:53:44","guid":{"rendered":"http:\/\/blogdoeloiltoncajuhy.com.br\/site\/?p=30618"},"modified":"2019-01-09T10:53:50","modified_gmt":"2019-01-09T13:53:50","slug":"prefeitura-de-jaguarari-inicia-recadastramento-de-servidores-municipais","status":"publish","type":"post","link":"https:\/\/blogdoeloiltoncajuhy.com.br\/site\/prefeitura-de-jaguarari-inicia-recadastramento-de-servidores-municipais\/","title":{"rendered":"Prefeitura de Jaguarari inicia recadastramento de servidores municipais"},"content":{"rendered":"\n<div class=\"wp-block-image\"><figure class=\"aligncenter is-resized\"><img data-recalc-dims=\"1\" fetchpriority=\"high\" decoding=\"async\" src=\"https:\/\/i0.wp.com\/blogdoeloiltoncajuhy.com.br\/site\/wp-content\/uploads\/2019\/01\/JaguarariRecadastramento.jpg?resize=380%2C383\" alt=\"\" class=\"wp-image-30619\" width=\"380\" height=\"383\" srcset=\"https:\/\/i0.wp.com\/blogdoeloiltoncajuhy.com.br\/site\/wp-content\/uploads\/2019\/01\/JaguarariRecadastramento.jpg?w=507&amp;ssl=1 507w, https:\/\/i0.wp.com\/blogdoeloiltoncajuhy.com.br\/site\/wp-content\/uploads\/2019\/01\/JaguarariRecadastramento.jpg?resize=150%2C150&amp;ssl=1 150w, https:\/\/i0.wp.com\/blogdoeloiltoncajuhy.com.br\/site\/wp-content\/uploads\/2019\/01\/JaguarariRecadastramento.jpg?resize=298%2C300&amp;ssl=1 298w, https:\/\/i0.wp.com\/blogdoeloiltoncajuhy.com.br\/site\/wp-content\/uploads\/2019\/01\/JaguarariRecadastramento.jpg?resize=48%2C48&amp;ssl=1 48w\" sizes=\"(max-width: 380px) 100vw, 380px\" \/><\/figure><\/div>\n\n\n\n<p>A Prefeitura de Jaguarari realiza a partir desta quarta-feira, 09 de janeiro, o recadastramento dos servidores p\u00fablicos municipais efetivos que estejam lotados na Secretaria de Administra\u00e7\u00e3o, inclusive para servidores que se encontram afastados por qualquer motivo (licen\u00e7a m\u00e9dica, licen\u00e7a maternidade, licen\u00e7a sem vencimentos).<\/p>\n\n\n\n<p>A atualiza\u00e7\u00e3o dos dados cadastrais dos servidores acontecer\u00e1 at\u00e9 o dia 25 de janeiro sempre em dias \u00fateis, de segunda-feira a sexta-feira, das 8h \u00e0s 17h no pr\u00e9dio da prefeitura, na Secretaria de Administra\u00e7\u00e3o. <\/p>\n\n\n\n<p>O recadastramento \u00e9 obrigat\u00f3rio e deve ser realizado de forma presencial. No ato do recadastramento, o servidor dever\u00e1 comparecer munido dos documentos pessoais: RG e CPF. Contamos com a compreens\u00e3o de todos.<\/p>\n\n\n\n<p><em><strong>ASCOM \u2013 Prefeitura de Jaguarari<\/strong><\/em><\/p>\n","protected":false},"excerpt":{"rendered":"<p>A Prefeitura de Jaguarari realiza a partir desta quarta-feira, 09 de janeiro, o recadastramento dos servidores p\u00fablicos municipais efetivos que estejam lotados na Secretaria de Administra\u00e7\u00e3o, inclusive para servidores que se encontram afastados por qualquer motivo (licen\u00e7a m\u00e9dica, licen\u00e7a maternidade, licen\u00e7a sem vencimentos). A atualiza\u00e7\u00e3o dos dados cadastrais dos servidores acontecer\u00e1 at\u00e9 o dia 25 [&hellip;]<\/p>\n","protected":false},"author":2,"featured_media":30619,"comment_status":"open","ping_status":"open","sticky":false,"template":"","format":"standard","meta":{"_acf_changed":false,"_monsterinsights_skip_tracking":false,"_monsterinsights_sitenote_active":false,"_monsterinsights_sitenote_note":"","_monsterinsights_sitenote_category":0,"_jetpack_memberships_contains_paid_content":false,"footnotes":"","jetpack_publicize_message":"","jetpack_publicize_feature_enabled":true,"jetpack_social_post_already_shared":true,"jetpack_social_options":{"image_generator_settings":{"template":"highway","default_image_id":0,"font":"","enabled":false},"version":2}},"categories":[1,3,11],"tags":[],"class_list":["post-30618","post","type-post","status-publish","format-standard","has-post-thumbnail","hentry","category-noticias","category-politica","category-regional"],"acf":[],"jetpack_publicize_connections":[],"jetpack_featured_media_url":"https:\/\/i0.wp.com\/blogdoeloiltoncajuhy.com.br\/site\/wp-content\/uploads\/2019\/01\/JaguarariRecadastramento.jpg?fit=507%2C510&ssl=1","jetpack_sharing_enabled":true,"publishpress_future_workflow_manual_trigger":{"enabledWorkflows":[]},"_links":{"self":[{"href":"https:\/\/blogdoeloiltoncajuhy.com.br\/site\/wp-json\/wp\/v2\/posts\/30618","targetHints":{"allow":["GET"]}}],"collection":[{"href":"https:\/\/blogdoeloiltoncajuhy.com.br\/site\/wp-json\/wp\/v2\/posts"}],"about":[{"href":"https:\/\/blogdoeloiltoncajuhy.com.br\/site\/wp-json\/wp\/v2\/types\/post"}],"author":[{"embeddable":true,"href":"https:\/\/blogdoeloiltoncajuhy.com.br\/site\/wp-json\/wp\/v2\/users\/2"}],"replies":[{"embeddable":true,"href":"https:\/\/blogdoeloiltoncajuhy.com.br\/site\/wp-json\/wp\/v2\/comments?post=30618"}],"version-history":[{"count":1,"href":"https:\/\/blogdoeloiltoncajuhy.com.br\/site\/wp-json\/wp\/v2\/posts\/30618\/revisions"}],"predecessor-version":[{"id":30620,"href":"https:\/\/blogdoeloiltoncajuhy.com.br\/site\/wp-json\/wp\/v2\/posts\/30618\/revisions\/30620"}],"wp:featuredmedia":[{"embeddable":true,"href":"https:\/\/blogdoeloiltoncajuhy.com.br\/site\/wp-json\/wp\/v2\/media\/30619"}],"wp:attachment":[{"href":"https:\/\/blogdoeloiltoncajuhy.com.br\/site\/wp-json\/wp\/v2\/media?parent=30618"}],"wp:term":[{"taxonomy":"category","embeddable":true,"href":"https:\/\/blogdoeloiltoncajuhy.com.br\/site\/wp-json\/wp\/v2\/categories?post=30618"},{"taxonomy":"post_tag","embeddable":true,"href":"https:\/\/blogdoeloiltoncajuhy.com.br\/site\/wp-json\/wp\/v2\/tags?post=30618"}],"curies":[{"name":"wp","href":"https:\/\/api.w.org\/{rel}","templated":true}]}}