{"id":30614,"date":"2019-01-09T10:43:32","date_gmt":"2019-01-09T13:43:32","guid":{"rendered":"http:\/\/blogdoeloiltoncajuhy.com.br\/site\/?p=30614"},"modified":"2019-01-09T10:43:38","modified_gmt":"2019-01-09T13:43:38","slug":"divagacoes-sobre-literatura","status":"publish","type":"post","link":"https:\/\/blogdoeloiltoncajuhy.com.br\/site\/divagacoes-sobre-literatura\/","title":{"rendered":"Divaga\u00e7\u00f5es sobre literatura"},"content":{"rendered":"\n<p style=\"text-align:right\"><strong><em>*Por Edvan Cajuhy<\/em><\/strong><\/p>\n\n\n\n<div class=\"wp-block-image\"><figure class=\"aligncenter is-resized\"><img data-recalc-dims=\"1\" fetchpriority=\"high\" decoding=\"async\" src=\"https:\/\/i0.wp.com\/blogdoeloiltoncajuhy.com.br\/site\/wp-content\/uploads\/2019\/01\/EdvanCajuhy003.jpg?resize=509%2C383\" alt=\"\" class=\"wp-image-30615\" width=\"509\" height=\"383\" srcset=\"https:\/\/i0.wp.com\/blogdoeloiltoncajuhy.com.br\/site\/wp-content\/uploads\/2019\/01\/EdvanCajuhy003.jpg?w=679&amp;ssl=1 679w, https:\/\/i0.wp.com\/blogdoeloiltoncajuhy.com.br\/site\/wp-content\/uploads\/2019\/01\/EdvanCajuhy003.jpg?resize=300%2C226&amp;ssl=1 300w, https:\/\/i0.wp.com\/blogdoeloiltoncajuhy.com.br\/site\/wp-content\/uploads\/2019\/01\/EdvanCajuhy003.jpg?resize=250%2C188&amp;ssl=1 250w\" sizes=\"(max-width: 509px) 100vw, 509px\" \/><\/figure><\/div>\n\n\n\n<p>Come\u00e7o este texto citando Carlos Drummond de Andrade: <em>\u201cLutar com as palavras \u00e9 a luta mais v\u00e3\u201d<\/em>. Lutarei com as palavras, tentando us\u00e1-las da melhor forma, na esperan\u00e7a de conceituar ou discorrer sobre o que \u00e9 <em>LITERATURA<\/em>, um conceito sucinto, talvez n\u00e3o o esperado pelo o (instrutor) que me fez o desafio, mas um conceito, diria de uma pessoa que se encanta com as palavras, um amante daquilo que \u00e9 bom e belo, a arte (a literatura).<\/p>\n\n\n\n<p>Poder-se-ia dizer que o conceito de literatura \u00e9 muito amplo. \u00c9 um conjunto de obras escritas com uma est\u00e9tica art\u00edstica, onde o escritor, o literato, o criador da obra, est\u00e1 numa luta com as palavras, articulando-as da melhor maneira, transformando-as em versos e prosas, contos e f\u00e1bulas, poemas-poesias, est\u00f3rias, romances, obras.<\/p>\n\n\n\n<p>Obras que al\u00e9m de retratar estilos de uma \u00e9poca, retrata a vida de um povo, uma est\u00f3ria, bem como nos apresenta arte escrita, nos revelando mundos e personagens, reais ou imagin\u00e1rios, alegorias e imag\u00e9ticas com um estilo pr\u00f3prio de cada autor e o seu fazer com as palavras.<\/p>\n\n\n\n<p>Daquilo que j\u00e1 conhe\u00e7o, conceituaria a literatura como a express\u00e3o do que \u00e9 belo, arte, deslumbre para os olhos de quem as l\u00ea e alimento para as almas de quem as contempla. Vejamos o que diz o Minidicion\u00e1rio Luft, 1998 sobre o que seria literatura: <em>Arte de produzir obras liter\u00e1rias; conjunto de normas a que obedece a estrutura\u00e7\u00e3o das obras de arte verbal; conjunto de obras ou escritos liter\u00e1rios<\/em>.<\/p>\n\n\n\n<p>Sim, <em>\u201carte de produzir obras liter\u00e1rias\u201d<\/em> porque literatura \u00e9 arte, arte de articular palavras, arte de lapid\u00e1-las como o pedrista lapida as pedras brutas e as transforma em verdadeiras joias. As palavras nas m\u00e3os do escritor \u00e9 como o metal na m\u00e3o do ourives, deve ser como o ouro trabalhado, assim falou Olavo Bilac.<\/p>\n\n\n\n<p>Sim, <em>\u201cconjunto de normas\u201d<\/em>, normas da criatividade de quem escreve poemas, prosas, f\u00e1bulas, enfim tudo que abarca e comporta a literatura, os g\u00eaneros.<\/p>\n\n\n\n<p>Sim, <em>\u201cobedece \u00e0 estrutura\u00e7\u00e3o das obras de arte verbal\u201d<\/em>, pois os g\u00eaneros s\u00e3o diferentes e cada g\u00eanero tem uma estrutura\u00e7\u00e3o mas, o escritor, principalmente o poeta, \u00e9 livre. Na arte h\u00e1 liberdade criacional. Escrever \u00e9 arte, a arte \u00e9 a express\u00e3o do belo e a beleza de uma obra \u00e9 para ser apreciada, contemplada, sentida.<\/p>\n\n\n\n<p>Literatura \u00e9 o <em>\u201cconhecimento das belas-letras; o conjunto dos trabalhos liter\u00e1rios de um pa\u00eds ou de uma \u00e9poca\u201d<\/em>, expressa o Minidicion\u00e1rio de L\u00edngua Portuguesa de Silveira Bueno. Literatura \u00e9 o uso das palavras transformadas em arte, revelando \u00e9pocas, estilos, costumes, vestimentas, politica de uma sociedade e o seu cotidiano ou revelando mundos imagin\u00e1rios.<\/p>\n\n\n\n<div class=\"wp-block-image\"><figure class=\"aligncenter\"><img data-recalc-dims=\"1\" decoding=\"async\" width=\"282\" height=\"514\" src=\"https:\/\/i0.wp.com\/blogdoeloiltoncajuhy.com.br\/site\/wp-content\/uploads\/2019\/01\/EdvanCajuhy004.jpg?resize=282%2C514\" alt=\"\" class=\"wp-image-30616\" srcset=\"https:\/\/i0.wp.com\/blogdoeloiltoncajuhy.com.br\/site\/wp-content\/uploads\/2019\/01\/EdvanCajuhy004.jpg?w=282&amp;ssl=1 282w, https:\/\/i0.wp.com\/blogdoeloiltoncajuhy.com.br\/site\/wp-content\/uploads\/2019\/01\/EdvanCajuhy004.jpg?resize=165%2C300&amp;ssl=1 165w, https:\/\/i0.wp.com\/blogdoeloiltoncajuhy.com.br\/site\/wp-content\/uploads\/2019\/01\/EdvanCajuhy004.jpg?resize=137%2C250&amp;ssl=1 137w\" sizes=\"(max-width: 282px) 100vw, 282px\" \/><\/figure><\/div>\n\n\n\n<p>N\u00e3o tenho a certeza de ter conceituado bem a literatura. Mas, como diz Cecilia Meireles <em>\u201c(\u2026) as palavras t\u00eam uma estranha potencia\u201d<\/em>. Espero que as palavras com <em>\u201cestranha pot\u00eancia\u201d<\/em> tenham me feito expressar bem o conceito aqui discutido; ou como <em>\u201ccerta palavra (\u2026). \u00c9 a senha do mundo\u201d<\/em>, como diz Carlos Drummond de Andrade.<\/p>\n\n\n\n<p>Quem sabe estas minhas palavras aqui escritas pelas minhas pobres m\u00e3os s\u00e3o flu\u00eddas do meu humilde conhecimento e, que elas tenham sido a <em>\u201csenha\u201d<\/em> para descobrimos a magia da literatura. E assim, tenha eu conseguido com esfor\u00e7o conceitu\u00e1-la.<\/p>\n\n\n\n<p>Em suma, literatura \u00e9 a express\u00e3o da arte, arte expressa atrav\u00e9s da escrita em obras nos seus diversos g\u00eaneros e estilos.<\/p>\n\n\n\n<p>Exploremos as obras liter\u00e1rias, pratiquemos mais a leitura, conhe\u00e7amos os autores nacionais e internacionais, os antigos e os novos, conhe\u00e7amos os autores locais, devoremos suas obras, aprendamos com eles, viajemos nos seus mundos, conhe\u00e7amos seus personagens e sintamos a for\u00e7a de suas palavras, de seus poemas. Ler faz bem ao corpo, a alma e ao intelecto.<\/p>\n\n\n\n<p><strong><em>*Edvan Cajuhy &#8211; Presidente da Academia de Letras e Artes de Senhor do Bonfim (Aclasb)<\/em><\/strong><\/p>\n","protected":false},"excerpt":{"rendered":"<p>*Por Edvan Cajuhy Come\u00e7o este texto citando Carlos Drummond de Andrade: \u201cLutar com as palavras \u00e9 a luta mais v\u00e3\u201d. Lutarei com as palavras, tentando us\u00e1-las da melhor forma, na esperan\u00e7a de conceituar ou discorrer sobre o que \u00e9 LITERATURA, um conceito sucinto, talvez n\u00e3o o esperado pelo o (instrutor) que me fez o desafio, [&hellip;]<\/p>\n","protected":false},"author":2,"featured_media":30616,"comment_status":"open","ping_status":"open","sticky":false,"template":"","format":"standard","meta":{"_acf_changed":false,"_monsterinsights_skip_tracking":false,"_monsterinsights_sitenote_active":false,"_monsterinsights_sitenote_note":"","_monsterinsights_sitenote_category":0,"_jetpack_memberships_contains_paid_content":false,"footnotes":"","jetpack_publicize_message":"","jetpack_publicize_feature_enabled":true,"jetpack_social_post_already_shared":true,"jetpack_social_options":{"image_generator_settings":{"template":"highway","default_image_id":0,"font":"","enabled":false},"version":2}},"categories":[8,1],"tags":[],"class_list":["post-30614","post","type-post","status-publish","format-standard","has-post-thumbnail","hentry","category-cultura","category-noticias"],"acf":[],"jetpack_publicize_connections":[],"jetpack_featured_media_url":"https:\/\/i0.wp.com\/blogdoeloiltoncajuhy.com.br\/site\/wp-content\/uploads\/2019\/01\/EdvanCajuhy004.jpg?fit=282%2C514&ssl=1","jetpack_sharing_enabled":true,"publishpress_future_workflow_manual_trigger":{"enabledWorkflows":[]},"_links":{"self":[{"href":"https:\/\/blogdoeloiltoncajuhy.com.br\/site\/wp-json\/wp\/v2\/posts\/30614","targetHints":{"allow":["GET"]}}],"collection":[{"href":"https:\/\/blogdoeloiltoncajuhy.com.br\/site\/wp-json\/wp\/v2\/posts"}],"about":[{"href":"https:\/\/blogdoeloiltoncajuhy.com.br\/site\/wp-json\/wp\/v2\/types\/post"}],"author":[{"embeddable":true,"href":"https:\/\/blogdoeloiltoncajuhy.com.br\/site\/wp-json\/wp\/v2\/users\/2"}],"replies":[{"embeddable":true,"href":"https:\/\/blogdoeloiltoncajuhy.com.br\/site\/wp-json\/wp\/v2\/comments?post=30614"}],"version-history":[{"count":1,"href":"https:\/\/blogdoeloiltoncajuhy.com.br\/site\/wp-json\/wp\/v2\/posts\/30614\/revisions"}],"predecessor-version":[{"id":30617,"href":"https:\/\/blogdoeloiltoncajuhy.com.br\/site\/wp-json\/wp\/v2\/posts\/30614\/revisions\/30617"}],"wp:featuredmedia":[{"embeddable":true,"href":"https:\/\/blogdoeloiltoncajuhy.com.br\/site\/wp-json\/wp\/v2\/media\/30616"}],"wp:attachment":[{"href":"https:\/\/blogdoeloiltoncajuhy.com.br\/site\/wp-json\/wp\/v2\/media?parent=30614"}],"wp:term":[{"taxonomy":"category","embeddable":true,"href":"https:\/\/blogdoeloiltoncajuhy.com.br\/site\/wp-json\/wp\/v2\/categories?post=30614"},{"taxonomy":"post_tag","embeddable":true,"href":"https:\/\/blogdoeloiltoncajuhy.com.br\/site\/wp-json\/wp\/v2\/tags?post=30614"}],"curies":[{"name":"wp","href":"https:\/\/api.w.org\/{rel}","templated":true}]}}