{"id":30599,"date":"2019-01-08T19:17:07","date_gmt":"2019-01-08T22:17:07","guid":{"rendered":"http:\/\/blogdoeloiltoncajuhy.com.br\/site\/?p=30599"},"modified":"2019-01-08T19:17:13","modified_gmt":"2019-01-08T22:17:13","slug":"luan-santana-prepara-novo-dvd-que-sera-gravado-em-salvador","status":"publish","type":"post","link":"https:\/\/blogdoeloiltoncajuhy.com.br\/site\/luan-santana-prepara-novo-dvd-que-sera-gravado-em-salvador\/","title":{"rendered":"Luan Santana prepara novo DVD que ser\u00e1 gravado em Salvador"},"content":{"rendered":"\n<h5 class=\"wp-block-heading\" style=\"text-align:center\"><em>Sexto trabalho em v\u00eddeo da carreira do cantor, Luan convida p\u00fablico a resgatar o afeto perdido para a tecnologia<\/em><\/h5>\n\n\n\n<div class=\"wp-block-image\"><figure class=\"aligncenter is-resized\"><img data-recalc-dims=\"1\" fetchpriority=\"high\" decoding=\"async\" src=\"https:\/\/i0.wp.com\/blogdoeloiltoncajuhy.com.br\/site\/wp-content\/uploads\/2019\/01\/luan-santana-1.jpg?resize=675%2C380\" alt=\"\" class=\"wp-image-30600\" width=\"675\" height=\"380\" srcset=\"https:\/\/i0.wp.com\/blogdoeloiltoncajuhy.com.br\/site\/wp-content\/uploads\/2019\/01\/luan-santana-1.jpg?w=900&amp;ssl=1 900w, https:\/\/i0.wp.com\/blogdoeloiltoncajuhy.com.br\/site\/wp-content\/uploads\/2019\/01\/luan-santana-1.jpg?resize=300%2C169&amp;ssl=1 300w, https:\/\/i0.wp.com\/blogdoeloiltoncajuhy.com.br\/site\/wp-content\/uploads\/2019\/01\/luan-santana-1.jpg?resize=768%2C433&amp;ssl=1 768w, https:\/\/i0.wp.com\/blogdoeloiltoncajuhy.com.br\/site\/wp-content\/uploads\/2019\/01\/luan-santana-1.jpg?resize=250%2C141&amp;ssl=1 250w\" sizes=\"(max-width: 675px) 100vw, 675px\" \/><figcaption><em>Foto: Divulga\u00e7\u00e3o<\/em><\/figcaption><\/figure><\/div>\n\n\n\n<p>Luan Santana prepara para 19 de maio um grande show em Salvador, no Parque de Exposi\u00e7\u00f5es, para fazer do espet\u00e1culo o seu sexto DVD. A lista de convidados especiais j\u00e1 tem Alok como primeiro nome confirmado.<\/p>\n\n\n\n<p>A escolha pela cidade que j\u00e1 nos deu r\u00e9gua e compasso, capital do Estado que primeiro se apresentou aos olhos de Cabral e companhia, descobridores dessas terras h\u00e1 mais de 518 anos, tem tudo a ver com a proposta de resgatar nossas ra\u00edzes e a humanidade hoje sufocada por tanta tecnologia.<\/p>\n\n\n\n<p>Assim como faz em cada trabalho realizado at\u00e9 aqui, nesses 11 anos de estrada, Luan gosta de selecionar um foco tem\u00e1tico a ser abordado como conceito geral \u2013 do repert\u00f3rio ao cen\u00e1rio, contemplando toda a est\u00e9tica da obra.<\/p>\n\n\n\n<p>Dessa vez, a proposta vai de encontro ao que se convencionou chamar de \u201cCyberPunk\u201d, express\u00e3o criada nos anos 1970, que trata de um futuro obscuro em que a alta tecnologia praticamente ofusca os sentimentos mais essenciais do ser humano.<\/p>\n\n\n\n<p>Nesse contexto, a maioria da popula\u00e7\u00e3o marginalizada, tenta reivindicar seus direitos perante uma sociedade cada vez menos humana e mais cega pela tecnologia, com menos cora\u00e7\u00e3o e mais aparelhos celulares em foco.<\/p>\n\n\n\n<p><em>\u201cA ideia \u00e9 usar esse fator, do afeto em queda e da tecnologia em alta, para justamente falar de amor nesse DVD\u201d<\/em>, explica Luan, que continua: <em>\u201c\u00c9 fazer florescer o amor diante de um tema t\u00e3o frio\u201d<\/em>.<\/p>\n\n\n\n<p>Na era atual, a imagem de <em>\u201ccada-um-com-sua-tela\u201d<\/em> s\u00f3 refor\u00e7a a necessidade de se valorizar o sangue que corre em nossas veias, o calor humano perdido para tantas conex\u00f5es virtuais e o amor presencial, muitas vezes dilu\u00eddo pelos <em>\u201clikes\u201d<\/em> das redes sociais.<\/p>\n\n\n\n<p>N\u00e3o que a tecnologia n\u00e3o seja bem-vinda, ao contr\u00e1rio: ela tem se tornado muni\u00e7\u00e3o no combate a v\u00e1rios males ao redor do mundo e fator essencial para a comunica\u00e7\u00e3o. Mas n\u00e3o se pode, por isso, abrir m\u00e3o do abra\u00e7o, do beijo, do afago latente que emana do calor de nossas m\u00e3os.<\/p>\n\n\n\n<p>A cenografia valoriza o gigantismo high-tech, com um palco de 50 metros de largura, um dos maiores j\u00e1 vistos por essas terras. Em cena, um grande f\u00f3ssil mec\u00e2nico ter\u00e1 partes articuladas que v\u00e3o se desprender ao longo do espet\u00e1culo.<\/p>\n\n\n\n<p>Ser\u00e1 uma criatura h\u00edbrida &#8211; entre cobra e drag\u00e3o, dinossauro e leviat\u00e3,  passado distante e futuro CyberPunk &#8211; que ganhar\u00e1 vida com movimentos, efeitos e luzes, uma praxe em shows de Luan.<\/p>\n\n\n\n<p>Com expectativa de atrair 30 mil pessoas, Luan quer transportar a plateia, assim como o p\u00fablico que depois vier a assistir ao DVD, para uma outra realidade, pronta para refletir e sentir os efeitos do CyberPunk.<\/p>\n\n\n\n<p>Filmes como \u201cBlade Runner\u201d, \u201cMinority Report\u201d e a s\u00e9rie \u201cAltered Carbon\u201d s\u00e3o exemplos dessa est\u00e9tica do CyberPunk.<\/p>\n\n\n\n<p>O DVD Luan Cyber ter\u00e1 lan\u00e7amento sacramentado pela Som Livre. Acima de tudo com a ess\u00eancia da energia de uma terra em que Santos, sons e tons aben\u00e7oam todas as eras. E em todos os tempos!<\/p>\n\n\n\n<p><strong><em>Arleyde Caldi<\/em><\/strong><\/p>\n","protected":false},"excerpt":{"rendered":"<p>Sexto trabalho em v\u00eddeo da carreira do cantor, Luan convida p\u00fablico a resgatar o afeto perdido para a tecnologia Luan Santana prepara para 19 de maio um grande show em Salvador, no Parque de Exposi\u00e7\u00f5es, para fazer do espet\u00e1culo o seu sexto DVD. A lista de convidados especiais j\u00e1 tem Alok como primeiro nome confirmado. [&hellip;]<\/p>\n","protected":false},"author":2,"featured_media":30600,"comment_status":"open","ping_status":"open","sticky":false,"template":"","format":"standard","meta":{"_acf_changed":false,"_monsterinsights_skip_tracking":false,"_monsterinsights_sitenote_active":false,"_monsterinsights_sitenote_note":"","_monsterinsights_sitenote_category":0,"_jetpack_memberships_contains_paid_content":false,"footnotes":"","jetpack_publicize_message":"","jetpack_publicize_feature_enabled":true,"jetpack_social_post_already_shared":true,"jetpack_social_options":{"image_generator_settings":{"template":"highway","default_image_id":0,"font":"","enabled":false},"version":2}},"categories":[8,1],"tags":[],"class_list":["post-30599","post","type-post","status-publish","format-standard","has-post-thumbnail","hentry","category-cultura","category-noticias"],"acf":[],"jetpack_publicize_connections":[],"jetpack_featured_media_url":"https:\/\/i0.wp.com\/blogdoeloiltoncajuhy.com.br\/site\/wp-content\/uploads\/2019\/01\/luan-santana-1.jpg?fit=900%2C507&ssl=1","jetpack_sharing_enabled":true,"publishpress_future_workflow_manual_trigger":{"enabledWorkflows":[]},"_links":{"self":[{"href":"https:\/\/blogdoeloiltoncajuhy.com.br\/site\/wp-json\/wp\/v2\/posts\/30599","targetHints":{"allow":["GET"]}}],"collection":[{"href":"https:\/\/blogdoeloiltoncajuhy.com.br\/site\/wp-json\/wp\/v2\/posts"}],"about":[{"href":"https:\/\/blogdoeloiltoncajuhy.com.br\/site\/wp-json\/wp\/v2\/types\/post"}],"author":[{"embeddable":true,"href":"https:\/\/blogdoeloiltoncajuhy.com.br\/site\/wp-json\/wp\/v2\/users\/2"}],"replies":[{"embeddable":true,"href":"https:\/\/blogdoeloiltoncajuhy.com.br\/site\/wp-json\/wp\/v2\/comments?post=30599"}],"version-history":[{"count":1,"href":"https:\/\/blogdoeloiltoncajuhy.com.br\/site\/wp-json\/wp\/v2\/posts\/30599\/revisions"}],"predecessor-version":[{"id":30601,"href":"https:\/\/blogdoeloiltoncajuhy.com.br\/site\/wp-json\/wp\/v2\/posts\/30599\/revisions\/30601"}],"wp:featuredmedia":[{"embeddable":true,"href":"https:\/\/blogdoeloiltoncajuhy.com.br\/site\/wp-json\/wp\/v2\/media\/30600"}],"wp:attachment":[{"href":"https:\/\/blogdoeloiltoncajuhy.com.br\/site\/wp-json\/wp\/v2\/media?parent=30599"}],"wp:term":[{"taxonomy":"category","embeddable":true,"href":"https:\/\/blogdoeloiltoncajuhy.com.br\/site\/wp-json\/wp\/v2\/categories?post=30599"},{"taxonomy":"post_tag","embeddable":true,"href":"https:\/\/blogdoeloiltoncajuhy.com.br\/site\/wp-json\/wp\/v2\/tags?post=30599"}],"curies":[{"name":"wp","href":"https:\/\/api.w.org\/{rel}","templated":true}]}}