{"id":30595,"date":"2019-01-08T12:29:22","date_gmt":"2019-01-08T15:29:22","guid":{"rendered":"http:\/\/blogdoeloiltoncajuhy.com.br\/site\/?p=30595"},"modified":"2019-01-08T12:29:29","modified_gmt":"2019-01-08T15:29:29","slug":"prefeitura-de-jaguarari-inicia-recuperacao-dos-trechos-danificados-da-estrada-que-liga-sede-do-municipio-a-serra-dos-morgados","status":"publish","type":"post","link":"https:\/\/blogdoeloiltoncajuhy.com.br\/site\/prefeitura-de-jaguarari-inicia-recuperacao-dos-trechos-danificados-da-estrada-que-liga-sede-do-municipio-a-serra-dos-morgados\/","title":{"rendered":"Prefeitura de Jaguarari inicia recupera\u00e7\u00e3o dos trechos danificados da estrada que liga sede do munic\u00edpio a Serra dos Morgados"},"content":{"rendered":"\n<div class=\"wp-block-image\"><figure class=\"aligncenter is-resized\"><img data-recalc-dims=\"1\" fetchpriority=\"high\" decoding=\"async\" src=\"https:\/\/i0.wp.com\/blogdoeloiltoncajuhy.com.br\/site\/wp-content\/uploads\/2019\/01\/JaguarariEstradas01.jpeg?resize=512%2C384\" alt=\"\" class=\"wp-image-30596\" width=\"512\" height=\"384\" srcset=\"https:\/\/i0.wp.com\/blogdoeloiltoncajuhy.com.br\/site\/wp-content\/uploads\/2019\/01\/JaguarariEstradas01.jpeg?resize=1024%2C768&amp;ssl=1 1024w, https:\/\/i0.wp.com\/blogdoeloiltoncajuhy.com.br\/site\/wp-content\/uploads\/2019\/01\/JaguarariEstradas01.jpeg?resize=300%2C225&amp;ssl=1 300w, https:\/\/i0.wp.com\/blogdoeloiltoncajuhy.com.br\/site\/wp-content\/uploads\/2019\/01\/JaguarariEstradas01.jpeg?resize=768%2C576&amp;ssl=1 768w, https:\/\/i0.wp.com\/blogdoeloiltoncajuhy.com.br\/site\/wp-content\/uploads\/2019\/01\/JaguarariEstradas01.jpeg?resize=250%2C188&amp;ssl=1 250w, https:\/\/i0.wp.com\/blogdoeloiltoncajuhy.com.br\/site\/wp-content\/uploads\/2019\/01\/JaguarariEstradas01.jpeg?w=1040&amp;ssl=1 1040w\" sizes=\"(max-width: 512px) 100vw, 512px\" \/><\/figure><\/div>\n\n\n\n<p>A prefeitura de Jaguarari, atrav\u00e9s da Secretaria de Administra\u00e7\u00e3o, iniciou nesta ter\u00e7a-feira (08), a recupera\u00e7\u00e3o de diversos trechos da estrada que liga a sede do munic\u00edpio \u00e0 Serra dos Morgados, danificados pela a\u00e7\u00e3o da chuva que caiu no munic\u00edpio durante o m\u00eas de dezembro.<\/p>\n\n\n\n<p>A a\u00e7\u00e3o iniciada nesta ter\u00e7a-feira, faz parte do cronograma de a\u00e7\u00f5es desenvolvidas pela administra\u00e7\u00e3o municipal que tem como objetivo recuperar todas as estradas vicinais do munic\u00edpio, atrav\u00e9s de manuten\u00e7\u00f5es peri\u00f3dicas nas vias ou pontuais em casos de danos causados pela chuva.<\/p>\n\n\n\n<p>O trabalho n\u00e3o para, e ap\u00f3s a conclus\u00e3o da recupera\u00e7\u00e3o da estrada de Serra dos Morgados, a equipe da Prefeitura de Jaguarari ir\u00e1 seguir o cronograma iniciando a recupera\u00e7\u00e3o das estradas nas localidades do Betes e Lage Grande.<\/p>\n\n\n\n<div class=\"wp-block-image\"><figure class=\"aligncenter is-resized\"><img data-recalc-dims=\"1\" decoding=\"async\" src=\"https:\/\/i0.wp.com\/blogdoeloiltoncajuhy.com.br\/site\/wp-content\/uploads\/2019\/01\/JaguarariEstradas02.jpeg?resize=512%2C384\" alt=\"\" class=\"wp-image-30597\" width=\"512\" height=\"384\" srcset=\"https:\/\/i0.wp.com\/blogdoeloiltoncajuhy.com.br\/site\/wp-content\/uploads\/2019\/01\/JaguarariEstradas02.jpeg?resize=1024%2C768&amp;ssl=1 1024w, https:\/\/i0.wp.com\/blogdoeloiltoncajuhy.com.br\/site\/wp-content\/uploads\/2019\/01\/JaguarariEstradas02.jpeg?resize=300%2C225&amp;ssl=1 300w, https:\/\/i0.wp.com\/blogdoeloiltoncajuhy.com.br\/site\/wp-content\/uploads\/2019\/01\/JaguarariEstradas02.jpeg?resize=768%2C576&amp;ssl=1 768w, https:\/\/i0.wp.com\/blogdoeloiltoncajuhy.com.br\/site\/wp-content\/uploads\/2019\/01\/JaguarariEstradas02.jpeg?resize=250%2C188&amp;ssl=1 250w, https:\/\/i0.wp.com\/blogdoeloiltoncajuhy.com.br\/site\/wp-content\/uploads\/2019\/01\/JaguarariEstradas02.jpeg?w=1040&amp;ssl=1 1040w\" sizes=\"(max-width: 512px) 100vw, 512px\" \/><\/figure><\/div>\n\n\n\n<p><em><strong>ASCOM \u2013 Prefeitura de Jaguarari<\/strong><\/em><\/p>\n","protected":false},"excerpt":{"rendered":"<p>A prefeitura de Jaguarari, atrav\u00e9s da Secretaria de Administra\u00e7\u00e3o, iniciou nesta ter\u00e7a-feira (08), a recupera\u00e7\u00e3o de diversos trechos da estrada que liga a sede do munic\u00edpio \u00e0 Serra dos Morgados, danificados pela a\u00e7\u00e3o da chuva que caiu no munic\u00edpio durante o m\u00eas de dezembro. A a\u00e7\u00e3o iniciada nesta ter\u00e7a-feira, faz parte do cronograma de a\u00e7\u00f5es [&hellip;]<\/p>\n","protected":false},"author":2,"featured_media":30597,"comment_status":"open","ping_status":"open","sticky":false,"template":"","format":"standard","meta":{"_acf_changed":false,"_monsterinsights_skip_tracking":false,"_monsterinsights_sitenote_active":false,"_monsterinsights_sitenote_note":"","_monsterinsights_sitenote_category":0,"_jetpack_memberships_contains_paid_content":false,"footnotes":"","jetpack_publicize_message":"","jetpack_publicize_feature_enabled":true,"jetpack_social_post_already_shared":true,"jetpack_social_options":{"image_generator_settings":{"template":"highway","default_image_id":0,"font":"","enabled":false},"version":2}},"categories":[1,3,11],"tags":[],"class_list":["post-30595","post","type-post","status-publish","format-standard","has-post-thumbnail","hentry","category-noticias","category-politica","category-regional"],"acf":[],"jetpack_publicize_connections":[],"jetpack_featured_media_url":"https:\/\/i0.wp.com\/blogdoeloiltoncajuhy.com.br\/site\/wp-content\/uploads\/2019\/01\/JaguarariEstradas02.jpeg?fit=1040%2C780&ssl=1","jetpack_sharing_enabled":true,"publishpress_future_workflow_manual_trigger":{"enabledWorkflows":[]},"_links":{"self":[{"href":"https:\/\/blogdoeloiltoncajuhy.com.br\/site\/wp-json\/wp\/v2\/posts\/30595","targetHints":{"allow":["GET"]}}],"collection":[{"href":"https:\/\/blogdoeloiltoncajuhy.com.br\/site\/wp-json\/wp\/v2\/posts"}],"about":[{"href":"https:\/\/blogdoeloiltoncajuhy.com.br\/site\/wp-json\/wp\/v2\/types\/post"}],"author":[{"embeddable":true,"href":"https:\/\/blogdoeloiltoncajuhy.com.br\/site\/wp-json\/wp\/v2\/users\/2"}],"replies":[{"embeddable":true,"href":"https:\/\/blogdoeloiltoncajuhy.com.br\/site\/wp-json\/wp\/v2\/comments?post=30595"}],"version-history":[{"count":1,"href":"https:\/\/blogdoeloiltoncajuhy.com.br\/site\/wp-json\/wp\/v2\/posts\/30595\/revisions"}],"predecessor-version":[{"id":30598,"href":"https:\/\/blogdoeloiltoncajuhy.com.br\/site\/wp-json\/wp\/v2\/posts\/30595\/revisions\/30598"}],"wp:featuredmedia":[{"embeddable":true,"href":"https:\/\/blogdoeloiltoncajuhy.com.br\/site\/wp-json\/wp\/v2\/media\/30597"}],"wp:attachment":[{"href":"https:\/\/blogdoeloiltoncajuhy.com.br\/site\/wp-json\/wp\/v2\/media?parent=30595"}],"wp:term":[{"taxonomy":"category","embeddable":true,"href":"https:\/\/blogdoeloiltoncajuhy.com.br\/site\/wp-json\/wp\/v2\/categories?post=30595"},{"taxonomy":"post_tag","embeddable":true,"href":"https:\/\/blogdoeloiltoncajuhy.com.br\/site\/wp-json\/wp\/v2\/tags?post=30595"}],"curies":[{"name":"wp","href":"https:\/\/api.w.org\/{rel}","templated":true}]}}