{"id":30590,"date":"2019-01-08T11:02:39","date_gmt":"2019-01-08T14:02:39","guid":{"rendered":"http:\/\/blogdoeloiltoncajuhy.com.br\/site\/?p=30590"},"modified":"2019-01-08T11:02:58","modified_gmt":"2019-01-08T14:02:58","slug":"corpo-de-homem-que-estava-desaparecido-e-encontrado-em-itiuba","status":"publish","type":"post","link":"https:\/\/blogdoeloiltoncajuhy.com.br\/site\/corpo-de-homem-que-estava-desaparecido-e-encontrado-em-itiuba\/","title":{"rendered":"Corpo de homem desaparecido \u00e9 encontrado em Iti\u00faba"},"content":{"rendered":"\n<div class=\"wp-block-image\"><figure class=\"aligncenter is-resized\"><img data-recalc-dims=\"1\" fetchpriority=\"high\" decoding=\"async\" src=\"https:\/\/i0.wp.com\/blogdoeloiltoncajuhy.com.br\/site\/wp-content\/uploads\/2019\/01\/ItiubaCrispim.jpeg?resize=272%2C353\" alt=\"\" class=\"wp-image-30591\" width=\"272\" height=\"353\" srcset=\"https:\/\/i0.wp.com\/blogdoeloiltoncajuhy.com.br\/site\/wp-content\/uploads\/2019\/01\/ItiubaCrispim.jpeg?w=231&amp;ssl=1 231w, https:\/\/i0.wp.com\/blogdoeloiltoncajuhy.com.br\/site\/wp-content\/uploads\/2019\/01\/ItiubaCrispim.jpeg?resize=193%2C250&amp;ssl=1 193w\" sizes=\"(max-width: 272px) 100vw, 272px\" \/><\/figure><\/div>\n\n\n\n<p>O corpo de um homem que estava desaparecido desde o \u00faltimo s\u00e1bado, foi encontrado na manh\u00e3 desta ter\u00e7a-feira (08), no A\u00e7ude Jacurici, no munic\u00edpio de Iti\u00faba.<\/p>\n\n\n\n<p>Identificado como Crispim, de 32 anos, o homem havia sa\u00eddo em companhia de dois amigos para pescar no referido a\u00e7ude. Segundo informa\u00e7\u00f5es de familiares, o barco que eles utilizaram estava furado e acabou enchendo de \u00e1gua. Os amigos de Crispim conseguiram nadar at\u00e9 as margens do a\u00e7ude, por\u00e9m ele n\u00e3o teve a mesma sorte e sumiu nas \u00e1guas.<\/p>\n\n\n\n<p>Desde s\u00e1bado, as buscas estavam sendo feitas por pescadores locais, que contaram com o apoio do corpo de bombeiros a partir da tarde de segunda\u2013feira.<\/p>\n\n\n\n<p>O corpo de Crispim foi encontrado no Povoado de Varcela. Ele era casado e deixa 3 filhos.<\/p>\n\n\n\n<div class=\"wp-block-image\"><figure class=\"aligncenter is-resized\"><img data-recalc-dims=\"1\" decoding=\"async\" src=\"https:\/\/i0.wp.com\/blogdoeloiltoncajuhy.com.br\/site\/wp-content\/uploads\/2019\/01\/ItiubaBombeiros.jpeg?resize=447%2C252\" alt=\"\" class=\"wp-image-30592\" width=\"447\" height=\"252\" srcset=\"https:\/\/i0.wp.com\/blogdoeloiltoncajuhy.com.br\/site\/wp-content\/uploads\/2019\/01\/ItiubaBombeiros.jpeg?w=300&amp;ssl=1 300w, https:\/\/i0.wp.com\/blogdoeloiltoncajuhy.com.br\/site\/wp-content\/uploads\/2019\/01\/ItiubaBombeiros.jpeg?resize=250%2C141&amp;ssl=1 250w\" sizes=\"(max-width: 447px) 100vw, 447px\" \/><\/figure><\/div>\n\n\n\n<p><strong><em>BLOG DO ELOILTON CAJUHY &#8211; Com informa\u00e7\u00f5es do site Cidade Em Not\u00edcias<\/em><\/strong><\/p>\n","protected":false},"excerpt":{"rendered":"<p>O corpo de um homem que estava desaparecido desde o \u00faltimo s\u00e1bado, foi encontrado na manh\u00e3 desta ter\u00e7a-feira (08), no A\u00e7ude Jacurici, no munic\u00edpio de Iti\u00faba. Identificado como Crispim, de 32 anos, o homem havia sa\u00eddo em companhia de dois amigos para pescar no referido a\u00e7ude. Segundo informa\u00e7\u00f5es de familiares, o barco que eles utilizaram [&hellip;]<\/p>\n","protected":false},"author":2,"featured_media":30592,"comment_status":"open","ping_status":"open","sticky":false,"template":"","format":"standard","meta":{"_acf_changed":false,"_monsterinsights_skip_tracking":false,"_monsterinsights_sitenote_active":false,"_monsterinsights_sitenote_note":"","_monsterinsights_sitenote_category":0,"_jetpack_memberships_contains_paid_content":false,"footnotes":"","jetpack_publicize_message":"","jetpack_publicize_feature_enabled":true,"jetpack_social_post_already_shared":true,"jetpack_social_options":{"image_generator_settings":{"template":"highway","default_image_id":0,"font":"","enabled":false},"version":2}},"categories":[5,1,11],"tags":[],"class_list":["post-30590","post","type-post","status-publish","format-standard","has-post-thumbnail","hentry","category-cotidiano","category-noticias","category-regional"],"acf":[],"jetpack_publicize_connections":[],"jetpack_featured_media_url":"https:\/\/i0.wp.com\/blogdoeloiltoncajuhy.com.br\/site\/wp-content\/uploads\/2019\/01\/ItiubaBombeiros.jpeg?fit=300%2C169&ssl=1","jetpack_sharing_enabled":true,"publishpress_future_workflow_manual_trigger":{"enabledWorkflows":[]},"_links":{"self":[{"href":"https:\/\/blogdoeloiltoncajuhy.com.br\/site\/wp-json\/wp\/v2\/posts\/30590","targetHints":{"allow":["GET"]}}],"collection":[{"href":"https:\/\/blogdoeloiltoncajuhy.com.br\/site\/wp-json\/wp\/v2\/posts"}],"about":[{"href":"https:\/\/blogdoeloiltoncajuhy.com.br\/site\/wp-json\/wp\/v2\/types\/post"}],"author":[{"embeddable":true,"href":"https:\/\/blogdoeloiltoncajuhy.com.br\/site\/wp-json\/wp\/v2\/users\/2"}],"replies":[{"embeddable":true,"href":"https:\/\/blogdoeloiltoncajuhy.com.br\/site\/wp-json\/wp\/v2\/comments?post=30590"}],"version-history":[{"count":2,"href":"https:\/\/blogdoeloiltoncajuhy.com.br\/site\/wp-json\/wp\/v2\/posts\/30590\/revisions"}],"predecessor-version":[{"id":30594,"href":"https:\/\/blogdoeloiltoncajuhy.com.br\/site\/wp-json\/wp\/v2\/posts\/30590\/revisions\/30594"}],"wp:featuredmedia":[{"embeddable":true,"href":"https:\/\/blogdoeloiltoncajuhy.com.br\/site\/wp-json\/wp\/v2\/media\/30592"}],"wp:attachment":[{"href":"https:\/\/blogdoeloiltoncajuhy.com.br\/site\/wp-json\/wp\/v2\/media?parent=30590"}],"wp:term":[{"taxonomy":"category","embeddable":true,"href":"https:\/\/blogdoeloiltoncajuhy.com.br\/site\/wp-json\/wp\/v2\/categories?post=30590"},{"taxonomy":"post_tag","embeddable":true,"href":"https:\/\/blogdoeloiltoncajuhy.com.br\/site\/wp-json\/wp\/v2\/tags?post=30590"}],"curies":[{"name":"wp","href":"https:\/\/api.w.org\/{rel}","templated":true}]}}