{"id":30587,"date":"2019-01-08T08:12:40","date_gmt":"2019-01-08T11:12:40","guid":{"rendered":"http:\/\/blogdoeloiltoncajuhy.com.br\/site\/?p=30587"},"modified":"2019-01-08T08:12:46","modified_gmt":"2019-01-08T11:12:46","slug":"projetos-de-lei-serao-arquivados-com-fim-da-legislatura-no-proximo-dia-31-de-janeiro","status":"publish","type":"post","link":"https:\/\/blogdoeloiltoncajuhy.com.br\/site\/projetos-de-lei-serao-arquivados-com-fim-da-legislatura-no-proximo-dia-31-de-janeiro\/","title":{"rendered":"Projetos de lei ser\u00e3o arquivados com fim da legislatura no pr\u00f3ximo dia 31 de janeiro"},"content":{"rendered":"\n<h5 class=\"wp-block-heading\" style=\"text-align:center\"><strong>Algumas propostas seguir\u00e3o o seu curso para serem aprovadas ou rejeitadas pelos deputados que iniciam uma nova legislatura em 1\u00ba de fevereiro<\/strong><\/h5>\n\n\n\n<p><strong><em>Reportagem &#8211; Newton Ara\u00fajo<\/em><\/strong><\/p>\n\n\n\n<div class=\"wp-block-image\"><figure class=\"aligncenter is-resized\"><img data-recalc-dims=\"1\" fetchpriority=\"high\" decoding=\"async\" src=\"https:\/\/i0.wp.com\/blogdoeloiltoncajuhy.com.br\/site\/wp-content\/uploads\/2019\/01\/camara_jan2019.jpg?resize=513%2C341\" alt=\"\" class=\"wp-image-30588\" width=\"513\" height=\"341\" srcset=\"https:\/\/i0.wp.com\/blogdoeloiltoncajuhy.com.br\/site\/wp-content\/uploads\/2019\/01\/camara_jan2019.jpg?w=400&amp;ssl=1 400w, https:\/\/i0.wp.com\/blogdoeloiltoncajuhy.com.br\/site\/wp-content\/uploads\/2019\/01\/camara_jan2019.jpg?resize=300%2C200&amp;ssl=1 300w, https:\/\/i0.wp.com\/blogdoeloiltoncajuhy.com.br\/site\/wp-content\/uploads\/2019\/01\/camara_jan2019.jpg?resize=250%2C166&amp;ssl=1 250w\" sizes=\"(max-width: 513px) 100vw, 513px\" \/><\/figure><\/div>\n\n\n\n<p>A atual legislatura se encerra no pr\u00f3ximo dia 31 de janeiro. Nessa data, muitos projetos de leis e outras proposi\u00e7\u00f5es em tramita\u00e7\u00e3o na C\u00e2mara dos Deputados ser\u00e3o arquivadas, mas algumas seguir\u00e3o o seu curso para serem aprovadas ou rejeitadas pelos deputados que iniciam uma nova legislatura em 1\u00ba de fevereiro, com a composi\u00e7\u00e3o da C\u00e2mara renovada em quase 50%.<\/p>\n\n\n\n<p>As regras para arquivamento de propostas est\u00e3o definidas no Regimento Interno da Casa. O secret\u00e1rio-geral da Mesa Diretora da C\u00e2mara, Leonardo Barbosa, lista as propostas que n\u00e3o ser\u00e3o arquivadas:<\/p>\n\n\n\n<p><em>&#8220;S\u00e3o aquelas proposi\u00e7\u00f5es que t\u00eam pareceres aprovados por todas as comiss\u00f5es; s\u00e3o proposi\u00e7\u00f5es que j\u00e1 foram aprovadas pelo Plen\u00e1rio em primeiro turno, turno \u00fanico; s\u00e3o proposi\u00e7\u00f5es que vieram do Senado ou que foram emendadas pelo Senado; s\u00e3o proposi\u00e7\u00f5es de iniciativa popular; proposi\u00e7\u00e3o oriunda de outro poder ou do Poder Executivo. Ent\u00e3o, essas proposi\u00e7\u00f5es n\u00e3o s\u00e3o arquivadas ao final da legislatura. Todas as demais s\u00e3o&#8221;.<\/em><\/p>\n\n\n\n<p>Algumas propostas ainda em tramita\u00e7\u00e3o foram alvo de pol\u00eamicas e discuss\u00f5es acirradas na legislatura que est\u00e1 acabando. Est\u00e3o nesse caso o projeto de lei da Escola Sem Partido (PL 7180\/14 e outros), que dever\u00e1 ser arquivado, e as propostas de emenda \u00e0 Constitui\u00e7\u00e3o (PECs) do Fim do Foro Privilegiado (PEC 333\/17 e 12 apensados) e da Reforma Tribut\u00e1ria (PEC 293\/04), que n\u00e3o ser\u00e3o arquivadas.<\/p>\n\n\n\n<p>Leonardo Barbosa explica a situa\u00e7\u00e3o dessas propostas: <em>&#8220;O projeto do Escola Sem Partido, sim, mas como ele tramita num bloco com v\u00e1rias proposi\u00e7\u00f5es apensadas, qualquer dos autores pode requerer o desarquivamento nos primeiros 180 dias da primeira sess\u00e3o legislativa da legislatura que vem. Em rela\u00e7\u00e3o \u00e0 Reforma Tribut\u00e1ria e \u00e0 PEC do Foro, n\u00e3o, porque a Reforma Tribut\u00e1ria \u00e9 oriunda do Executivo e a PEC do Foro, do Senado, ent\u00e3o elas n\u00e3o est\u00e3o sujeitas ao arquivamento&#8221;.<\/em><\/p>\n\n\n\n<p>A PEC da Reforma Tribut\u00e1ria foi aprovada em comiss\u00e3o especial e extinguiu oito tributos federais, um estadual e um municipal e criou, no lugar deles, dois tributos sobre bens e servi\u00e7os. J\u00e1 a PEC do Foro Privilegiado, tamb\u00e9m aprovada em comiss\u00e3o especial, reduziu o foro a cinco autoridades: o presidente da Rep\u00fablica e o vice; mais os presidentes da C\u00e2mara dos Deputados, do Senado e do Supremo Tribunal Federal.<\/p>\n\n\n\n<p>Por fim, o projeto da Escola Sem Partido, que n\u00e3o foi aprovado na comiss\u00e3o especial, lista seis deveres para os professores das institui\u00e7\u00f5es de ensino brasileiras, como a proibi\u00e7\u00e3o de promover suas opini\u00f5es, concep\u00e7\u00f5es, prefer\u00eancias ideol\u00f3gicas, religiosas, morais, pol\u00edticas e partid\u00e1rias. Al\u00e9m disso, h\u00e1 a proibi\u00e7\u00e3o, no ensino no Brasil, da <em>&#8220;ideologia de g\u00eanero&#8221;<\/em>, do termo <em>&#8220;g\u00eanero&#8221;<\/em> ou <em>&#8220;orienta\u00e7\u00e3o sexual&#8221;<\/em>.<\/p>\n\n\n\n<p>As propostas que forem desarquivadas a pedido de algum deputado eleito na legislatura que se inicia em primeiro de fevereiro seguir\u00e3o a tramita\u00e7\u00e3o do ponto em que pararam, ou seja, seguem a tramita\u00e7\u00e3o pela comiss\u00e3o seguinte que a analisar\u00e1 ou pelo Plen\u00e1rio da C\u00e2mara.<\/p>\n","protected":false},"excerpt":{"rendered":"<p>Algumas propostas seguir\u00e3o o seu curso para serem aprovadas ou rejeitadas pelos deputados que iniciam uma nova legislatura em 1\u00ba de fevereiro Reportagem &#8211; Newton Ara\u00fajo A atual legislatura se encerra no pr\u00f3ximo dia 31 de janeiro. Nessa data, muitos projetos de leis e outras proposi\u00e7\u00f5es em tramita\u00e7\u00e3o na C\u00e2mara dos Deputados ser\u00e3o arquivadas, mas [&hellip;]<\/p>\n","protected":false},"author":2,"featured_media":30588,"comment_status":"open","ping_status":"open","sticky":false,"template":"","format":"standard","meta":{"_acf_changed":false,"_monsterinsights_skip_tracking":false,"_monsterinsights_sitenote_active":false,"_monsterinsights_sitenote_note":"","_monsterinsights_sitenote_category":0,"_jetpack_memberships_contains_paid_content":false,"footnotes":"","jetpack_publicize_message":"","jetpack_publicize_feature_enabled":true,"jetpack_social_post_already_shared":true,"jetpack_social_options":{"image_generator_settings":{"template":"highway","default_image_id":0,"font":"","enabled":false},"version":2}},"categories":[1,3],"tags":[],"class_list":["post-30587","post","type-post","status-publish","format-standard","has-post-thumbnail","hentry","category-noticias","category-politica"],"acf":[],"jetpack_publicize_connections":[],"jetpack_featured_media_url":"https:\/\/i0.wp.com\/blogdoeloiltoncajuhy.com.br\/site\/wp-content\/uploads\/2019\/01\/camara_jan2019.jpg?fit=400%2C266&ssl=1","jetpack_sharing_enabled":true,"publishpress_future_workflow_manual_trigger":{"enabledWorkflows":[]},"_links":{"self":[{"href":"https:\/\/blogdoeloiltoncajuhy.com.br\/site\/wp-json\/wp\/v2\/posts\/30587","targetHints":{"allow":["GET"]}}],"collection":[{"href":"https:\/\/blogdoeloiltoncajuhy.com.br\/site\/wp-json\/wp\/v2\/posts"}],"about":[{"href":"https:\/\/blogdoeloiltoncajuhy.com.br\/site\/wp-json\/wp\/v2\/types\/post"}],"author":[{"embeddable":true,"href":"https:\/\/blogdoeloiltoncajuhy.com.br\/site\/wp-json\/wp\/v2\/users\/2"}],"replies":[{"embeddable":true,"href":"https:\/\/blogdoeloiltoncajuhy.com.br\/site\/wp-json\/wp\/v2\/comments?post=30587"}],"version-history":[{"count":1,"href":"https:\/\/blogdoeloiltoncajuhy.com.br\/site\/wp-json\/wp\/v2\/posts\/30587\/revisions"}],"predecessor-version":[{"id":30589,"href":"https:\/\/blogdoeloiltoncajuhy.com.br\/site\/wp-json\/wp\/v2\/posts\/30587\/revisions\/30589"}],"wp:featuredmedia":[{"embeddable":true,"href":"https:\/\/blogdoeloiltoncajuhy.com.br\/site\/wp-json\/wp\/v2\/media\/30588"}],"wp:attachment":[{"href":"https:\/\/blogdoeloiltoncajuhy.com.br\/site\/wp-json\/wp\/v2\/media?parent=30587"}],"wp:term":[{"taxonomy":"category","embeddable":true,"href":"https:\/\/blogdoeloiltoncajuhy.com.br\/site\/wp-json\/wp\/v2\/categories?post=30587"},{"taxonomy":"post_tag","embeddable":true,"href":"https:\/\/blogdoeloiltoncajuhy.com.br\/site\/wp-json\/wp\/v2\/tags?post=30587"}],"curies":[{"name":"wp","href":"https:\/\/api.w.org\/{rel}","templated":true}]}}