{"id":30569,"date":"2019-01-07T12:26:59","date_gmt":"2019-01-07T15:26:59","guid":{"rendered":"http:\/\/blogdoeloiltoncajuhy.com.br\/site\/?p=30569"},"modified":"2019-01-07T12:27:06","modified_gmt":"2019-01-07T15:27:06","slug":"prefeitura-de-jaguarari-divulga-datas-das-matriculas-e-re-matriculas-para-a-rede-municipal-de-ensino","status":"publish","type":"post","link":"https:\/\/blogdoeloiltoncajuhy.com.br\/site\/prefeitura-de-jaguarari-divulga-datas-das-matriculas-e-re-matriculas-para-a-rede-municipal-de-ensino\/","title":{"rendered":"Prefeitura de Jaguarari divulga datas das matr\u00edculas e re-matr\u00edculas para a Rede Municipal de Ensino"},"content":{"rendered":"\n<div class=\"wp-block-image\"><figure class=\"alignleft is-resized\"><img data-recalc-dims=\"1\" fetchpriority=\"high\" decoding=\"async\" src=\"https:\/\/i0.wp.com\/blogdoeloiltoncajuhy.com.br\/site\/wp-content\/uploads\/2019\/01\/JaguarariMatriculas-2019.jpeg?resize=256%2C256\" alt=\"\" class=\"wp-image-30570\" width=\"256\" height=\"256\" srcset=\"https:\/\/i0.wp.com\/blogdoeloiltoncajuhy.com.br\/site\/wp-content\/uploads\/2019\/01\/JaguarariMatriculas-2019.jpeg?resize=1024%2C1024&amp;ssl=1 1024w, https:\/\/i0.wp.com\/blogdoeloiltoncajuhy.com.br\/site\/wp-content\/uploads\/2019\/01\/JaguarariMatriculas-2019.jpeg?resize=150%2C150&amp;ssl=1 150w, https:\/\/i0.wp.com\/blogdoeloiltoncajuhy.com.br\/site\/wp-content\/uploads\/2019\/01\/JaguarariMatriculas-2019.jpeg?resize=300%2C300&amp;ssl=1 300w, https:\/\/i0.wp.com\/blogdoeloiltoncajuhy.com.br\/site\/wp-content\/uploads\/2019\/01\/JaguarariMatriculas-2019.jpeg?resize=768%2C768&amp;ssl=1 768w, https:\/\/i0.wp.com\/blogdoeloiltoncajuhy.com.br\/site\/wp-content\/uploads\/2019\/01\/JaguarariMatriculas-2019.jpeg?resize=250%2C250&amp;ssl=1 250w, https:\/\/i0.wp.com\/blogdoeloiltoncajuhy.com.br\/site\/wp-content\/uploads\/2019\/01\/JaguarariMatriculas-2019.jpeg?resize=48%2C48&amp;ssl=1 48w, https:\/\/i0.wp.com\/blogdoeloiltoncajuhy.com.br\/site\/wp-content\/uploads\/2019\/01\/JaguarariMatriculas-2019.jpeg?w=1280&amp;ssl=1 1280w\" sizes=\"(max-width: 256px) 100vw, 256px\" \/><\/figure><\/div>\n\n\n\n<p>A Prefeitura de Jaguarari, por meio da Secretaria Municipal de Educa\u00e7\u00e3o, divulga o cronograma de matr\u00edcula dos alunos da Rede Municipal de Ensino nos cursos de Ensino Infantil, Educa\u00e7\u00e3o de Jovens e Adultos \u2013 EJA, e Ensino Fundamental para o ano letivo de 2019.<\/p>\n\n\n\n<p>A partir do dia 14 de janeiro, os pais e respons\u00e1veis j\u00e1 podem se direcionar at\u00e9 a unidade de ensino em que o filho frequenta para renova\u00e7\u00e3o da matr\u00edcula ou solicita\u00e7\u00e3o de transfer\u00eancia para outra escola dentro da rede. O prazo termina no dia 18 de janeiro.<\/p>\n\n\n\n<p>J\u00e1 para os alunos novos que ir\u00e3o ingressar na rede municipal de ensino, a matr\u00edcula acontece no per\u00edodo de 21 a 25 de janeiro. Fiquem atentos para n\u00e3o perderem o prazo para matricula.<\/p>\n\n\n\n<p class=\"has-medium-font-size\"><strong>A rede municipal de ensino oferece matr\u00edcula para:<\/strong><\/p>\n\n\n\n<p>&#x25aa; Maternal I &#8211; crian\u00e7as de 02 anos e 06 meses de idade <\/p>\n\n\n\n<p>&#x25aa; Maternal II &#8211; crian\u00e7as de 03 anos de idade<\/p>\n\n\n\n<p>&#x25aa; 1\u00ba Per\u00edodo &#8211; 04 anos de idade<\/p>\n\n\n\n<p>&#x25aa; 2\u00ba Per\u00edodo &#8211; 05 anos de idade<\/p>\n\n\n\n<p>&#x25aa; 1\u00ba ano do ensino fundamental de nove anos \u2013 para crian\u00e7as de 06 anos de idade completos ou a completar at\u00e9 31\/03\/2019<\/p>\n\n\n\n<p>&#x25aa; Fundamental I e II<\/p>\n\n\n\n<p>&#x25aa; Educa\u00e7\u00e3o de Jovens e Adultos, a matr\u00edcula atender\u00e1 a idade m\u00ednima para ingresso a partir de 15 anos.<\/p>\n\n\n\n<p><strong><em>ASCOM &#8211; Prefeitura de Jaguarari<\/em><\/strong><\/p>\n","protected":false},"excerpt":{"rendered":"<p>A Prefeitura de Jaguarari, por meio da Secretaria Municipal de Educa\u00e7\u00e3o, divulga o cronograma de matr\u00edcula dos alunos da Rede Municipal de Ensino nos cursos de Ensino Infantil, Educa\u00e7\u00e3o de Jovens e Adultos \u2013 EJA, e Ensino Fundamental para o ano letivo de 2019. A partir do dia 14 de janeiro, os pais e respons\u00e1veis [&hellip;]<\/p>\n","protected":false},"author":2,"featured_media":30570,"comment_status":"open","ping_status":"open","sticky":false,"template":"","format":"standard","meta":{"_acf_changed":false,"_monsterinsights_skip_tracking":false,"_monsterinsights_sitenote_active":false,"_monsterinsights_sitenote_note":"","_monsterinsights_sitenote_category":0,"_jetpack_memberships_contains_paid_content":false,"footnotes":"","jetpack_publicize_message":"","jetpack_publicize_feature_enabled":true,"jetpack_social_post_already_shared":true,"jetpack_social_options":{"image_generator_settings":{"template":"highway","default_image_id":0,"font":"","enabled":false},"version":2}},"categories":[14,1,11],"tags":[],"class_list":["post-30569","post","type-post","status-publish","format-standard","has-post-thumbnail","hentry","category-educacao","category-noticias","category-regional"],"acf":[],"jetpack_publicize_connections":[],"jetpack_featured_media_url":"https:\/\/i0.wp.com\/blogdoeloiltoncajuhy.com.br\/site\/wp-content\/uploads\/2019\/01\/JaguarariMatriculas-2019.jpeg?fit=1280%2C1280&ssl=1","jetpack_sharing_enabled":true,"publishpress_future_workflow_manual_trigger":{"enabledWorkflows":[]},"_links":{"self":[{"href":"https:\/\/blogdoeloiltoncajuhy.com.br\/site\/wp-json\/wp\/v2\/posts\/30569","targetHints":{"allow":["GET"]}}],"collection":[{"href":"https:\/\/blogdoeloiltoncajuhy.com.br\/site\/wp-json\/wp\/v2\/posts"}],"about":[{"href":"https:\/\/blogdoeloiltoncajuhy.com.br\/site\/wp-json\/wp\/v2\/types\/post"}],"author":[{"embeddable":true,"href":"https:\/\/blogdoeloiltoncajuhy.com.br\/site\/wp-json\/wp\/v2\/users\/2"}],"replies":[{"embeddable":true,"href":"https:\/\/blogdoeloiltoncajuhy.com.br\/site\/wp-json\/wp\/v2\/comments?post=30569"}],"version-history":[{"count":1,"href":"https:\/\/blogdoeloiltoncajuhy.com.br\/site\/wp-json\/wp\/v2\/posts\/30569\/revisions"}],"predecessor-version":[{"id":30571,"href":"https:\/\/blogdoeloiltoncajuhy.com.br\/site\/wp-json\/wp\/v2\/posts\/30569\/revisions\/30571"}],"wp:featuredmedia":[{"embeddable":true,"href":"https:\/\/blogdoeloiltoncajuhy.com.br\/site\/wp-json\/wp\/v2\/media\/30570"}],"wp:attachment":[{"href":"https:\/\/blogdoeloiltoncajuhy.com.br\/site\/wp-json\/wp\/v2\/media?parent=30569"}],"wp:term":[{"taxonomy":"category","embeddable":true,"href":"https:\/\/blogdoeloiltoncajuhy.com.br\/site\/wp-json\/wp\/v2\/categories?post=30569"},{"taxonomy":"post_tag","embeddable":true,"href":"https:\/\/blogdoeloiltoncajuhy.com.br\/site\/wp-json\/wp\/v2\/tags?post=30569"}],"curies":[{"name":"wp","href":"https:\/\/api.w.org\/{rel}","templated":true}]}}