{"id":30560,"date":"2019-01-06T20:15:13","date_gmt":"2019-01-06T23:15:13","guid":{"rendered":"http:\/\/blogdoeloiltoncajuhy.com.br\/site\/?p=30560"},"modified":"2019-01-06T20:15:20","modified_gmt":"2019-01-06T23:15:20","slug":"comece-a-segunda-feira-meditando-mt-412-17-23-25","status":"publish","type":"post","link":"https:\/\/blogdoeloiltoncajuhy.com.br\/site\/comece-a-segunda-feira-meditando-mt-412-17-23-25\/","title":{"rendered":"Comece a segunda-feira meditando (Mt 4,12-17.23-25)"},"content":{"rendered":"\n<div class=\"wp-block-image\"><figure class=\"aligncenter\"><img data-recalc-dims=\"1\" fetchpriority=\"high\" decoding=\"async\" width=\"600\" height=\"375\" src=\"https:\/\/i0.wp.com\/blogdoeloiltoncajuhy.com.br\/site\/wp-content\/uploads\/2017\/12\/liturgia20209-e1514675678133.png?resize=600%2C375\" alt=\"\" class=\"wp-image-22319\"\/><\/figure><\/div>\n\n\n\n<p>Naquele tempo, ao saber que Jo\u00e3o tinha sido preso, Jesus voltou para a Galileia. Deixou Nazar\u00e9 e foi morar em Cafarnaum, que fica \u00e0s margens do mar da Galileia, no territ\u00f3rio de Zabulon e Neftali, para se cumprir o que foi dito pelo profeta Isa\u00edas: <em>\u201cTerra de Zabulon, terra de Neftali, caminho do mar, regi\u00e3o do outro lado do rio Jord\u00e3o, Galileia dos pag\u00e3os! O povo que vivia nas trevas viu uma grande luz; e para os que viviam na regi\u00e3o escura da morte brilhou uma luz\u201d<\/em>.<\/p>\n\n\n\n<p>Da\u00ed em diante, Jesus come\u00e7ou a pregar, dizendo: <em>\u201cConvertei-vos, porque o Reino dos C\u00e9us est\u00e1 pr\u00f3ximo\u201d<\/em>. Jesus andava por toda a Galileia, ensinando em suas sinagogas, pregando o Evangelho do Reino e curando todo tipo de doen\u00e7a e enfermidade do povo.<\/p>\n\n\n\n<p>E sua fama espalhou-se por toda a S\u00edria. Levavam-lhe todos os doentes, que sofriam diversas enfermidades e tormentos: endemoninhados, epil\u00e9pticos e paral\u00edticos. E Jesus os curava. Numerosas multid\u00f5es o seguiam, vindas da Galileia, da Dec\u00e1pole, de Jerusal\u00e9m, da Judeia, e da regi\u00e3o al\u00e9m do Jord\u00e3o.<\/p>\n\n\n\n<p><strong>Palavra da Salva\u00e7\u00e3o!<\/strong><\/p>\n\n\n\n<p><strong><em><a href=\"https:\/\/liturgia.cancaonova.com\/pb\/liturgia\/segunda-feira-depois-da-epifania\/?sDia=7&amp;sMes=01&amp;sAno=2019\">Can\u00e7\u00e3o Nova<\/a><\/em><\/strong><\/p>\n","protected":false},"excerpt":{"rendered":"<p>Naquele tempo, ao saber que Jo\u00e3o tinha sido preso, Jesus voltou para a Galileia. Deixou Nazar\u00e9 e foi morar em Cafarnaum, que fica \u00e0s margens do mar da Galileia, no territ\u00f3rio de Zabulon e Neftali, para se cumprir o que foi dito pelo profeta Isa\u00edas: \u201cTerra de Zabulon, terra de Neftali, caminho do mar, regi\u00e3o [&hellip;]<\/p>\n","protected":false},"author":2,"featured_media":0,"comment_status":"open","ping_status":"open","sticky":false,"template":"","format":"standard","meta":{"_acf_changed":false,"_monsterinsights_skip_tracking":false,"_monsterinsights_sitenote_active":false,"_monsterinsights_sitenote_note":"","_monsterinsights_sitenote_category":0,"_jetpack_memberships_contains_paid_content":false,"footnotes":"","jetpack_publicize_message":"","jetpack_publicize_feature_enabled":true,"jetpack_social_post_already_shared":true,"jetpack_social_options":{"image_generator_settings":{"template":"highway","default_image_id":0,"font":"","enabled":false},"version":2}},"categories":[1,9],"tags":[],"class_list":["post-30560","post","type-post","status-publish","format-standard","hentry","category-noticias","category-reflexao"],"acf":[],"jetpack_publicize_connections":[],"jetpack_featured_media_url":"","jetpack_sharing_enabled":true,"publishpress_future_workflow_manual_trigger":{"enabledWorkflows":[]},"_links":{"self":[{"href":"https:\/\/blogdoeloiltoncajuhy.com.br\/site\/wp-json\/wp\/v2\/posts\/30560","targetHints":{"allow":["GET"]}}],"collection":[{"href":"https:\/\/blogdoeloiltoncajuhy.com.br\/site\/wp-json\/wp\/v2\/posts"}],"about":[{"href":"https:\/\/blogdoeloiltoncajuhy.com.br\/site\/wp-json\/wp\/v2\/types\/post"}],"author":[{"embeddable":true,"href":"https:\/\/blogdoeloiltoncajuhy.com.br\/site\/wp-json\/wp\/v2\/users\/2"}],"replies":[{"embeddable":true,"href":"https:\/\/blogdoeloiltoncajuhy.com.br\/site\/wp-json\/wp\/v2\/comments?post=30560"}],"version-history":[{"count":1,"href":"https:\/\/blogdoeloiltoncajuhy.com.br\/site\/wp-json\/wp\/v2\/posts\/30560\/revisions"}],"predecessor-version":[{"id":30561,"href":"https:\/\/blogdoeloiltoncajuhy.com.br\/site\/wp-json\/wp\/v2\/posts\/30560\/revisions\/30561"}],"wp:attachment":[{"href":"https:\/\/blogdoeloiltoncajuhy.com.br\/site\/wp-json\/wp\/v2\/media?parent=30560"}],"wp:term":[{"taxonomy":"category","embeddable":true,"href":"https:\/\/blogdoeloiltoncajuhy.com.br\/site\/wp-json\/wp\/v2\/categories?post=30560"},{"taxonomy":"post_tag","embeddable":true,"href":"https:\/\/blogdoeloiltoncajuhy.com.br\/site\/wp-json\/wp\/v2\/tags?post=30560"}],"curies":[{"name":"wp","href":"https:\/\/api.w.org\/{rel}","templated":true}]}}