{"id":30553,"date":"2019-01-06T18:55:38","date_gmt":"2019-01-06T21:55:38","guid":{"rendered":"http:\/\/blogdoeloiltoncajuhy.com.br\/site\/?p=30553"},"modified":"2019-01-06T18:55:45","modified_gmt":"2019-01-06T21:55:45","slug":"prefeitura-de-jaguarari-inicia-processo-de-limpeza-do-lixao-municipal","status":"publish","type":"post","link":"https:\/\/blogdoeloiltoncajuhy.com.br\/site\/prefeitura-de-jaguarari-inicia-processo-de-limpeza-do-lixao-municipal\/","title":{"rendered":"Prefeitura de Jaguarari inicia processo de limpeza do lix\u00e3o municipal"},"content":{"rendered":"\n<div class=\"wp-block-image\"><figure class=\"aligncenter\"><img data-recalc-dims=\"1\" fetchpriority=\"high\" decoding=\"async\" width=\"800\" height=\"450\" src=\"https:\/\/i0.wp.com\/blogdoeloiltoncajuhy.com.br\/site\/wp-content\/uploads\/2019\/01\/JaguarariLixaoLimpeza01.jpeg?resize=800%2C450\" alt=\"\" class=\"wp-image-30554\" srcset=\"https:\/\/i0.wp.com\/blogdoeloiltoncajuhy.com.br\/site\/wp-content\/uploads\/2019\/01\/JaguarariLixaoLimpeza01.jpeg?resize=1024%2C576&amp;ssl=1 1024w, https:\/\/i0.wp.com\/blogdoeloiltoncajuhy.com.br\/site\/wp-content\/uploads\/2019\/01\/JaguarariLixaoLimpeza01.jpeg?resize=300%2C169&amp;ssl=1 300w, https:\/\/i0.wp.com\/blogdoeloiltoncajuhy.com.br\/site\/wp-content\/uploads\/2019\/01\/JaguarariLixaoLimpeza01.jpeg?resize=768%2C432&amp;ssl=1 768w, https:\/\/i0.wp.com\/blogdoeloiltoncajuhy.com.br\/site\/wp-content\/uploads\/2019\/01\/JaguarariLixaoLimpeza01.jpeg?resize=250%2C141&amp;ssl=1 250w, https:\/\/i0.wp.com\/blogdoeloiltoncajuhy.com.br\/site\/wp-content\/uploads\/2019\/01\/JaguarariLixaoLimpeza01.jpeg?w=1280&amp;ssl=1 1280w\" sizes=\"(max-width: 800px) 100vw, 800px\" \/><\/figure><\/div>\n\n\n\n<p>No per\u00edodo da tarde deste domingo (06) o prefeito de Jaguarari, Everton Rocha, acompanhado do vereador Louri da Barrinha, recebeu das m\u00e3os do secret\u00e1rio executivo do Consorcio do Territ\u00f3rio Piemonte Norte do Itapicuru, Toinho Cerqueira, um trator fruto do conv\u00eanio assinado junto \u00e0 entidade, que realizar\u00e1 a limpeza no lix\u00e3o municipal. O trabalho de limpeza foi iniciado de forma imediata aterrando uma grande quantidade de lixo.<\/p>\n\n\n\n<p>Vale ressaltar, que a ultima vez que o lix\u00e3o passou por processo de limpeza semelhante foi em 2017 sob o comando da atual administra\u00e7\u00e3o e iria passar novamente durante o primeiro semestre de 2018, porem, ap\u00f3s o prefeito Everton Rocha deixar o comando do executivo, o lix\u00e3o foi abandonado.<\/p>\n\n\n\n<div class=\"wp-block-image\"><figure class=\"aligncenter\"><img data-recalc-dims=\"1\" decoding=\"async\" width=\"800\" height=\"450\" src=\"https:\/\/i0.wp.com\/blogdoeloiltoncajuhy.com.br\/site\/wp-content\/uploads\/2019\/01\/JaguarariLixaoLimpeza02.jpeg?resize=800%2C450\" alt=\"\" class=\"wp-image-30555\" srcset=\"https:\/\/i0.wp.com\/blogdoeloiltoncajuhy.com.br\/site\/wp-content\/uploads\/2019\/01\/JaguarariLixaoLimpeza02.jpeg?resize=1024%2C576&amp;ssl=1 1024w, https:\/\/i0.wp.com\/blogdoeloiltoncajuhy.com.br\/site\/wp-content\/uploads\/2019\/01\/JaguarariLixaoLimpeza02.jpeg?resize=300%2C169&amp;ssl=1 300w, https:\/\/i0.wp.com\/blogdoeloiltoncajuhy.com.br\/site\/wp-content\/uploads\/2019\/01\/JaguarariLixaoLimpeza02.jpeg?resize=768%2C432&amp;ssl=1 768w, https:\/\/i0.wp.com\/blogdoeloiltoncajuhy.com.br\/site\/wp-content\/uploads\/2019\/01\/JaguarariLixaoLimpeza02.jpeg?resize=250%2C141&amp;ssl=1 250w, https:\/\/i0.wp.com\/blogdoeloiltoncajuhy.com.br\/site\/wp-content\/uploads\/2019\/01\/JaguarariLixaoLimpeza02.jpeg?w=1280&amp;ssl=1 1280w\" sizes=\"(max-width: 800px) 100vw, 800px\" \/><\/figure><\/div>\n\n\n\n<p>Com a chegada do trator e inicio do trabalho de limpeza, a gest\u00e3o municipal retoma o projeto que tem como objetivo mudar a localiza\u00e7\u00e3o do lix\u00e3o, atualmente na entrada da cidade, adquirir um terreno mais afastado e construir um aterro com mais estrutura para receber os res\u00edduos de todo o munic\u00edpio. O local onde hoje \u00e9 o lix\u00e3o ser\u00e1 arborizado, dando uma imagem ainda mais atrativa para a entrada da cidade.<\/p>\n\n\n\n<p>O projeto para a transfer\u00eancia do lix\u00e3o municipal para outro local j\u00e1 est\u00e1 na c\u00e2mara de vereadores e deve entrar em pauta j\u00e1 na pr\u00f3xima sess\u00e3o. No conte\u00fado do projeto, fica evidente a necessidade da mudan\u00e7a de local, tanto pela quest\u00e3o de sa\u00fade publica, quanto pela est\u00e9tica urbana.<\/p>\n\n\n\n<p><strong><em>ASCOM \u2013 Prefeitura de Jaguarari<\/em><\/strong><\/p>\n","protected":false},"excerpt":{"rendered":"<p>No per\u00edodo da tarde deste domingo (06) o prefeito de Jaguarari, Everton Rocha, acompanhado do vereador Louri da Barrinha, recebeu das m\u00e3os do secret\u00e1rio executivo do Consorcio do Territ\u00f3rio Piemonte Norte do Itapicuru, Toinho Cerqueira, um trator fruto do conv\u00eanio assinado junto \u00e0 entidade, que realizar\u00e1 a limpeza no lix\u00e3o municipal. O trabalho de limpeza [&hellip;]<\/p>\n","protected":false},"author":2,"featured_media":30555,"comment_status":"open","ping_status":"open","sticky":false,"template":"","format":"standard","meta":{"_acf_changed":false,"_monsterinsights_skip_tracking":false,"_monsterinsights_sitenote_active":false,"_monsterinsights_sitenote_note":"","_monsterinsights_sitenote_category":0,"_jetpack_memberships_contains_paid_content":false,"footnotes":"","jetpack_publicize_message":"","jetpack_publicize_feature_enabled":true,"jetpack_social_post_already_shared":true,"jetpack_social_options":{"image_generator_settings":{"template":"highway","default_image_id":0,"font":"","enabled":false},"version":2}},"categories":[1,3,11],"tags":[],"class_list":["post-30553","post","type-post","status-publish","format-standard","has-post-thumbnail","hentry","category-noticias","category-politica","category-regional"],"acf":[],"jetpack_publicize_connections":[],"jetpack_featured_media_url":"https:\/\/i0.wp.com\/blogdoeloiltoncajuhy.com.br\/site\/wp-content\/uploads\/2019\/01\/JaguarariLixaoLimpeza02.jpeg?fit=1280%2C720&ssl=1","jetpack_sharing_enabled":true,"publishpress_future_workflow_manual_trigger":{"enabledWorkflows":[]},"_links":{"self":[{"href":"https:\/\/blogdoeloiltoncajuhy.com.br\/site\/wp-json\/wp\/v2\/posts\/30553","targetHints":{"allow":["GET"]}}],"collection":[{"href":"https:\/\/blogdoeloiltoncajuhy.com.br\/site\/wp-json\/wp\/v2\/posts"}],"about":[{"href":"https:\/\/blogdoeloiltoncajuhy.com.br\/site\/wp-json\/wp\/v2\/types\/post"}],"author":[{"embeddable":true,"href":"https:\/\/blogdoeloiltoncajuhy.com.br\/site\/wp-json\/wp\/v2\/users\/2"}],"replies":[{"embeddable":true,"href":"https:\/\/blogdoeloiltoncajuhy.com.br\/site\/wp-json\/wp\/v2\/comments?post=30553"}],"version-history":[{"count":1,"href":"https:\/\/blogdoeloiltoncajuhy.com.br\/site\/wp-json\/wp\/v2\/posts\/30553\/revisions"}],"predecessor-version":[{"id":30556,"href":"https:\/\/blogdoeloiltoncajuhy.com.br\/site\/wp-json\/wp\/v2\/posts\/30553\/revisions\/30556"}],"wp:featuredmedia":[{"embeddable":true,"href":"https:\/\/blogdoeloiltoncajuhy.com.br\/site\/wp-json\/wp\/v2\/media\/30555"}],"wp:attachment":[{"href":"https:\/\/blogdoeloiltoncajuhy.com.br\/site\/wp-json\/wp\/v2\/media?parent=30553"}],"wp:term":[{"taxonomy":"category","embeddable":true,"href":"https:\/\/blogdoeloiltoncajuhy.com.br\/site\/wp-json\/wp\/v2\/categories?post=30553"},{"taxonomy":"post_tag","embeddable":true,"href":"https:\/\/blogdoeloiltoncajuhy.com.br\/site\/wp-json\/wp\/v2\/tags?post=30553"}],"curies":[{"name":"wp","href":"https:\/\/api.w.org\/{rel}","templated":true}]}}