{"id":30550,"date":"2019-01-06T18:19:06","date_gmt":"2019-01-06T21:19:06","guid":{"rendered":"http:\/\/blogdoeloiltoncajuhy.com.br\/site\/?p=30550"},"modified":"2019-01-06T18:19:13","modified_gmt":"2019-01-06T21:19:13","slug":"prefeito-carlos-brasileiro-autoriza-processo-de-revitalizacao-da-lagoa-do-fedor-em-igara-e-informa-outros-investimentos-no-distrito","status":"publish","type":"post","link":"https:\/\/blogdoeloiltoncajuhy.com.br\/site\/prefeito-carlos-brasileiro-autoriza-processo-de-revitalizacao-da-lagoa-do-fedor-em-igara-e-informa-outros-investimentos-no-distrito\/","title":{"rendered":"Prefeito Carlos Brasileiro autoriza processo de revitaliza\u00e7\u00e3o da Lagoa do Fedor em Igara e informa outros investimentos no Distrito"},"content":{"rendered":"\n<div class=\"wp-block-image\"><figure class=\"aligncenter\"><img data-recalc-dims=\"1\" fetchpriority=\"high\" decoding=\"async\" width=\"800\" height=\"534\" src=\"https:\/\/i0.wp.com\/blogdoeloiltoncajuhy.com.br\/site\/wp-content\/uploads\/2019\/01\/PMSB_LagoaFedorIgara.jpg?resize=800%2C534\" alt=\"\" class=\"wp-image-30551\" srcset=\"https:\/\/i0.wp.com\/blogdoeloiltoncajuhy.com.br\/site\/wp-content\/uploads\/2019\/01\/PMSB_LagoaFedorIgara.jpg?resize=1024%2C683&amp;ssl=1 1024w, https:\/\/i0.wp.com\/blogdoeloiltoncajuhy.com.br\/site\/wp-content\/uploads\/2019\/01\/PMSB_LagoaFedorIgara.jpg?resize=300%2C200&amp;ssl=1 300w, https:\/\/i0.wp.com\/blogdoeloiltoncajuhy.com.br\/site\/wp-content\/uploads\/2019\/01\/PMSB_LagoaFedorIgara.jpg?resize=768%2C512&amp;ssl=1 768w, https:\/\/i0.wp.com\/blogdoeloiltoncajuhy.com.br\/site\/wp-content\/uploads\/2019\/01\/PMSB_LagoaFedorIgara.jpg?resize=250%2C167&amp;ssl=1 250w, https:\/\/i0.wp.com\/blogdoeloiltoncajuhy.com.br\/site\/wp-content\/uploads\/2019\/01\/PMSB_LagoaFedorIgara.jpg?w=1600 1600w, https:\/\/i0.wp.com\/blogdoeloiltoncajuhy.com.br\/site\/wp-content\/uploads\/2019\/01\/PMSB_LagoaFedorIgara.jpg?w=2400 2400w\" sizes=\"(max-width: 800px) 100vw, 800px\" \/><\/figure><\/div>\n\n\n\n<p>O pacote de a\u00e7\u00f5es do programa Bonfim em Desenvolvimento para Igara continua e o distrito recebe mais um grande investimento do governo municipal. A revitaliza\u00e7\u00e3o da <strong>\u201cLagoa do Fedor\u201d<\/strong> &#8211; uma antiga reivindica\u00e7\u00e3o dos moradores &#8211; foi autorizada pelo prefeito Carlos Brasileiro e o edital deve ser publicado nessa pr\u00f3xima semana.<\/p>\n\n\n\n<p>Com recursos na ordem de R$ 500 mil, solicitada pelo ex-vereador Ivan Barbosa, provenientes de emenda parlamentar do Deputado Federal Afonso Florence e recursos adicionais do IPTU (recursos pr\u00f3prios), o grandioso projeto de revitaliza\u00e7\u00e3o da \u201cLagoa do Fedor\u201d prev\u00ea a constru\u00e7\u00e3o de duas esta\u00e7\u00f5es de tratamento, rede de esgoto e pavimenta\u00e7\u00e3o de ruas. A \u00e1rea no entorno ainda receber\u00e1 arboriza\u00e7\u00e3o, jardinagem e parque infantil.<\/p>\n\n\n\n<p>Durante assinatura autorizativa para in\u00edcio do processo de revitaliza\u00e7\u00e3o da Lagoa, o prefeito tamb\u00e9m informou sobre o andamento do processo para execu\u00e7\u00e3o da rede de esgoto da rua Arapiraca e adjac\u00eancias, uma obra solicitada atrav\u00e9s de indica\u00e7\u00e3o pelo vereador Mimo e t\u00e3o desejada pelos moradores &#8211; estimada em R$ 45 mil com recursos pr\u00f3prios &#8211; fonte da contribui\u00e7\u00e3o dos bonfinenses que pagam em dia o IPTU.<\/p>\n\n\n\n<p><em>\u201cTrabalhamos com dedica\u00e7\u00e3o, transpar\u00eancia e respeito para promover o desenvolvimento em todos os locais do munic\u00edpio. Muito foi deixado parado, esquecido ou abandonado, mas agora nossa cidade est\u00e1 recebendo investimentos nunca vistos antes, fruto do compromisso do governador Rui Costa, deputados, vereadores que t\u00eam compromisso com a coletividade e dos contribuintes que sabem que cada centavo dos seus impostos no nosso governo ser\u00e1 revertido em obras e servi\u00e7os. Inauguramos 41 obras em 2018 e vamos avan\u00e7ar muito mais em 2019\u201d<\/em>, afirmou Brasileiro. <\/p>\n\n\n\n<p>Ap\u00f3s a revitaliza\u00e7\u00e3o da \u201cLagoa do Fedor\u201d, o governo municipal prev\u00ea a doa\u00e7\u00e3o de terrenos para fam\u00edlias de baixa renda constru\u00edrem moradias no entorno. A obra est\u00e1 projetada para ser executada em duas etapas. <\/p>\n\n\n\n<p>Recentemente o prefeito entregou \u00e0 juventude Igarense o complexo esportivo Jos\u00e9 Martins da Silva totalmente reformado e com nova cobertura, supervisionado por t\u00e9cnicos da Secretaria de infraestrutura de Senhor do Bonfim.<\/p>\n\n\n\n<p>O Programa Bonfim em Desenvolvimento \u00e9 o maior pacote de investimentos p\u00fablicos da hist\u00f3ria de Senhor Bonfim. Os recursos ultrapassam R$ 200 milh\u00f5es e beneficiam moradores da sede e interior do munic\u00edpio. Em Igara j\u00e1 est\u00e3o previstos mais de um milh\u00e3o em obras.<\/p>\n\n\n\n<p><strong><em>ASCOM &#8211; Prefeitura Municipal de Senhor do Bonfim &#8211; BA<\/em><\/strong><\/p>\n","protected":false},"excerpt":{"rendered":"<p>O pacote de a\u00e7\u00f5es do programa Bonfim em Desenvolvimento para Igara continua e o distrito recebe mais um grande investimento do governo municipal. A revitaliza\u00e7\u00e3o da \u201cLagoa do Fedor\u201d &#8211; uma antiga reivindica\u00e7\u00e3o dos moradores &#8211; foi autorizada pelo prefeito Carlos Brasileiro e o edital deve ser publicado nessa pr\u00f3xima semana. Com recursos na ordem [&hellip;]<\/p>\n","protected":false},"author":2,"featured_media":30551,"comment_status":"open","ping_status":"open","sticky":false,"template":"","format":"standard","meta":{"_acf_changed":false,"_monsterinsights_skip_tracking":false,"_monsterinsights_sitenote_active":false,"_monsterinsights_sitenote_note":"","_monsterinsights_sitenote_category":0,"_jetpack_memberships_contains_paid_content":false,"footnotes":"","jetpack_publicize_message":"","jetpack_publicize_feature_enabled":true,"jetpack_social_post_already_shared":true,"jetpack_social_options":{"image_generator_settings":{"template":"highway","default_image_id":0,"font":"","enabled":false},"version":2}},"categories":[1,3,4],"tags":[],"class_list":["post-30550","post","type-post","status-publish","format-standard","has-post-thumbnail","hentry","category-noticias","category-politica","category-local"],"acf":[],"jetpack_publicize_connections":[],"jetpack_featured_media_url":"https:\/\/i0.wp.com\/blogdoeloiltoncajuhy.com.br\/site\/wp-content\/uploads\/2019\/01\/PMSB_LagoaFedorIgara.jpg?fit=2400%2C1600&ssl=1","jetpack_sharing_enabled":true,"publishpress_future_workflow_manual_trigger":{"enabledWorkflows":[]},"_links":{"self":[{"href":"https:\/\/blogdoeloiltoncajuhy.com.br\/site\/wp-json\/wp\/v2\/posts\/30550","targetHints":{"allow":["GET"]}}],"collection":[{"href":"https:\/\/blogdoeloiltoncajuhy.com.br\/site\/wp-json\/wp\/v2\/posts"}],"about":[{"href":"https:\/\/blogdoeloiltoncajuhy.com.br\/site\/wp-json\/wp\/v2\/types\/post"}],"author":[{"embeddable":true,"href":"https:\/\/blogdoeloiltoncajuhy.com.br\/site\/wp-json\/wp\/v2\/users\/2"}],"replies":[{"embeddable":true,"href":"https:\/\/blogdoeloiltoncajuhy.com.br\/site\/wp-json\/wp\/v2\/comments?post=30550"}],"version-history":[{"count":1,"href":"https:\/\/blogdoeloiltoncajuhy.com.br\/site\/wp-json\/wp\/v2\/posts\/30550\/revisions"}],"predecessor-version":[{"id":30552,"href":"https:\/\/blogdoeloiltoncajuhy.com.br\/site\/wp-json\/wp\/v2\/posts\/30550\/revisions\/30552"}],"wp:featuredmedia":[{"embeddable":true,"href":"https:\/\/blogdoeloiltoncajuhy.com.br\/site\/wp-json\/wp\/v2\/media\/30551"}],"wp:attachment":[{"href":"https:\/\/blogdoeloiltoncajuhy.com.br\/site\/wp-json\/wp\/v2\/media?parent=30550"}],"wp:term":[{"taxonomy":"category","embeddable":true,"href":"https:\/\/blogdoeloiltoncajuhy.com.br\/site\/wp-json\/wp\/v2\/categories?post=30550"},{"taxonomy":"post_tag","embeddable":true,"href":"https:\/\/blogdoeloiltoncajuhy.com.br\/site\/wp-json\/wp\/v2\/tags?post=30550"}],"curies":[{"name":"wp","href":"https:\/\/api.w.org\/{rel}","templated":true}]}}