{"id":30547,"date":"2019-01-06T18:05:31","date_gmt":"2019-01-06T21:05:31","guid":{"rendered":"http:\/\/blogdoeloiltoncajuhy.com.br\/site\/?p=30547"},"modified":"2019-01-06T18:05:37","modified_gmt":"2019-01-06T21:05:37","slug":"prefeito-carlos-brasileiro-inicia-o-sistema-de-qualidade-no-transporte-urbano-de-senhor-do-bonfim-e-assina-aviso-de-licitacao","status":"publish","type":"post","link":"https:\/\/blogdoeloiltoncajuhy.com.br\/site\/prefeito-carlos-brasileiro-inicia-o-sistema-de-qualidade-no-transporte-urbano-de-senhor-do-bonfim-e-assina-aviso-de-licitacao\/","title":{"rendered":"Prefeito Carlos Brasileiro inicia o sistema de qualidade no transporte urbano de Senhor do Bonfim e assina aviso de licita\u00e7\u00e3o"},"content":{"rendered":"\n<div class=\"wp-block-image\"><figure class=\"aligncenter\"><img data-recalc-dims=\"1\" fetchpriority=\"high\" decoding=\"async\" width=\"800\" height=\"532\" src=\"https:\/\/i0.wp.com\/blogdoeloiltoncajuhy.com.br\/site\/wp-content\/uploads\/2019\/01\/PMSB_LicitacaoOnibus.jpg?resize=800%2C532\" alt=\"\" class=\"wp-image-30548\" srcset=\"https:\/\/i0.wp.com\/blogdoeloiltoncajuhy.com.br\/site\/wp-content\/uploads\/2019\/01\/PMSB_LicitacaoOnibus.jpg?resize=1024%2C681&amp;ssl=1 1024w, https:\/\/i0.wp.com\/blogdoeloiltoncajuhy.com.br\/site\/wp-content\/uploads\/2019\/01\/PMSB_LicitacaoOnibus.jpg?resize=300%2C199&amp;ssl=1 300w, https:\/\/i0.wp.com\/blogdoeloiltoncajuhy.com.br\/site\/wp-content\/uploads\/2019\/01\/PMSB_LicitacaoOnibus.jpg?resize=768%2C511&amp;ssl=1 768w, https:\/\/i0.wp.com\/blogdoeloiltoncajuhy.com.br\/site\/wp-content\/uploads\/2019\/01\/PMSB_LicitacaoOnibus.jpg?resize=250%2C166&amp;ssl=1 250w, https:\/\/i0.wp.com\/blogdoeloiltoncajuhy.com.br\/site\/wp-content\/uploads\/2019\/01\/PMSB_LicitacaoOnibus.jpg?w=1600 1600w, https:\/\/i0.wp.com\/blogdoeloiltoncajuhy.com.br\/site\/wp-content\/uploads\/2019\/01\/PMSB_LicitacaoOnibus.jpg?w=2400 2400w\" sizes=\"(max-width: 800px) 100vw, 800px\" \/><\/figure><\/div>\n\n\n\n<p>A popula\u00e7\u00e3o bonfinense ganhar\u00e1 em breve um sistema de transporte urbano digno da sua grandiosidade. O prefeito Carlos Brasileiro, dando total transpar\u00eancia aos atos administrativos, assinou e publicou no Di\u00e1rio Oficial dos Munic\u00edpios, edi\u00e7\u00e3o de 04\/01\/2019, o t\u00e3o aguardado aviso de licita\u00e7\u00e3o para ampla concorr\u00eancia p\u00fablica, visando selecionar empresa especializada para concess\u00e3o de presta\u00e7\u00e3o de servi\u00e7o p\u00fablico de transporte coletivo urbano de passageiros.<\/p>\n\n\n\n<p>Al\u00e9m do ato administrativo, Carlos Brasileiro e equipe t\u00e9cnica de servidores municipais trabalharam intensamente durante o ano de 2018 no estudo das vias p\u00fablicas, analise dos roteiros, estrat\u00e9gias de melhoria e novos roteiros que proporcionar\u00e3o ao usu\u00e1rios conforto, seguran\u00e7a, agilidade e pontualidade dos \u00f4nibus que trafegar\u00e3o pelo munic\u00edpio \u2013 o estudo contempla zona urbana e rural \u2013 e todo estudo foi mapeado atrav\u00e9s de GPS com experimenta\u00e7\u00e3o in loco.<\/p>\n\n\n\n<p>Al\u00e9m de abertura de novos roteiros e novas vias \u2013 exemplo de linhas exclusivas para a Policl\u00ednica Regional, UNEB, Complexo Policial e UPA 24h &#8211; a exig\u00eancia do prefeito tamb\u00e9m est\u00e1 concentrada na qualidade dos \u00f4nibus.<\/p>\n\n\n\n<p><em>\u201cN\u00f3s, bonfinenses, merecemos um sistema de transporte urbano de qualidade, e por isso trabalhamos intensamente na constru\u00e7\u00e3o de um projeto que permite um r\u00e1pido acesso com conforto.<\/em><\/p>\n\n\n\n<p><em>Analisamos todos os fluxos, estivemos nos principais pontos para verificar a pontualidade, e colhemos informa\u00e7\u00f5es dos usu\u00e1rios sobre a qualidade dos ve\u00edculos.<\/em><\/p>\n\n\n\n<p><em>Com esse estudo chegamos \u00e0 conclus\u00e3o que nosso transporte urbano precisa de uma revitaliza\u00e7\u00e3o com frota moderna, pontos de parada adequados, novas vias e comodidade para todos usu\u00e1rios &#8211; independentemente de suas faixas et\u00e1rias. Esse foi um dos nossos compromissos de campanha com os bonfinenses e estamos ansiosos para v\u00ea-lo em pleno funcionamento\u201d<\/em>, afirmou Carlos Brasileiro durante reuni\u00e3o de assinatura do aviso do chamamento p\u00fablico.<\/p>\n\n\n\n<p>O munic\u00edpio de Senhor do Bonfim tem uma \u00e1rea urbana extensa e complexa, com demanda reprimida para uso do transporte urbano por \u00f4nibus, devido a neglig\u00eancia e problemas pontuais n\u00e3o sanados na gest\u00e3o anterior. Sendo assim, as pessoas preferem usar meios alternativos.<\/p>\n\n\n\n<p>A melhoria no transporte urbano, no mesmo desenho das grandes cidades urbanas, refor\u00e7a o objetivo da atual gest\u00e3o em colocar Senhor do Bonfim novamente na via do desenvolvimento com reconhecimento nacional pela qualidade de vida, dinamismo e modernidade.<\/p>\n\n\n\n<p>Todas as informa\u00e7\u00f5es sobre o processo licitat\u00f3rio est\u00e3o dispon\u00edveis no Di\u00e1rio Oficial do Munic\u00edpio (DOEM) e no Portal da Transpar\u00eancia Municipal com acesso atrav\u00e9s do site oficial da Prefeitura Municipal de Senhor do Bonfim (<a rel=\"noreferrer noopener\" href=\"http:\/\/www.pmsb.ba.gov.br\/\" target=\"_blank\">www.pmsb.ba.gov.br<\/a>).<\/p>\n\n\n\n<p><strong><em>ASCOM &#8211; Prefeitura Municipal de Senhor do Bonfim &#8211; BA<\/em><\/strong><\/p>\n","protected":false},"excerpt":{"rendered":"<p>A popula\u00e7\u00e3o bonfinense ganhar\u00e1 em breve um sistema de transporte urbano digno da sua grandiosidade. O prefeito Carlos Brasileiro, dando total transpar\u00eancia aos atos administrativos, assinou e publicou no Di\u00e1rio Oficial dos Munic\u00edpios, edi\u00e7\u00e3o de 04\/01\/2019, o t\u00e3o aguardado aviso de licita\u00e7\u00e3o para ampla concorr\u00eancia p\u00fablica, visando selecionar empresa especializada para concess\u00e3o de presta\u00e7\u00e3o de [&hellip;]<\/p>\n","protected":false},"author":2,"featured_media":30548,"comment_status":"open","ping_status":"open","sticky":false,"template":"","format":"standard","meta":{"_acf_changed":false,"_monsterinsights_skip_tracking":false,"_monsterinsights_sitenote_active":false,"_monsterinsights_sitenote_note":"","_monsterinsights_sitenote_category":0,"_jetpack_memberships_contains_paid_content":false,"footnotes":"","jetpack_publicize_message":"","jetpack_publicize_feature_enabled":true,"jetpack_social_post_already_shared":true,"jetpack_social_options":{"image_generator_settings":{"template":"highway","default_image_id":0,"font":"","enabled":false},"version":2}},"categories":[1,3],"tags":[],"class_list":["post-30547","post","type-post","status-publish","format-standard","has-post-thumbnail","hentry","category-noticias","category-politica"],"acf":[],"jetpack_publicize_connections":[],"jetpack_featured_media_url":"https:\/\/i0.wp.com\/blogdoeloiltoncajuhy.com.br\/site\/wp-content\/uploads\/2019\/01\/PMSB_LicitacaoOnibus.jpg?fit=3008%2C2000&ssl=1","jetpack_sharing_enabled":true,"publishpress_future_workflow_manual_trigger":{"enabledWorkflows":[]},"_links":{"self":[{"href":"https:\/\/blogdoeloiltoncajuhy.com.br\/site\/wp-json\/wp\/v2\/posts\/30547","targetHints":{"allow":["GET"]}}],"collection":[{"href":"https:\/\/blogdoeloiltoncajuhy.com.br\/site\/wp-json\/wp\/v2\/posts"}],"about":[{"href":"https:\/\/blogdoeloiltoncajuhy.com.br\/site\/wp-json\/wp\/v2\/types\/post"}],"author":[{"embeddable":true,"href":"https:\/\/blogdoeloiltoncajuhy.com.br\/site\/wp-json\/wp\/v2\/users\/2"}],"replies":[{"embeddable":true,"href":"https:\/\/blogdoeloiltoncajuhy.com.br\/site\/wp-json\/wp\/v2\/comments?post=30547"}],"version-history":[{"count":1,"href":"https:\/\/blogdoeloiltoncajuhy.com.br\/site\/wp-json\/wp\/v2\/posts\/30547\/revisions"}],"predecessor-version":[{"id":30549,"href":"https:\/\/blogdoeloiltoncajuhy.com.br\/site\/wp-json\/wp\/v2\/posts\/30547\/revisions\/30549"}],"wp:featuredmedia":[{"embeddable":true,"href":"https:\/\/blogdoeloiltoncajuhy.com.br\/site\/wp-json\/wp\/v2\/media\/30548"}],"wp:attachment":[{"href":"https:\/\/blogdoeloiltoncajuhy.com.br\/site\/wp-json\/wp\/v2\/media?parent=30547"}],"wp:term":[{"taxonomy":"category","embeddable":true,"href":"https:\/\/blogdoeloiltoncajuhy.com.br\/site\/wp-json\/wp\/v2\/categories?post=30547"},{"taxonomy":"post_tag","embeddable":true,"href":"https:\/\/blogdoeloiltoncajuhy.com.br\/site\/wp-json\/wp\/v2\/tags?post=30547"}],"curies":[{"name":"wp","href":"https:\/\/api.w.org\/{rel}","templated":true}]}}