{"id":30543,"date":"2019-01-05T14:53:29","date_gmt":"2019-01-05T17:53:29","guid":{"rendered":"http:\/\/blogdoeloiltoncajuhy.com.br\/site\/?p=30543"},"modified":"2019-01-05T14:53:35","modified_gmt":"2019-01-05T17:53:35","slug":"juazeirense-x-vasco-novela-ganha-novo-capitulo-e-partida-pode-acontecer-no-adauto","status":"publish","type":"post","link":"https:\/\/blogdoeloiltoncajuhy.com.br\/site\/juazeirense-x-vasco-novela-ganha-novo-capitulo-e-partida-pode-acontecer-no-adauto\/","title":{"rendered":"Juazeirense x Vasco: &#8220;novela&#8221; ganha novo cap\u00edtulo e partida pode acontecer no Adauto"},"content":{"rendered":"\n<div class=\"wp-block-image\"><figure class=\"aligncenter is-resized\"><img data-recalc-dims=\"1\" fetchpriority=\"high\" decoding=\"async\" src=\"https:\/\/i0.wp.com\/blogdoeloiltoncajuhy.com.br\/site\/wp-content\/uploads\/2019\/01\/estadio-adauto-moraes.jpg?resize=461%2C340\" alt=\"\" class=\"wp-image-30544\" width=\"461\" height=\"340\" srcset=\"https:\/\/i0.wp.com\/blogdoeloiltoncajuhy.com.br\/site\/wp-content\/uploads\/2019\/01\/estadio-adauto-moraes.jpg?w=380&amp;ssl=1 380w, https:\/\/i0.wp.com\/blogdoeloiltoncajuhy.com.br\/site\/wp-content\/uploads\/2019\/01\/estadio-adauto-moraes.jpg?resize=300%2C221&amp;ssl=1 300w, https:\/\/i0.wp.com\/blogdoeloiltoncajuhy.com.br\/site\/wp-content\/uploads\/2019\/01\/estadio-adauto-moraes.jpg?resize=250%2C184&amp;ssl=1 250w\" sizes=\"(max-width: 461px) 100vw, 461px\" \/><figcaption><em>Foto: Glauber Guerra \/ Bahia Not\u00edcias<\/em><\/figcaption><\/figure><\/div>\n\n\n\n<p>A &#8220;novela&#8221; envolvendo o local do confronto entre Juazeirense e Vasco, pela 1\u00aa fase da Copa do Brasil, ganhou mais um cap\u00edtulo. Nesta sexta-feira (4), o prefeito de Juazeiro Paulo Bonfim, e empres\u00e1rios da regi\u00e3o, se reuniram com o presidente do Canc\u00e3o de Fogo, Roberto Carlos, para manter a partida no Adauto Moraes.<\/p>\n\n\n\n<p>Em entrevista ao Bahia Not\u00edcias, o diretor de futebol do clube, S\u00e9rgio Fernandes, confirmou o encontro e avaliou como positiva a conversa. O dirigente ainda afirmou que a decis\u00e3o deve sair na segunda-feira (7).<\/p>\n\n\n\n<p><em>\u201cO prefeito e alguns empres\u00e1rios conversaram com o Roberto, deram sugest\u00f5es, e o resultado foi positivo. Acredito que at\u00e9 segunda ele deve chegar a uma decis\u00e3o\u201d<\/em>, analisou Serginho.<\/p>\n\n\n\n<p>Na noite desta sexta, o clube postou um v\u00eddeo em sua conta no Instagram, no qual o prefeito Paulo Bonfim aparece ao lado do presidente Roberto Carlos. Ambos afirmam que est\u00e3o tentando manter a partida na pra\u00e7a esportiva da cidade.<\/p>\n\n\n\n<p>Vale lembrar, que a Juazeirense recebeu uma proposta para vender o mando de campo. A partida aconteceria, provavelmente, no Est\u00e1dio Man\u00e9 Garrincha, em Bras\u00edlia.<\/p>\n\n\n\n<p>Enquanto a decis\u00e3o n\u00e3o vem, a Juazeirense segue se preparando para a temporada. Em 2019, al\u00e9m da Copa do Brasil, o time ir\u00e1 disputar o Baian\u00e3o, a S\u00e9rie D do Brasileiro e a seletiva para a Copa do Nordeste. A estreia no certame estadual acontece no dia 20 de janeiro. O clube recebe o Atl\u00e9tico de Alagoinhas, no Adauto Moraes.<\/p>\n\n\n\n<p><strong><em>Bahia Not\u00edcias<\/em><\/strong><\/p>\n","protected":false},"excerpt":{"rendered":"<p>A &#8220;novela&#8221; envolvendo o local do confronto entre Juazeirense e Vasco, pela 1\u00aa fase da Copa do Brasil, ganhou mais um cap\u00edtulo. Nesta sexta-feira (4), o prefeito de Juazeiro Paulo Bonfim, e empres\u00e1rios da regi\u00e3o, se reuniram com o presidente do Canc\u00e3o de Fogo, Roberto Carlos, para manter a partida no Adauto Moraes. Em entrevista [&hellip;]<\/p>\n","protected":false},"author":2,"featured_media":30544,"comment_status":"open","ping_status":"open","sticky":false,"template":"","format":"standard","meta":{"_acf_changed":false,"_monsterinsights_skip_tracking":false,"_monsterinsights_sitenote_active":false,"_monsterinsights_sitenote_note":"","_monsterinsights_sitenote_category":0,"_jetpack_memberships_contains_paid_content":false,"footnotes":"","jetpack_publicize_message":"","jetpack_publicize_feature_enabled":true,"jetpack_social_post_already_shared":true,"jetpack_social_options":{"image_generator_settings":{"template":"highway","default_image_id":0,"font":"","enabled":false},"version":2}},"categories":[6,1],"tags":[],"class_list":["post-30543","post","type-post","status-publish","format-standard","has-post-thumbnail","hentry","category-esportes","category-noticias"],"acf":[],"jetpack_publicize_connections":[],"jetpack_featured_media_url":"https:\/\/i0.wp.com\/blogdoeloiltoncajuhy.com.br\/site\/wp-content\/uploads\/2019\/01\/estadio-adauto-moraes.jpg?fit=380%2C280&ssl=1","jetpack_sharing_enabled":true,"publishpress_future_workflow_manual_trigger":{"enabledWorkflows":[]},"_links":{"self":[{"href":"https:\/\/blogdoeloiltoncajuhy.com.br\/site\/wp-json\/wp\/v2\/posts\/30543","targetHints":{"allow":["GET"]}}],"collection":[{"href":"https:\/\/blogdoeloiltoncajuhy.com.br\/site\/wp-json\/wp\/v2\/posts"}],"about":[{"href":"https:\/\/blogdoeloiltoncajuhy.com.br\/site\/wp-json\/wp\/v2\/types\/post"}],"author":[{"embeddable":true,"href":"https:\/\/blogdoeloiltoncajuhy.com.br\/site\/wp-json\/wp\/v2\/users\/2"}],"replies":[{"embeddable":true,"href":"https:\/\/blogdoeloiltoncajuhy.com.br\/site\/wp-json\/wp\/v2\/comments?post=30543"}],"version-history":[{"count":1,"href":"https:\/\/blogdoeloiltoncajuhy.com.br\/site\/wp-json\/wp\/v2\/posts\/30543\/revisions"}],"predecessor-version":[{"id":30545,"href":"https:\/\/blogdoeloiltoncajuhy.com.br\/site\/wp-json\/wp\/v2\/posts\/30543\/revisions\/30545"}],"wp:featuredmedia":[{"embeddable":true,"href":"https:\/\/blogdoeloiltoncajuhy.com.br\/site\/wp-json\/wp\/v2\/media\/30544"}],"wp:attachment":[{"href":"https:\/\/blogdoeloiltoncajuhy.com.br\/site\/wp-json\/wp\/v2\/media?parent=30543"}],"wp:term":[{"taxonomy":"category","embeddable":true,"href":"https:\/\/blogdoeloiltoncajuhy.com.br\/site\/wp-json\/wp\/v2\/categories?post=30543"},{"taxonomy":"post_tag","embeddable":true,"href":"https:\/\/blogdoeloiltoncajuhy.com.br\/site\/wp-json\/wp\/v2\/tags?post=30543"}],"curies":[{"name":"wp","href":"https:\/\/api.w.org\/{rel}","templated":true}]}}