{"id":30528,"date":"2019-01-05T09:30:54","date_gmt":"2019-01-05T12:30:54","guid":{"rendered":"http:\/\/blogdoeloiltoncajuhy.com.br\/site\/?p=30528"},"modified":"2019-01-05T09:36:07","modified_gmt":"2019-01-05T12:36:07","slug":"programa-social-calendario-de-pagamento-do-bolsa-familia-ja-esta-disponivel","status":"publish","type":"post","link":"https:\/\/blogdoeloiltoncajuhy.com.br\/site\/programa-social-calendario-de-pagamento-do-bolsa-familia-ja-esta-disponivel\/","title":{"rendered":"Programa Social: Calend\u00e1rio de pagamento do Bolsa Fam\u00edlia j\u00e1 est\u00e1 dispon\u00edvel"},"content":{"rendered":"\n<p><strong><em>Sayonara Moreno\/Radioag\u00eancia Nacional<\/em><\/strong><\/p>\n\n\n\n<div class=\"wp-block-image\"><figure class=\"aligncenter\"><img data-recalc-dims=\"1\" fetchpriority=\"high\" decoding=\"async\" width=\"750\" height=\"400\" src=\"https:\/\/i0.wp.com\/blogdoeloiltoncajuhy.com.br\/site\/wp-content\/uploads\/2019\/01\/bolsa-familia_jan2019.jpeg?resize=750%2C400\" alt=\"\" class=\"wp-image-30531\" srcset=\"https:\/\/i0.wp.com\/blogdoeloiltoncajuhy.com.br\/site\/wp-content\/uploads\/2019\/01\/bolsa-familia_jan2019.jpeg?w=750&amp;ssl=1 750w, https:\/\/i0.wp.com\/blogdoeloiltoncajuhy.com.br\/site\/wp-content\/uploads\/2019\/01\/bolsa-familia_jan2019.jpeg?resize=300%2C160&amp;ssl=1 300w, https:\/\/i0.wp.com\/blogdoeloiltoncajuhy.com.br\/site\/wp-content\/uploads\/2019\/01\/bolsa-familia_jan2019.jpeg?resize=250%2C133&amp;ssl=1 250w\" sizes=\"(max-width: 750px) 100vw, 750px\" \/><figcaption><em>Foto: Rafael Zart\/MDS<\/em><\/figcaption><\/figure><\/div>\n\n\n\n<p>Os benefici\u00e1rios do Bolsa Fam\u00edlia j\u00e1 podem conferir o calend\u00e1rio de pagamento do programa, no site do Minist\u00e9rio do Desenvolvimento, que vai passar a ser da Cidadania.<\/p>\n\n\n\n<p>Para saber a data correta de sacar o valor do benef\u00edcio, a fam\u00edlia deve levar em conta o \u00faltimo d\u00edgito do n\u00famero de identifica\u00e7\u00e3o social, o NIS, impresso no cart\u00e3o.<\/p>\n\n\n\n<p>Como em janeiro o pagamento vai ser feito entre os dias 18 e 31. Quem tem o n\u00famero um no final do NIS, recebe no primeiro dia de pagamento, dia 18. Quem tem o n\u00famero dois, dia 19 e assim, sucessivamente. Os recursos ficam dispon\u00edveis para saque em at\u00e9 90 dias.<\/p>\n\n\n\n<p>A tabela completa com a equival\u00eancia entre o d\u00edgito final e a data de saque de cada m\u00eas est\u00e1 dispon\u00edvel na internet, em <strong><em><a href=\"http:\/\/mds.gov.br\/\">mds.gov.br<\/a><\/em><\/strong>. L\u00e1, est\u00e3o detalhadas todas as datas de pagamento de cada final do n\u00famero do NIS.<\/p>\n\n\n\n<p>Segundo o MDS, em dezembro de 2018, foram pagos mais de R$ 2,5 bilh\u00f5es, para quase 1,5 milh\u00e3o de fam\u00edlias de todo o Brasil.<\/p>\n\n\n\n<h5 class=\"wp-block-heading\">Veja abaixo a tabela de pagamento do benef\u00edcio:<\/h5>\n\n\n\n<div class=\"wp-block-image\"><figure class=\"aligncenter is-resized\"><img data-recalc-dims=\"1\" decoding=\"async\" src=\"https:\/\/i0.wp.com\/blogdoeloiltoncajuhy.com.br\/site\/wp-content\/uploads\/2019\/01\/calendario_bf.png?resize=698%2C294\" alt=\"\" class=\"wp-image-30532\" width=\"698\" height=\"294\" srcset=\"https:\/\/i0.wp.com\/blogdoeloiltoncajuhy.com.br\/site\/wp-content\/uploads\/2019\/01\/calendario_bf.png?w=931&amp;ssl=1 931w, https:\/\/i0.wp.com\/blogdoeloiltoncajuhy.com.br\/site\/wp-content\/uploads\/2019\/01\/calendario_bf.png?resize=300%2C126&amp;ssl=1 300w, https:\/\/i0.wp.com\/blogdoeloiltoncajuhy.com.br\/site\/wp-content\/uploads\/2019\/01\/calendario_bf.png?resize=768%2C323&amp;ssl=1 768w, https:\/\/i0.wp.com\/blogdoeloiltoncajuhy.com.br\/site\/wp-content\/uploads\/2019\/01\/calendario_bf.png?resize=250%2C105&amp;ssl=1 250w\" sizes=\"(max-width: 698px) 100vw, 698px\" \/><\/figure><\/div>\n","protected":false},"excerpt":{"rendered":"<p>Sayonara Moreno\/Radioag\u00eancia Nacional Os benefici\u00e1rios do Bolsa Fam\u00edlia j\u00e1 podem conferir o calend\u00e1rio de pagamento do programa, no site do Minist\u00e9rio do Desenvolvimento, que vai passar a ser da Cidadania. Para saber a data correta de sacar o valor do benef\u00edcio, a fam\u00edlia deve levar em conta o \u00faltimo d\u00edgito do n\u00famero de identifica\u00e7\u00e3o social, [&hellip;]<\/p>\n","protected":false},"author":2,"featured_media":30532,"comment_status":"open","ping_status":"open","sticky":false,"template":"","format":"standard","meta":{"_acf_changed":false,"_monsterinsights_skip_tracking":false,"_monsterinsights_sitenote_active":false,"_monsterinsights_sitenote_note":"","_monsterinsights_sitenote_category":0,"_jetpack_memberships_contains_paid_content":false,"footnotes":"","jetpack_publicize_message":"","jetpack_publicize_feature_enabled":true,"jetpack_social_post_already_shared":true,"jetpack_social_options":{"image_generator_settings":{"template":"highway","default_image_id":0,"font":"","enabled":false},"version":2}},"categories":[5,1],"tags":[],"class_list":["post-30528","post","type-post","status-publish","format-standard","has-post-thumbnail","hentry","category-cotidiano","category-noticias"],"acf":[],"jetpack_publicize_connections":[],"jetpack_featured_media_url":"https:\/\/i0.wp.com\/blogdoeloiltoncajuhy.com.br\/site\/wp-content\/uploads\/2019\/01\/calendario_bf.png?fit=931%2C392&ssl=1","jetpack_sharing_enabled":true,"publishpress_future_workflow_manual_trigger":{"enabledWorkflows":[]},"_links":{"self":[{"href":"https:\/\/blogdoeloiltoncajuhy.com.br\/site\/wp-json\/wp\/v2\/posts\/30528","targetHints":{"allow":["GET"]}}],"collection":[{"href":"https:\/\/blogdoeloiltoncajuhy.com.br\/site\/wp-json\/wp\/v2\/posts"}],"about":[{"href":"https:\/\/blogdoeloiltoncajuhy.com.br\/site\/wp-json\/wp\/v2\/types\/post"}],"author":[{"embeddable":true,"href":"https:\/\/blogdoeloiltoncajuhy.com.br\/site\/wp-json\/wp\/v2\/users\/2"}],"replies":[{"embeddable":true,"href":"https:\/\/blogdoeloiltoncajuhy.com.br\/site\/wp-json\/wp\/v2\/comments?post=30528"}],"version-history":[{"count":2,"href":"https:\/\/blogdoeloiltoncajuhy.com.br\/site\/wp-json\/wp\/v2\/posts\/30528\/revisions"}],"predecessor-version":[{"id":30533,"href":"https:\/\/blogdoeloiltoncajuhy.com.br\/site\/wp-json\/wp\/v2\/posts\/30528\/revisions\/30533"}],"wp:featuredmedia":[{"embeddable":true,"href":"https:\/\/blogdoeloiltoncajuhy.com.br\/site\/wp-json\/wp\/v2\/media\/30532"}],"wp:attachment":[{"href":"https:\/\/blogdoeloiltoncajuhy.com.br\/site\/wp-json\/wp\/v2\/media?parent=30528"}],"wp:term":[{"taxonomy":"category","embeddable":true,"href":"https:\/\/blogdoeloiltoncajuhy.com.br\/site\/wp-json\/wp\/v2\/categories?post=30528"},{"taxonomy":"post_tag","embeddable":true,"href":"https:\/\/blogdoeloiltoncajuhy.com.br\/site\/wp-json\/wp\/v2\/tags?post=30528"}],"curies":[{"name":"wp","href":"https:\/\/api.w.org\/{rel}","templated":true}]}}