{"id":30525,"date":"2019-01-05T09:11:29","date_gmt":"2019-01-05T12:11:29","guid":{"rendered":"http:\/\/blogdoeloiltoncajuhy.com.br\/site\/?p=30525"},"modified":"2019-01-05T09:11:36","modified_gmt":"2019-01-05T12:11:36","slug":"itirucu-pastor-e-preso-suspeito-de-estuprar-filhas-de-fieis-de-igreja-de-12-e-13-anos","status":"publish","type":"post","link":"https:\/\/blogdoeloiltoncajuhy.com.br\/site\/itirucu-pastor-e-preso-suspeito-de-estuprar-filhas-de-fieis-de-igreja-de-12-e-13-anos\/","title":{"rendered":"Itiru\u00e7u: Pastor \u00e9 preso suspeito de estuprar filhas de fi\u00e9is de igreja, de 12 e 13 anos"},"content":{"rendered":"\n<h5 class=\"wp-block-heading\" style=\"text-align:center\"><em>Crime ocorreu em 2014. Homem foi preso nesta sexta-feira (4)<\/em><\/h5>\n\n\n\n<div class=\"wp-block-image\"><figure class=\"aligncenter\"><img data-recalc-dims=\"1\" fetchpriority=\"high\" decoding=\"async\" width=\"800\" height=\"501\" src=\"https:\/\/i0.wp.com\/blogdoeloiltoncajuhy.com.br\/site\/wp-content\/uploads\/2019\/01\/delegacia-de-itirucu-ba.jpg?resize=800%2C501\" alt=\"\" class=\"wp-image-30526\" srcset=\"https:\/\/i0.wp.com\/blogdoeloiltoncajuhy.com.br\/site\/wp-content\/uploads\/2019\/01\/delegacia-de-itirucu-ba.jpg?w=984&amp;ssl=1 984w, https:\/\/i0.wp.com\/blogdoeloiltoncajuhy.com.br\/site\/wp-content\/uploads\/2019\/01\/delegacia-de-itirucu-ba.jpg?resize=300%2C188&amp;ssl=1 300w, https:\/\/i0.wp.com\/blogdoeloiltoncajuhy.com.br\/site\/wp-content\/uploads\/2019\/01\/delegacia-de-itirucu-ba.jpg?resize=768%2C481&amp;ssl=1 768w, https:\/\/i0.wp.com\/blogdoeloiltoncajuhy.com.br\/site\/wp-content\/uploads\/2019\/01\/delegacia-de-itirucu-ba.jpg?resize=250%2C157&amp;ssl=1 250w\" sizes=\"(max-width: 800px) 100vw, 800px\" \/><figcaption><em>Delegacia de Itiru\u00e7u (Foto: Blog Itiru\u00e7u Online)<\/em><\/figcaption><\/figure><\/div>\n\n\n\n<p>Um pastor de igreja evang\u00e9lica de 53 anos foi preso nesta sexta-feira (4) suspeito de estuprar duas adolescentes, na cidade de Itiru\u00e7u, na regi\u00e3o sudoeste da Bahia. De acordo com a Pol\u00edcia Civil, as v\u00edtimas s\u00e3o filhas de integrantes da igreja onde o suspeito atuava.<\/p>\n\n\n\n<p>Segundo a pol\u00edcia, os estupros ocorreram em 2014. Na \u00e9poca, as garotas tinham 12 e 13 anos. N\u00e3o h\u00e1 detalhes sobre como ocorreram os abusos.<\/p>\n\n\n\n<p>Conforme a pol\u00edcia, havia um mandado de pris\u00e3o preventiva contra o pastor, que foi cumprido nesta sexta.<\/p>\n\n\n\n<p>Ap\u00f3s a pris\u00e3o, o suspeito, identificado como <strong>Juv\u00eancio Faustino dos Santos Filho<\/strong>, foi encaminhado para a Delegacia Territorial (DT) de Jaguaquara, na mesma regi\u00e3o do estado, onde est\u00e1 \u00e0 disposi\u00e7\u00e3o da Justi\u00e7a.<\/p>\n\n\n\n<p><strong><em>Por G1 BA<\/em><\/strong><\/p>\n","protected":false},"excerpt":{"rendered":"<p>Crime ocorreu em 2014. Homem foi preso nesta sexta-feira (4) Um pastor de igreja evang\u00e9lica de 53 anos foi preso nesta sexta-feira (4) suspeito de estuprar duas adolescentes, na cidade de Itiru\u00e7u, na regi\u00e3o sudoeste da Bahia. De acordo com a Pol\u00edcia Civil, as v\u00edtimas s\u00e3o filhas de integrantes da igreja onde o suspeito atuava. [&hellip;]<\/p>\n","protected":false},"author":2,"featured_media":30526,"comment_status":"open","ping_status":"open","sticky":false,"template":"","format":"standard","meta":{"_acf_changed":false,"_monsterinsights_skip_tracking":false,"_monsterinsights_sitenote_active":false,"_monsterinsights_sitenote_note":"","_monsterinsights_sitenote_category":0,"_jetpack_memberships_contains_paid_content":false,"footnotes":"","jetpack_publicize_message":"","jetpack_publicize_feature_enabled":true,"jetpack_social_post_already_shared":true,"jetpack_social_options":{"image_generator_settings":{"template":"highway","default_image_id":0,"font":"","enabled":false},"version":2}},"categories":[5,1],"tags":[],"class_list":["post-30525","post","type-post","status-publish","format-standard","has-post-thumbnail","hentry","category-cotidiano","category-noticias"],"acf":[],"jetpack_publicize_connections":[],"jetpack_featured_media_url":"https:\/\/i0.wp.com\/blogdoeloiltoncajuhy.com.br\/site\/wp-content\/uploads\/2019\/01\/delegacia-de-itirucu-ba.jpg?fit=984%2C616&ssl=1","jetpack_sharing_enabled":true,"publishpress_future_workflow_manual_trigger":{"enabledWorkflows":[]},"_links":{"self":[{"href":"https:\/\/blogdoeloiltoncajuhy.com.br\/site\/wp-json\/wp\/v2\/posts\/30525","targetHints":{"allow":["GET"]}}],"collection":[{"href":"https:\/\/blogdoeloiltoncajuhy.com.br\/site\/wp-json\/wp\/v2\/posts"}],"about":[{"href":"https:\/\/blogdoeloiltoncajuhy.com.br\/site\/wp-json\/wp\/v2\/types\/post"}],"author":[{"embeddable":true,"href":"https:\/\/blogdoeloiltoncajuhy.com.br\/site\/wp-json\/wp\/v2\/users\/2"}],"replies":[{"embeddable":true,"href":"https:\/\/blogdoeloiltoncajuhy.com.br\/site\/wp-json\/wp\/v2\/comments?post=30525"}],"version-history":[{"count":1,"href":"https:\/\/blogdoeloiltoncajuhy.com.br\/site\/wp-json\/wp\/v2\/posts\/30525\/revisions"}],"predecessor-version":[{"id":30527,"href":"https:\/\/blogdoeloiltoncajuhy.com.br\/site\/wp-json\/wp\/v2\/posts\/30525\/revisions\/30527"}],"wp:featuredmedia":[{"embeddable":true,"href":"https:\/\/blogdoeloiltoncajuhy.com.br\/site\/wp-json\/wp\/v2\/media\/30526"}],"wp:attachment":[{"href":"https:\/\/blogdoeloiltoncajuhy.com.br\/site\/wp-json\/wp\/v2\/media?parent=30525"}],"wp:term":[{"taxonomy":"category","embeddable":true,"href":"https:\/\/blogdoeloiltoncajuhy.com.br\/site\/wp-json\/wp\/v2\/categories?post=30525"},{"taxonomy":"post_tag","embeddable":true,"href":"https:\/\/blogdoeloiltoncajuhy.com.br\/site\/wp-json\/wp\/v2\/tags?post=30525"}],"curies":[{"name":"wp","href":"https:\/\/api.w.org\/{rel}","templated":true}]}}