{"id":30518,"date":"2019-01-04T21:09:50","date_gmt":"2019-01-05T00:09:50","guid":{"rendered":"http:\/\/blogdoeloiltoncajuhy.com.br\/site\/?p=30518"},"modified":"2019-01-04T21:09:55","modified_gmt":"2019-01-05T00:09:55","slug":"comece-o-sabado-meditando-evangelho-jo-143-51","status":"publish","type":"post","link":"https:\/\/blogdoeloiltoncajuhy.com.br\/site\/comece-o-sabado-meditando-evangelho-jo-143-51\/","title":{"rendered":"Comece o s\u00e1bado meditando: Evangelho (Jo 1,43-51)"},"content":{"rendered":"\n<div class=\"wp-block-image\"><figure class=\"aligncenter is-resized\"><img data-recalc-dims=\"1\" fetchpriority=\"high\" decoding=\"async\" src=\"https:\/\/i0.wp.com\/blogdoeloiltoncajuhy.com.br\/site\/wp-content\/uploads\/2017\/12\/liturgia20209-e1514675678133.png?resize=450%2C281\" alt=\"\" class=\"wp-image-22319\" width=\"450\" height=\"281\"\/><\/figure><\/div>\n\n\n\n<p>Naquele tempo, Jesus decidiu partir para a Galileia. Encontrou Filipe e disse: <em>\u201cSegue-me\u201d<\/em>. Filipe era de Betsaida, cidade de Andr\u00e9 e de Pedro. Filipe encontrou-se com Natanael e lhe disse: <em>\u201cEncontramos aquele de quem Mois\u00e9s escreveu na Lei, e tamb\u00e9m os profetas: Jesus de Nazar\u00e9, o filho de Jos\u00e9\u201d<\/em>.<\/p>\n\n\n\n<p>Natanael disse: <em>\u201cDe Nazar\u00e9 pode sair coisa boa?\u201d<\/em> Filipe respondeu: <em>\u201cVem ver!\u201d<\/em> Jesus viu Natanael que vinha para ele e comentou: <em>\u201cA\u00ed vem um israelita de verdade, um homem sem falsidade\u201d<\/em>. Natanael perguntou: <em>\u201cDe onde me conheces?\u201d<\/em> Jesus respondeu: <em>\u201cAntes que Filipe te chamasse, enquanto estavas debaixo da figueira, eu te vi\u201d<\/em>.<\/p>\n\n\n\n<p>Natanael respondeu: <em>\u201cRabi, tu \u00e9s o Filho de Deus, tu \u00e9s o Rei de Israel\u201d<\/em>. Jesus disse: <em>\u201cTu cr\u00eas porque te disse: Eu te vi debaixo da figueira? Coisas maiores que esta ver\u00e1s!\u201d<\/em> E Jesus continuou: <em>\u201cEm verdade, em verdade, eu vos digo: Vereis o c\u00e9u aberto e os anjos de Deus subindo e descendo sobre o Filho do Homem\u201d<\/em>.<\/p>\n\n\n\n<p><strong>Palavra da Salva\u00e7\u00e3o!<\/strong><\/p>\n\n\n\n<p><strong><em><a href=\"https:\/\/liturgia.cancaonova.com\/pb\/liturgia\/antes-da-epifania-sabado\/?sDia=5&amp;sMes=01&amp;sAno=2019\">Can\u00e7\u00e3o Nova<\/a><\/em><\/strong><\/p>\n","protected":false},"excerpt":{"rendered":"<p>Naquele tempo, Jesus decidiu partir para a Galileia. Encontrou Filipe e disse: \u201cSegue-me\u201d. Filipe era de Betsaida, cidade de Andr\u00e9 e de Pedro. Filipe encontrou-se com Natanael e lhe disse: \u201cEncontramos aquele de quem Mois\u00e9s escreveu na Lei, e tamb\u00e9m os profetas: Jesus de Nazar\u00e9, o filho de Jos\u00e9\u201d. Natanael disse: \u201cDe Nazar\u00e9 pode sair [&hellip;]<\/p>\n","protected":false},"author":2,"featured_media":0,"comment_status":"open","ping_status":"open","sticky":false,"template":"","format":"standard","meta":{"_acf_changed":false,"_monsterinsights_skip_tracking":false,"_monsterinsights_sitenote_active":false,"_monsterinsights_sitenote_note":"","_monsterinsights_sitenote_category":0,"_jetpack_memberships_contains_paid_content":false,"footnotes":"","jetpack_publicize_message":"","jetpack_publicize_feature_enabled":true,"jetpack_social_post_already_shared":true,"jetpack_social_options":{"image_generator_settings":{"template":"highway","default_image_id":0,"font":"","enabled":false},"version":2}},"categories":[1,9],"tags":[],"class_list":["post-30518","post","type-post","status-publish","format-standard","hentry","category-noticias","category-reflexao"],"acf":[],"jetpack_publicize_connections":[],"jetpack_featured_media_url":"","jetpack_sharing_enabled":true,"publishpress_future_workflow_manual_trigger":{"enabledWorkflows":[]},"_links":{"self":[{"href":"https:\/\/blogdoeloiltoncajuhy.com.br\/site\/wp-json\/wp\/v2\/posts\/30518","targetHints":{"allow":["GET"]}}],"collection":[{"href":"https:\/\/blogdoeloiltoncajuhy.com.br\/site\/wp-json\/wp\/v2\/posts"}],"about":[{"href":"https:\/\/blogdoeloiltoncajuhy.com.br\/site\/wp-json\/wp\/v2\/types\/post"}],"author":[{"embeddable":true,"href":"https:\/\/blogdoeloiltoncajuhy.com.br\/site\/wp-json\/wp\/v2\/users\/2"}],"replies":[{"embeddable":true,"href":"https:\/\/blogdoeloiltoncajuhy.com.br\/site\/wp-json\/wp\/v2\/comments?post=30518"}],"version-history":[{"count":1,"href":"https:\/\/blogdoeloiltoncajuhy.com.br\/site\/wp-json\/wp\/v2\/posts\/30518\/revisions"}],"predecessor-version":[{"id":30519,"href":"https:\/\/blogdoeloiltoncajuhy.com.br\/site\/wp-json\/wp\/v2\/posts\/30518\/revisions\/30519"}],"wp:attachment":[{"href":"https:\/\/blogdoeloiltoncajuhy.com.br\/site\/wp-json\/wp\/v2\/media?parent=30518"}],"wp:term":[{"taxonomy":"category","embeddable":true,"href":"https:\/\/blogdoeloiltoncajuhy.com.br\/site\/wp-json\/wp\/v2\/categories?post=30518"},{"taxonomy":"post_tag","embeddable":true,"href":"https:\/\/blogdoeloiltoncajuhy.com.br\/site\/wp-json\/wp\/v2\/tags?post=30518"}],"curies":[{"name":"wp","href":"https:\/\/api.w.org\/{rel}","templated":true}]}}