{"id":30508,"date":"2019-01-04T20:27:16","date_gmt":"2019-01-04T23:27:16","guid":{"rendered":"http:\/\/blogdoeloiltoncajuhy.com.br\/site\/?p=30508"},"modified":"2019-01-04T20:27:23","modified_gmt":"2019-01-04T23:27:23","slug":"brasileiro-entra-em-ferias-e-vice-jose-antonio-assume-a-prefeitura-de-senhor-do-bonfim","status":"publish","type":"post","link":"https:\/\/blogdoeloiltoncajuhy.com.br\/site\/brasileiro-entra-em-ferias-e-vice-jose-antonio-assume-a-prefeitura-de-senhor-do-bonfim\/","title":{"rendered":"Brasileiro entra em f\u00e9rias e vice Jos\u00e9 Ant\u00f4nio assume a Prefeitura de Senhor do Bonfim"},"content":{"rendered":"\n<div class=\"wp-block-image\"><figure class=\"aligncenter\"><img data-recalc-dims=\"1\" fetchpriority=\"high\" decoding=\"async\" width=\"800\" height=\"450\" src=\"https:\/\/i0.wp.com\/blogdoeloiltoncajuhy.com.br\/site\/wp-content\/uploads\/2019\/01\/PMSB_FeriasBrasileiro_2019.jpg?resize=800%2C450\" alt=\"\" class=\"wp-image-30509\" srcset=\"https:\/\/i0.wp.com\/blogdoeloiltoncajuhy.com.br\/site\/wp-content\/uploads\/2019\/01\/PMSB_FeriasBrasileiro_2019.jpg?w=1024&amp;ssl=1 1024w, https:\/\/i0.wp.com\/blogdoeloiltoncajuhy.com.br\/site\/wp-content\/uploads\/2019\/01\/PMSB_FeriasBrasileiro_2019.jpg?resize=300%2C169&amp;ssl=1 300w, https:\/\/i0.wp.com\/blogdoeloiltoncajuhy.com.br\/site\/wp-content\/uploads\/2019\/01\/PMSB_FeriasBrasileiro_2019.jpg?resize=768%2C432&amp;ssl=1 768w, https:\/\/i0.wp.com\/blogdoeloiltoncajuhy.com.br\/site\/wp-content\/uploads\/2019\/01\/PMSB_FeriasBrasileiro_2019.jpg?resize=250%2C141&amp;ssl=1 250w\" sizes=\"(max-width: 800px) 100vw, 800px\" \/><\/figure><\/div>\n\n\n\n<p>O Vice-Prefeito Jos\u00e9 Ant\u00f4nio assume a Administra\u00e7\u00e3o Municipal de Senhor do Bonfim na pr\u00f3xima segunda-feira (07). A transi\u00e7\u00e3o de cargo foi realizada na manh\u00e3 desta sexta-feira (04) no gabinete do prefeito.<\/p>\n\n\n\n<p>Carlos Brasileiro entra em f\u00e9rias por um per\u00edodo de trinta dias. De acordo com Brasileiro e Z\u00e9 Ant\u00f4nio, a rotina administrativa continua sem altera\u00e7\u00f5es e todos os projetos municipais seguem normalmente.<\/p>\n\n\n\n<p><strong><em>ASCOM &#8211; Prefeitura Municipal de Senhor do Bonfim &#8211; BA<\/em><\/strong><br><em>Telefones: 74 3541-8366<br>Endere\u00e7o: Pra\u00e7a Juracy Magalh\u00e3es, 126<br>E-MAIL: ascom@pmsb.ba.gov.br   <br>SITE OFICIAL: www.pmsb.ba.gov.br<br>FAN PAGE: www.facebook.com\/oficialpmsb<\/em><\/p>\n","protected":false},"excerpt":{"rendered":"<p>O Vice-Prefeito Jos\u00e9 Ant\u00f4nio assume a Administra\u00e7\u00e3o Municipal de Senhor do Bonfim na pr\u00f3xima segunda-feira (07). A transi\u00e7\u00e3o de cargo foi realizada na manh\u00e3 desta sexta-feira (04) no gabinete do prefeito. Carlos Brasileiro entra em f\u00e9rias por um per\u00edodo de trinta dias. De acordo com Brasileiro e Z\u00e9 Ant\u00f4nio, a rotina administrativa continua sem altera\u00e7\u00f5es [&hellip;]<\/p>\n","protected":false},"author":2,"featured_media":30509,"comment_status":"open","ping_status":"open","sticky":false,"template":"","format":"standard","meta":{"_acf_changed":false,"_monsterinsights_skip_tracking":false,"_monsterinsights_sitenote_active":false,"_monsterinsights_sitenote_note":"","_monsterinsights_sitenote_category":0,"_jetpack_memberships_contains_paid_content":false,"footnotes":"","jetpack_publicize_message":"","jetpack_publicize_feature_enabled":true,"jetpack_social_post_already_shared":true,"jetpack_social_options":{"image_generator_settings":{"template":"highway","default_image_id":0,"font":"","enabled":false},"version":2}},"categories":[1,3,4],"tags":[],"class_list":["post-30508","post","type-post","status-publish","format-standard","has-post-thumbnail","hentry","category-noticias","category-politica","category-local"],"acf":[],"jetpack_publicize_connections":[],"jetpack_featured_media_url":"https:\/\/i0.wp.com\/blogdoeloiltoncajuhy.com.br\/site\/wp-content\/uploads\/2019\/01\/PMSB_FeriasBrasileiro_2019.jpg?fit=1024%2C576&ssl=1","jetpack_sharing_enabled":true,"publishpress_future_workflow_manual_trigger":{"enabledWorkflows":[]},"_links":{"self":[{"href":"https:\/\/blogdoeloiltoncajuhy.com.br\/site\/wp-json\/wp\/v2\/posts\/30508","targetHints":{"allow":["GET"]}}],"collection":[{"href":"https:\/\/blogdoeloiltoncajuhy.com.br\/site\/wp-json\/wp\/v2\/posts"}],"about":[{"href":"https:\/\/blogdoeloiltoncajuhy.com.br\/site\/wp-json\/wp\/v2\/types\/post"}],"author":[{"embeddable":true,"href":"https:\/\/blogdoeloiltoncajuhy.com.br\/site\/wp-json\/wp\/v2\/users\/2"}],"replies":[{"embeddable":true,"href":"https:\/\/blogdoeloiltoncajuhy.com.br\/site\/wp-json\/wp\/v2\/comments?post=30508"}],"version-history":[{"count":1,"href":"https:\/\/blogdoeloiltoncajuhy.com.br\/site\/wp-json\/wp\/v2\/posts\/30508\/revisions"}],"predecessor-version":[{"id":30510,"href":"https:\/\/blogdoeloiltoncajuhy.com.br\/site\/wp-json\/wp\/v2\/posts\/30508\/revisions\/30510"}],"wp:featuredmedia":[{"embeddable":true,"href":"https:\/\/blogdoeloiltoncajuhy.com.br\/site\/wp-json\/wp\/v2\/media\/30509"}],"wp:attachment":[{"href":"https:\/\/blogdoeloiltoncajuhy.com.br\/site\/wp-json\/wp\/v2\/media?parent=30508"}],"wp:term":[{"taxonomy":"category","embeddable":true,"href":"https:\/\/blogdoeloiltoncajuhy.com.br\/site\/wp-json\/wp\/v2\/categories?post=30508"},{"taxonomy":"post_tag","embeddable":true,"href":"https:\/\/blogdoeloiltoncajuhy.com.br\/site\/wp-json\/wp\/v2\/tags?post=30508"}],"curies":[{"name":"wp","href":"https:\/\/api.w.org\/{rel}","templated":true}]}}