{"id":30501,"date":"2019-01-04T20:14:05","date_gmt":"2019-01-04T23:14:05","guid":{"rendered":"http:\/\/blogdoeloiltoncajuhy.com.br\/site\/?p=30501"},"modified":"2019-01-04T20:14:11","modified_gmt":"2019-01-04T23:14:11","slug":"video-mostra-momento-em-que-carreta-que-causou-batida-com-6-mortos-capota-e-atinge-um-dos-carros-envolvidos-no-acidente","status":"publish","type":"post","link":"https:\/\/blogdoeloiltoncajuhy.com.br\/site\/video-mostra-momento-em-que-carreta-que-causou-batida-com-6-mortos-capota-e-atinge-um-dos-carros-envolvidos-no-acidente\/","title":{"rendered":"V\u00eddeo mostra momento em que carreta que causou batida com 6 mortos capota e atinge um dos carros envolvidos no acidente"},"content":{"rendered":"\n<h5 class=\"wp-block-heading\" style=\"text-align:center\"><em>Dez pessoas seguem internadas em Seabra. Passageiros do micro-\u00f4nibus eram parentes e voltavam de festa de fim de ano<\/em><\/h5>\n\n\n\n<p><strong><em>Por G1 BA<\/em><\/strong><\/p>\n\n\n\n<div class=\"wp-block-image\"><figure class=\"aligncenter is-resized\"><img data-recalc-dims=\"1\" fetchpriority=\"high\" decoding=\"async\" src=\"https:\/\/i0.wp.com\/blogdoeloiltoncajuhy.com.br\/site\/wp-content\/uploads\/2019\/01\/acidente-seabra_10.jpg?resize=616%2C347\" alt=\"\" class=\"wp-image-30502\" width=\"616\" height=\"347\" srcset=\"https:\/\/i0.wp.com\/blogdoeloiltoncajuhy.com.br\/site\/wp-content\/uploads\/2019\/01\/acidente-seabra_10.jpg?w=984&amp;ssl=1 984w, https:\/\/i0.wp.com\/blogdoeloiltoncajuhy.com.br\/site\/wp-content\/uploads\/2019\/01\/acidente-seabra_10.jpg?resize=300%2C169&amp;ssl=1 300w, https:\/\/i0.wp.com\/blogdoeloiltoncajuhy.com.br\/site\/wp-content\/uploads\/2019\/01\/acidente-seabra_10.jpg?resize=768%2C432&amp;ssl=1 768w, https:\/\/i0.wp.com\/blogdoeloiltoncajuhy.com.br\/site\/wp-content\/uploads\/2019\/01\/acidente-seabra_10.jpg?resize=250%2C141&amp;ssl=1 250w\" sizes=\"(max-width: 616px) 100vw, 616px\" \/><figcaption><em>V\u00eddeo mostra momento em que carreta que causou batida com 6 mortos na BA capota e atinge um dos carros envolvidas no acidente \u2014 Foto: Reprodu\u00e7\u00e3o\/TV Bahia<\/em><\/figcaption><\/figure><\/div>\n\n\n\n<p>Um v\u00eddeo gravado por uma c\u00e2mera de seguran\u00e7a mostra o momento em que a carreta que provocou a batida com 6 mortos, na Bahia, capota e atinge um dos carros envolvidos no acidente.<\/p>\n\n\n\n<p>O caso ocorreu em um trecho urbano da BR-242, na cidade de Seabra, na Chapada Diamantina, na quinta-feira (3). O carro que aparece nas imagens estava estacionado e foi o \u00faltimo a ser atingido pela carreta. Antes, o ve\u00edculo bateu em um micro-\u00f4nibus e em um outro carro.<\/p>\n\n\n\n<p>No v\u00eddeo, \u00e9 poss\u00edvel observar a gravidade do acidente. Em menos de cinco segundos, a carreta aparece nas imagens, capota algumas vezes, atinge o carro e some do alcance da c\u00e2mera. As imagens mostram, ainda, que um \u00f4nibus passava na rodovia no momento em que ocorreu a batida. O ve\u00edculo passa ao lado do carro atingido pela carreta.<\/p>\n\n\n\n<p>De acordo com a Pol\u00edcia Civil, o acidente ocorreu por volta 9h de quinta-feira, na entrada da cidade de Seabra. \u00c0 pol\u00edcia, testemunhas relataram que a carreta, que saiu de Barreiras, no oeste da Bahia, perdeu o freio ap\u00f3s descer uma ladeira, o que teria provocado o acidente. A pol\u00edcia disse, no entanto, que as causas do acidente s\u00f3 poder\u00e3o ser apontadas quando a per\u00edcia for conclu\u00edda.<\/p>\n\n\n\n<p>As seis v\u00edtimas mortas viajavam no micro-\u00f4nibus. O coletivo transportava 40 pessoas da mesma fam\u00edlia. O grupo retornava para casa ap\u00f3s uma festa de fam\u00edlia realizada para comemorar a chegada do ano novo. Momentos antes do acidente os passageiros fizeram uma selfie.<\/p>\n\n\n\n<p>O marido de uma das pessoas mortas, Renaldo de Souza Lima, falou que desistiu de viajar ap\u00f3s mau pressentimento.<\/p>\n\n\n\n<p><em>\u201cMeu cora\u00e7\u00e3o pediu que eu n\u00e3o fosse. Eu tamb\u00e9m senti por eles, que n\u00e3o era boa essa viagem, que j\u00e1 viajaram no ano passado, s\u00f3 que eles tinham vontade e eu n\u00e3o queria atrapalhar a vontade deles&#8221;<\/em>, disse Renaldo.<\/p>\n\n\n\n<p>Al\u00e9m da esposa, <strong>Angeline da Silva Sosta<\/strong>, de 33 anos, Renaldo perdeu tamb\u00e9m o sogro, <strong>Rosalvo Ferreira da Costa<\/strong>, de 60.<\/p>\n\n\n\n<p>Os outros mortos foram identificados como <strong>Simoni Ot\u00edlia Gomes Silva<\/strong>, <strong>Rebeca Silva Oliveira<\/strong>, <strong>Delma Ribeiro da Silva<\/strong>, de 55 anos, e <strong>Thalita Ribeiro da Silva<\/strong>, de 31 anos, que \u00e9 filha de Delma.<\/p>\n\n\n\n<div class=\"wp-block-image\"><figure class=\"aligncenter\"><img data-recalc-dims=\"1\" decoding=\"async\" width=\"800\" height=\"501\" src=\"https:\/\/i0.wp.com\/blogdoeloiltoncajuhy.com.br\/site\/wp-content\/uploads\/2019\/01\/acidente-seabra_11.jpg?resize=800%2C501\" alt=\"\" class=\"wp-image-30503\" srcset=\"https:\/\/i0.wp.com\/blogdoeloiltoncajuhy.com.br\/site\/wp-content\/uploads\/2019\/01\/acidente-seabra_11.jpg?w=984&amp;ssl=1 984w, https:\/\/i0.wp.com\/blogdoeloiltoncajuhy.com.br\/site\/wp-content\/uploads\/2019\/01\/acidente-seabra_11.jpg?resize=300%2C188&amp;ssl=1 300w, https:\/\/i0.wp.com\/blogdoeloiltoncajuhy.com.br\/site\/wp-content\/uploads\/2019\/01\/acidente-seabra_11.jpg?resize=768%2C481&amp;ssl=1 768w, https:\/\/i0.wp.com\/blogdoeloiltoncajuhy.com.br\/site\/wp-content\/uploads\/2019\/01\/acidente-seabra_11.jpg?resize=250%2C157&amp;ssl=1 250w\" sizes=\"(max-width: 800px) 100vw, 800px\" \/><figcaption><em>Momentos antes do acidente os passageiros fizeram uma selfie \u2014 Foto: Reprodu\u00e7\u00e3o\/TV Bahia<\/em><\/figcaption><\/figure><\/div>\n\n\n\n<p>Segundo a Pol\u00edcia Rodovi\u00e1ria Federal (PRF), muitos passageiros do coletivo estavam sem cinto de seguran\u00e7a, o que pode ter agravado a situa\u00e7\u00e3o das v\u00edtimas, j\u00e1 que muitas delas foram lan\u00e7adas para fora do ve\u00edculo.<\/p>\n\n\n\n<p><em>\u201cUma situa\u00e7\u00e3o que acaba se verificando, que tornou ainda mais tr\u00e1gico [o acidente] , potencializando o quadro das v\u00edtimas, \u00e9 que muitas estavam sem o cinto de seguran\u00e7a. No atendimento ao local, v\u00e1rias pessoas foram ejetadas do ve\u00edculo. Verificamos isso, \u00e9 prov\u00e1vel n\u00e3o uso do cinto de seguran\u00e7a\u201d<\/em>, pontuou o inspetor da PRF Glauber Nunes.<\/p>\n\n\n\n<p>Al\u00e9m dos mortos, o acidente deixou 26 pessoas feridas, incluindo o motorista da carreta. De acordo com a Secretaria de Sa\u00fade da Bahia (Sesab), dez delas receberam alta nesta sexta-feira (4). Outras dez seguem internadas no Hospital Regional da Chapada Diamantina, em Seabra. Cinco foram transferidas para Salvador (tr\u00eas no Hospital Geral do Estado (HGE) e duas no Hospital do Sub\u00farbio) e uma para o Hospital Geral Cl\u00e9riston Andrade, em Feira de Santana.<\/p>\n\n\n\n<p><strong><a href=\"https:\/\/g1.globo.com\/ba\/bahia\/noticia\/2019\/01\/04\/video-mostra-momento-em-que-carreta-que-causou-batida-com-6-mortos-na-ba-capota-e-atinge-um-dos-carros-envolvidos-no-acidente.ghtml\">Clique aqui e veja reportagem com v\u00eddeo do acidente<\/a><\/strong><\/p>\n","protected":false},"excerpt":{"rendered":"<p>Dez pessoas seguem internadas em Seabra. Passageiros do micro-\u00f4nibus eram parentes e voltavam de festa de fim de ano Por G1 BA Um v\u00eddeo gravado por uma c\u00e2mera de seguran\u00e7a mostra o momento em que a carreta que provocou a batida com 6 mortos, na Bahia, capota e atinge um dos carros envolvidos no acidente. [&hellip;]<\/p>\n","protected":false},"author":2,"featured_media":30503,"comment_status":"open","ping_status":"open","sticky":false,"template":"","format":"standard","meta":{"_acf_changed":false,"_monsterinsights_skip_tracking":false,"_monsterinsights_sitenote_active":false,"_monsterinsights_sitenote_note":"","_monsterinsights_sitenote_category":0,"_jetpack_memberships_contains_paid_content":false,"footnotes":"","jetpack_publicize_message":"","jetpack_publicize_feature_enabled":true,"jetpack_social_post_already_shared":true,"jetpack_social_options":{"image_generator_settings":{"template":"highway","default_image_id":0,"font":"","enabled":false},"version":2}},"categories":[5,1,11,4],"tags":[],"class_list":["post-30501","post","type-post","status-publish","format-standard","has-post-thumbnail","hentry","category-cotidiano","category-noticias","category-regional","category-local"],"acf":[],"jetpack_publicize_connections":[],"jetpack_featured_media_url":"https:\/\/i0.wp.com\/blogdoeloiltoncajuhy.com.br\/site\/wp-content\/uploads\/2019\/01\/acidente-seabra_11.jpg?fit=984%2C616&ssl=1","jetpack_sharing_enabled":true,"publishpress_future_workflow_manual_trigger":{"enabledWorkflows":[]},"_links":{"self":[{"href":"https:\/\/blogdoeloiltoncajuhy.com.br\/site\/wp-json\/wp\/v2\/posts\/30501","targetHints":{"allow":["GET"]}}],"collection":[{"href":"https:\/\/blogdoeloiltoncajuhy.com.br\/site\/wp-json\/wp\/v2\/posts"}],"about":[{"href":"https:\/\/blogdoeloiltoncajuhy.com.br\/site\/wp-json\/wp\/v2\/types\/post"}],"author":[{"embeddable":true,"href":"https:\/\/blogdoeloiltoncajuhy.com.br\/site\/wp-json\/wp\/v2\/users\/2"}],"replies":[{"embeddable":true,"href":"https:\/\/blogdoeloiltoncajuhy.com.br\/site\/wp-json\/wp\/v2\/comments?post=30501"}],"version-history":[{"count":1,"href":"https:\/\/blogdoeloiltoncajuhy.com.br\/site\/wp-json\/wp\/v2\/posts\/30501\/revisions"}],"predecessor-version":[{"id":30504,"href":"https:\/\/blogdoeloiltoncajuhy.com.br\/site\/wp-json\/wp\/v2\/posts\/30501\/revisions\/30504"}],"wp:featuredmedia":[{"embeddable":true,"href":"https:\/\/blogdoeloiltoncajuhy.com.br\/site\/wp-json\/wp\/v2\/media\/30503"}],"wp:attachment":[{"href":"https:\/\/blogdoeloiltoncajuhy.com.br\/site\/wp-json\/wp\/v2\/media?parent=30501"}],"wp:term":[{"taxonomy":"category","embeddable":true,"href":"https:\/\/blogdoeloiltoncajuhy.com.br\/site\/wp-json\/wp\/v2\/categories?post=30501"},{"taxonomy":"post_tag","embeddable":true,"href":"https:\/\/blogdoeloiltoncajuhy.com.br\/site\/wp-json\/wp\/v2\/tags?post=30501"}],"curies":[{"name":"wp","href":"https:\/\/api.w.org\/{rel}","templated":true}]}}