{"id":30494,"date":"2019-01-04T09:42:09","date_gmt":"2019-01-04T12:42:09","guid":{"rendered":"http:\/\/blogdoeloiltoncajuhy.com.br\/site\/?p=30494"},"modified":"2019-01-04T09:42:15","modified_gmt":"2019-01-04T12:42:15","slug":"pm-de-bonfim-faz-apreensao-de-drogas-nas-populares-e-no-beco-fino-3-pessoas-foram-conduzidas-ao-complexo-policial","status":"publish","type":"post","link":"https:\/\/blogdoeloiltoncajuhy.com.br\/site\/pm-de-bonfim-faz-apreensao-de-drogas-nas-populares-e-no-beco-fino-3-pessoas-foram-conduzidas-ao-complexo-policial\/","title":{"rendered":"PM de Bonfim faz apreens\u00e3o de drogas nas Populares e no Beco Fino; 3 pessoas foram conduzidas ao Complexo Policial"},"content":{"rendered":"\n<div class=\"wp-block-image\"><figure class=\"aligncenter is-resized\"><img data-recalc-dims=\"1\" fetchpriority=\"high\" decoding=\"async\" src=\"https:\/\/i0.wp.com\/blogdoeloiltoncajuhy.com.br\/site\/wp-content\/uploads\/2015\/12\/pol%C3%ADcia.jpg?resize=412%2C289\" alt=\"\" class=\"wp-image-6606\" width=\"412\" height=\"289\" srcset=\"https:\/\/i0.wp.com\/blogdoeloiltoncajuhy.com.br\/site\/wp-content\/uploads\/2015\/12\/pol%C3%ADcia.jpg?w=385&amp;ssl=1 385w, https:\/\/i0.wp.com\/blogdoeloiltoncajuhy.com.br\/site\/wp-content\/uploads\/2015\/12\/pol%C3%ADcia.jpg?resize=300%2C210&amp;ssl=1 300w, https:\/\/i0.wp.com\/blogdoeloiltoncajuhy.com.br\/site\/wp-content\/uploads\/2015\/12\/pol%C3%ADcia.jpg?resize=250%2C175&amp;ssl=1 250w\" sizes=\"(max-width: 412px) 100vw, 412px\" \/><\/figure><\/div>\n\n\n\n<p>Por volta das 11h45 desta quinta-feira (03), uma guarni\u00e7\u00e3o da CETO realizava rondas no bairro Casas Populares quando avistou dois indiv\u00edduos em atitude suspeita, sendo que um deles, ao notar a presen\u00e7a da viatura, dispensou algum material lan\u00e7ando-o ao ch\u00e3o.<\/p>\n\n\n\n<p>Ap\u00f3s a guarni\u00e7\u00e3o realizar a busca pessoal, foi encontrado um vasilhame pl\u00e1stico contendo uma erva aparentando ser maconha. Diante dos fatos, a guarni\u00e7\u00e3o conduziu ambos para o complexo policial onde foi lavrado Termo Circunstanciado de Ocorr\u00eancia.<\/p>\n\n\n\n<p>J\u00e1 por volta de 16h20, uma guarni\u00e7\u00e3o da ROCAM, que realizava patrulhamento na regi\u00e3o do \u201cBico Fino\u201d, abordou um adolescente de 17 anos, com o qual foi encontrado uma pequena por\u00e7\u00e3o de erva semelhante \u00e0 maconha, no bolso de sua bermuda. O indiv\u00edduo, ent\u00e3o, foi conduzido at\u00e9 a delegacia onde foi lavrado TCO.<\/p>\n\n\n\n<p><strong>BLOG DO ELOILTON CAJUHY &#8211; Com informa\u00e7\u00f5es do 6\u00ba BPM\/Senhor do Bonfim-BA<\/strong><\/p>\n","protected":false},"excerpt":{"rendered":"<p>Por volta das 11h45 desta quinta-feira (03), uma guarni\u00e7\u00e3o da CETO realizava rondas no bairro Casas Populares quando avistou dois indiv\u00edduos em atitude suspeita, sendo que um deles, ao notar a presen\u00e7a da viatura, dispensou algum material lan\u00e7ando-o ao ch\u00e3o. Ap\u00f3s a guarni\u00e7\u00e3o realizar a busca pessoal, foi encontrado um vasilhame pl\u00e1stico contendo uma erva [&hellip;]<\/p>\n","protected":false},"author":2,"featured_media":0,"comment_status":"open","ping_status":"open","sticky":false,"template":"","format":"standard","meta":{"_acf_changed":false,"_monsterinsights_skip_tracking":false,"_monsterinsights_sitenote_active":false,"_monsterinsights_sitenote_note":"","_monsterinsights_sitenote_category":0,"_jetpack_memberships_contains_paid_content":false,"footnotes":"","jetpack_publicize_message":"","jetpack_publicize_feature_enabled":true,"jetpack_social_post_already_shared":true,"jetpack_social_options":{"image_generator_settings":{"template":"highway","default_image_id":0,"font":"","enabled":false},"version":2}},"categories":[5,1,4],"tags":[],"class_list":["post-30494","post","type-post","status-publish","format-standard","hentry","category-cotidiano","category-noticias","category-local"],"acf":[],"jetpack_publicize_connections":[],"jetpack_featured_media_url":"","jetpack_sharing_enabled":true,"publishpress_future_workflow_manual_trigger":{"enabledWorkflows":[]},"_links":{"self":[{"href":"https:\/\/blogdoeloiltoncajuhy.com.br\/site\/wp-json\/wp\/v2\/posts\/30494","targetHints":{"allow":["GET"]}}],"collection":[{"href":"https:\/\/blogdoeloiltoncajuhy.com.br\/site\/wp-json\/wp\/v2\/posts"}],"about":[{"href":"https:\/\/blogdoeloiltoncajuhy.com.br\/site\/wp-json\/wp\/v2\/types\/post"}],"author":[{"embeddable":true,"href":"https:\/\/blogdoeloiltoncajuhy.com.br\/site\/wp-json\/wp\/v2\/users\/2"}],"replies":[{"embeddable":true,"href":"https:\/\/blogdoeloiltoncajuhy.com.br\/site\/wp-json\/wp\/v2\/comments?post=30494"}],"version-history":[{"count":1,"href":"https:\/\/blogdoeloiltoncajuhy.com.br\/site\/wp-json\/wp\/v2\/posts\/30494\/revisions"}],"predecessor-version":[{"id":30495,"href":"https:\/\/blogdoeloiltoncajuhy.com.br\/site\/wp-json\/wp\/v2\/posts\/30494\/revisions\/30495"}],"wp:attachment":[{"href":"https:\/\/blogdoeloiltoncajuhy.com.br\/site\/wp-json\/wp\/v2\/media?parent=30494"}],"wp:term":[{"taxonomy":"category","embeddable":true,"href":"https:\/\/blogdoeloiltoncajuhy.com.br\/site\/wp-json\/wp\/v2\/categories?post=30494"},{"taxonomy":"post_tag","embeddable":true,"href":"https:\/\/blogdoeloiltoncajuhy.com.br\/site\/wp-json\/wp\/v2\/tags?post=30494"}],"curies":[{"name":"wp","href":"https:\/\/api.w.org\/{rel}","templated":true}]}}