{"id":30492,"date":"2019-01-04T08:59:53","date_gmt":"2019-01-04T11:59:53","guid":{"rendered":"http:\/\/blogdoeloiltoncajuhy.com.br\/site\/?p=30492"},"modified":"2019-01-04T08:59:59","modified_gmt":"2019-01-04T11:59:59","slug":"previdencia-bolsonaro-defende-idade-minima-de-62-anos-para-homens-e-57-para-mulheres","status":"publish","type":"post","link":"https:\/\/blogdoeloiltoncajuhy.com.br\/site\/previdencia-bolsonaro-defende-idade-minima-de-62-anos-para-homens-e-57-para-mulheres\/","title":{"rendered":"Previd\u00eancia: Bolsonaro defende idade m\u00ednima de 62 anos para homens e 57 para mulheres"},"content":{"rendered":"\n<p><strong><em>Graziele Bezerra\/Radioag\u00eancia Nacional<\/em><\/strong><\/p>\n\n\n\n<div class=\"wp-block-image\"><figure class=\"aligncenter is-resized\"><img data-recalc-dims=\"1\" fetchpriority=\"high\" decoding=\"async\" src=\"https:\/\/i0.wp.com\/blogdoeloiltoncajuhy.com.br\/site\/wp-content\/uploads\/2016\/10\/previd%C3%AAncia-2089.jpg?resize=388%2C388\" alt=\"\" class=\"wp-image-13106\" width=\"388\" height=\"388\" srcset=\"https:\/\/i0.wp.com\/blogdoeloiltoncajuhy.com.br\/site\/wp-content\/uploads\/2016\/10\/previd%C3%AAncia-2089.jpg?w=320&amp;ssl=1 320w, https:\/\/i0.wp.com\/blogdoeloiltoncajuhy.com.br\/site\/wp-content\/uploads\/2016\/10\/previd%C3%AAncia-2089.jpg?resize=150%2C150&amp;ssl=1 150w, https:\/\/i0.wp.com\/blogdoeloiltoncajuhy.com.br\/site\/wp-content\/uploads\/2016\/10\/previd%C3%AAncia-2089.jpg?resize=300%2C300&amp;ssl=1 300w, https:\/\/i0.wp.com\/blogdoeloiltoncajuhy.com.br\/site\/wp-content\/uploads\/2016\/10\/previd%C3%AAncia-2089.jpg?resize=250%2C250&amp;ssl=1 250w, https:\/\/i0.wp.com\/blogdoeloiltoncajuhy.com.br\/site\/wp-content\/uploads\/2016\/10\/previd%C3%AAncia-2089.jpg?resize=48%2C48&amp;ssl=1 48w\" sizes=\"(max-width: 388px) 100vw, 388px\" \/><\/figure><\/div>\n\n\n\n<p>Em sua primeira entrevista a uma emissora de televis\u00e3o depois da posse, o presidente Jair Bolsonaro afirmou que a proposta de reforma da Previd\u00eancia, que ser\u00e1 apresentada por seu governo ao Congresso Nacional, vai conter contribui\u00e7\u00f5es deixadas pelo seu antecessor Michel Temer, mas sofrer\u00e1 ajustes.<\/p>\n\n\n\n<p><em>&#8220;O que n\u00f3s queremos \u00e9 aproveitar a reforma que j\u00e1 est\u00e1 na C\u00e2mara. Come\u00e7ou com o senhor Michel Temer. Vamos rever alguma coisa. Porque a boa reforma \u00e9 aquela que passa na C\u00e2mara e no Senado, n\u00e3o a que est\u00e1 na minha cabe\u00e7a ou na da equipe econ\u00f4mica. E ela interessa para todos n\u00f3s. Ao voc\u00ea botar num plano a reforma da Previd\u00eancia, n\u00f3s passarmos a dar um corte at\u00e9 o final de 2022, essa que \u00e9 uma ideia inicial. A\u00ed seria aumentar para 62 os homens e 57 as mulheres. N\u00e3o de uma vez s\u00f3.  Um ano a partir da promulga\u00e7\u00e3o e outro ano a partir de 2022&#8221;.<\/em><\/p>\n\n\n\n<p>Em entrevista ao SBT, Bolsonaro tamb\u00e9m confirmou a manuten\u00e7\u00e3o do Bolsa Fam\u00edlia, mas afirmou que \u00e9 preciso criar uma f\u00f3rmula para que as fam\u00edlias que hoje recebem esse dinheiro n\u00e3o precisem mais depender do benef\u00edcio.<\/p>\n\n\n\n<p><em>&#8220;N\u00f3s queremos sim uma sa\u00edda. Para alguns, n\u00e3o tem como ter sa\u00edda pela idade, situa\u00e7\u00e3o de sa\u00fade. Mas acredito que pelo menos metade dos que est\u00e3o a\u00ed d\u00e1 para se buscar uma sa\u00edda para eles serem reinseridos no mercado do trabalho. Seria um ato de desumanidade tirar o Bolsa Fam\u00edlia, que varia de R$ 70 a cerca de R$ 200, como regra, dessas pessoas. Para n\u00f3s, \u00e9 pouco dinheiro, mas para eles \u00e9 muito&#8221;.<\/em> <\/p>\n\n\n\n<p>Jair Bolsonaro disse tamb\u00e9m que deve apresentar ainda em janeiro um decreto que trata sobre a flexibiliza\u00e7\u00e3o da posse de arma, descartou a recria\u00e7\u00e3o do imposto CPMF e defendeu o fim da Justi\u00e7a Trabalhista, por entender que os processos que hoje envolvem o trabalhador, podem ser tratados pela Justi\u00e7a comum.<\/p>\n\n\n\n<p>O presidente deve passar pela cirurgia para retirada da bolsa de colostomia no final deste m\u00eas. Antes, ele participa do F\u00f3rum Econ\u00f4mico Mundial de Davos, na Su\u00ed\u00e7a, que come\u00e7a em 22 de janeiro.<\/p>\n","protected":false},"excerpt":{"rendered":"<p>Graziele Bezerra\/Radioag\u00eancia Nacional Em sua primeira entrevista a uma emissora de televis\u00e3o depois da posse, o presidente Jair Bolsonaro afirmou que a proposta de reforma da Previd\u00eancia, que ser\u00e1 apresentada por seu governo ao Congresso Nacional, vai conter contribui\u00e7\u00f5es deixadas pelo seu antecessor Michel Temer, mas sofrer\u00e1 ajustes. &#8220;O que n\u00f3s queremos \u00e9 aproveitar a [&hellip;]<\/p>\n","protected":false},"author":2,"featured_media":0,"comment_status":"open","ping_status":"open","sticky":false,"template":"","format":"standard","meta":{"_acf_changed":false,"_monsterinsights_skip_tracking":false,"_monsterinsights_sitenote_active":false,"_monsterinsights_sitenote_note":"","_monsterinsights_sitenote_category":0,"_jetpack_memberships_contains_paid_content":false,"footnotes":"","jetpack_publicize_message":"","jetpack_publicize_feature_enabled":true,"jetpack_social_post_already_shared":true,"jetpack_social_options":{"image_generator_settings":{"template":"highway","default_image_id":0,"font":"","enabled":false},"version":2}},"categories":[1,3],"tags":[],"class_list":["post-30492","post","type-post","status-publish","format-standard","hentry","category-noticias","category-politica"],"acf":[],"jetpack_publicize_connections":[],"jetpack_featured_media_url":"","jetpack_sharing_enabled":true,"publishpress_future_workflow_manual_trigger":{"enabledWorkflows":[]},"_links":{"self":[{"href":"https:\/\/blogdoeloiltoncajuhy.com.br\/site\/wp-json\/wp\/v2\/posts\/30492","targetHints":{"allow":["GET"]}}],"collection":[{"href":"https:\/\/blogdoeloiltoncajuhy.com.br\/site\/wp-json\/wp\/v2\/posts"}],"about":[{"href":"https:\/\/blogdoeloiltoncajuhy.com.br\/site\/wp-json\/wp\/v2\/types\/post"}],"author":[{"embeddable":true,"href":"https:\/\/blogdoeloiltoncajuhy.com.br\/site\/wp-json\/wp\/v2\/users\/2"}],"replies":[{"embeddable":true,"href":"https:\/\/blogdoeloiltoncajuhy.com.br\/site\/wp-json\/wp\/v2\/comments?post=30492"}],"version-history":[{"count":1,"href":"https:\/\/blogdoeloiltoncajuhy.com.br\/site\/wp-json\/wp\/v2\/posts\/30492\/revisions"}],"predecessor-version":[{"id":30493,"href":"https:\/\/blogdoeloiltoncajuhy.com.br\/site\/wp-json\/wp\/v2\/posts\/30492\/revisions\/30493"}],"wp:attachment":[{"href":"https:\/\/blogdoeloiltoncajuhy.com.br\/site\/wp-json\/wp\/v2\/media?parent=30492"}],"wp:term":[{"taxonomy":"category","embeddable":true,"href":"https:\/\/blogdoeloiltoncajuhy.com.br\/site\/wp-json\/wp\/v2\/categories?post=30492"},{"taxonomy":"post_tag","embeddable":true,"href":"https:\/\/blogdoeloiltoncajuhy.com.br\/site\/wp-json\/wp\/v2\/tags?post=30492"}],"curies":[{"name":"wp","href":"https:\/\/api.w.org\/{rel}","templated":true}]}}