{"id":30489,"date":"2019-01-03T20:34:00","date_gmt":"2019-01-03T23:34:00","guid":{"rendered":"http:\/\/blogdoeloiltoncajuhy.com.br\/site\/?p=30489"},"modified":"2019-01-03T20:34:06","modified_gmt":"2019-01-03T23:34:06","slug":"veja-como-sera-a-pre-novena-da-festa-do-senhor-do-bonfim-nesta-sexta-feira-04","status":"publish","type":"post","link":"https:\/\/blogdoeloiltoncajuhy.com.br\/site\/veja-como-sera-a-pre-novena-da-festa-do-senhor-do-bonfim-nesta-sexta-feira-04\/","title":{"rendered":"Veja como ser\u00e1 a pr\u00e9-novena da Festa do Senhor do Bonfim, nesta sexta-feira, 04"},"content":{"rendered":"\n<div class=\"wp-block-image\"><figure class=\"aligncenter is-resized\"><img data-recalc-dims=\"1\" fetchpriority=\"high\" decoding=\"async\" src=\"https:\/\/i0.wp.com\/blogdoeloiltoncajuhy.com.br\/site\/wp-content\/uploads\/2019\/01\/FestaSenhorBonfim2019_01.jpg?resize=320%2C450\" alt=\"\" class=\"wp-image-30442\" width=\"320\" height=\"450\" srcset=\"https:\/\/i0.wp.com\/blogdoeloiltoncajuhy.com.br\/site\/wp-content\/uploads\/2019\/01\/FestaSenhorBonfim2019_01.jpg?w=426&amp;ssl=1 426w, https:\/\/i0.wp.com\/blogdoeloiltoncajuhy.com.br\/site\/wp-content\/uploads\/2019\/01\/FestaSenhorBonfim2019_01.jpg?resize=213%2C300&amp;ssl=1 213w, https:\/\/i0.wp.com\/blogdoeloiltoncajuhy.com.br\/site\/wp-content\/uploads\/2019\/01\/FestaSenhorBonfim2019_01.jpg?resize=178%2C250&amp;ssl=1 178w\" sizes=\"(max-width: 320px) 100vw, 320px\" \/><\/figure><\/div>\n\n\n\n<p>Prossegue nesta sexta-feira (04), a pr\u00e9-novena da Festa do Senhor do Bonfim, com a visita da imagem peregrina do santo.<\/p>\n\n\n\n<p>Pela manh\u00e3, a visita ocorre no Corpo de Bombeiros e Detran.<\/p>\n\n\n\n<p>\u00c0s 18h30, a imagem peregrina do Senhor do Bonfim deixa a Capela de M\u00e3e Rainha, no Bairro do Derba, e segue para a Capela do Sant\u00edssimo Redentor no Bairro Santos Dumont.<\/p>\n\n\n\n<p><strong>BLOG DO ELOILTON CAJUHY<\/strong><\/p>\n","protected":false},"excerpt":{"rendered":"<p>Prossegue nesta sexta-feira (04), a pr\u00e9-novena da Festa do Senhor do Bonfim, com a visita da imagem peregrina do santo. Pela manh\u00e3, a visita ocorre no Corpo de Bombeiros e Detran. \u00c0s 18h30, a imagem peregrina do Senhor do Bonfim deixa a Capela de M\u00e3e Rainha, no Bairro do Derba, e segue para a Capela [&hellip;]<\/p>\n","protected":false},"author":2,"featured_media":0,"comment_status":"open","ping_status":"open","sticky":false,"template":"","format":"standard","meta":{"_acf_changed":false,"_monsterinsights_skip_tracking":false,"_monsterinsights_sitenote_active":false,"_monsterinsights_sitenote_note":"","_monsterinsights_sitenote_category":0,"_jetpack_memberships_contains_paid_content":false,"footnotes":"","jetpack_publicize_message":"","jetpack_publicize_feature_enabled":true,"jetpack_social_post_already_shared":true,"jetpack_social_options":{"image_generator_settings":{"template":"highway","default_image_id":0,"font":"","enabled":false},"version":2}},"categories":[1,4],"tags":[],"class_list":["post-30489","post","type-post","status-publish","format-standard","hentry","category-noticias","category-local"],"acf":[],"jetpack_publicize_connections":[],"jetpack_featured_media_url":"","jetpack_sharing_enabled":true,"publishpress_future_workflow_manual_trigger":{"enabledWorkflows":[]},"_links":{"self":[{"href":"https:\/\/blogdoeloiltoncajuhy.com.br\/site\/wp-json\/wp\/v2\/posts\/30489","targetHints":{"allow":["GET"]}}],"collection":[{"href":"https:\/\/blogdoeloiltoncajuhy.com.br\/site\/wp-json\/wp\/v2\/posts"}],"about":[{"href":"https:\/\/blogdoeloiltoncajuhy.com.br\/site\/wp-json\/wp\/v2\/types\/post"}],"author":[{"embeddable":true,"href":"https:\/\/blogdoeloiltoncajuhy.com.br\/site\/wp-json\/wp\/v2\/users\/2"}],"replies":[{"embeddable":true,"href":"https:\/\/blogdoeloiltoncajuhy.com.br\/site\/wp-json\/wp\/v2\/comments?post=30489"}],"version-history":[{"count":1,"href":"https:\/\/blogdoeloiltoncajuhy.com.br\/site\/wp-json\/wp\/v2\/posts\/30489\/revisions"}],"predecessor-version":[{"id":30490,"href":"https:\/\/blogdoeloiltoncajuhy.com.br\/site\/wp-json\/wp\/v2\/posts\/30489\/revisions\/30490"}],"wp:attachment":[{"href":"https:\/\/blogdoeloiltoncajuhy.com.br\/site\/wp-json\/wp\/v2\/media?parent=30489"}],"wp:term":[{"taxonomy":"category","embeddable":true,"href":"https:\/\/blogdoeloiltoncajuhy.com.br\/site\/wp-json\/wp\/v2\/categories?post=30489"},{"taxonomy":"post_tag","embeddable":true,"href":"https:\/\/blogdoeloiltoncajuhy.com.br\/site\/wp-json\/wp\/v2\/tags?post=30489"}],"curies":[{"name":"wp","href":"https:\/\/api.w.org\/{rel}","templated":true}]}}