{"id":30483,"date":"2019-01-03T20:14:05","date_gmt":"2019-01-03T23:14:05","guid":{"rendered":"http:\/\/blogdoeloiltoncajuhy.com.br\/site\/?p=30483"},"modified":"2019-01-03T20:14:11","modified_gmt":"2019-01-03T23:14:11","slug":"mae-e-filha-estao-entre-os-mortos-do-acidente-que-envolveu-micro-onibus-carreta-e-dois-carros","status":"publish","type":"post","link":"https:\/\/blogdoeloiltoncajuhy.com.br\/site\/mae-e-filha-estao-entre-os-mortos-do-acidente-que-envolveu-micro-onibus-carreta-e-dois-carros\/","title":{"rendered":"M\u00e3e e filha est\u00e3o entre os mortos do acidente que envolveu micro-\u00f4nibus, carreta e dois carros"},"content":{"rendered":"\n<h5 class=\"wp-block-heading\" style=\"text-align:center\"><em>Micro-\u00f4nibus da empresa Luiz Turismo de Senhor do Bonfim voltava de uma excurs\u00e3o em Goi\u00e1s<\/em><\/h5>\n\n\n\n<p><strong><em>Por G1 BA<\/em><\/strong><\/p>\n\n\n\n<div class=\"wp-block-image\"><figure class=\"aligncenter\"><img data-recalc-dims=\"1\" fetchpriority=\"high\" decoding=\"async\" width=\"800\" height=\"598\" src=\"https:\/\/i0.wp.com\/blogdoeloiltoncajuhy.com.br\/site\/wp-content\/uploads\/2019\/01\/acidente-seabra_08.jpeg?resize=800%2C598\" alt=\"\" class=\"wp-image-30484\" srcset=\"https:\/\/i0.wp.com\/blogdoeloiltoncajuhy.com.br\/site\/wp-content\/uploads\/2019\/01\/acidente-seabra_08.jpeg?resize=1024%2C766&amp;ssl=1 1024w, https:\/\/i0.wp.com\/blogdoeloiltoncajuhy.com.br\/site\/wp-content\/uploads\/2019\/01\/acidente-seabra_08.jpeg?resize=300%2C224&amp;ssl=1 300w, https:\/\/i0.wp.com\/blogdoeloiltoncajuhy.com.br\/site\/wp-content\/uploads\/2019\/01\/acidente-seabra_08.jpeg?resize=768%2C574&amp;ssl=1 768w, https:\/\/i0.wp.com\/blogdoeloiltoncajuhy.com.br\/site\/wp-content\/uploads\/2019\/01\/acidente-seabra_08.jpeg?resize=250%2C187&amp;ssl=1 250w, https:\/\/i0.wp.com\/blogdoeloiltoncajuhy.com.br\/site\/wp-content\/uploads\/2019\/01\/acidente-seabra_08.jpeg?w=1344&amp;ssl=1 1344w\" sizes=\"(max-width: 800px) 100vw, 800px\" \/><figcaption><strong>V\u00edtimas foram transferidas de helic\u00f3ptero \u2014 Foto: SSP\/BA<\/strong><\/figcaption><\/figure><\/div>\n\n\n\n<p>Foram divulgados no in\u00edcio da noite, os nomes das v\u00edtimas do grave acidente entre uma carreta e um micro-\u00f4nibus, ocorrido na manh\u00e3 desta quinta-feira (3), que deixou seis mortos e 26 feridos na BR-242, no per\u00edmetro urbano da cidade de Seabra, regi\u00e3o da Chapada Diamantina, na Bahia.<\/p>\n\n\n\n<p>De acordo com informa\u00e7\u00f5es da Pol\u00edcia Civil, outros dois carros foram atingidos pelo micro-\u00f4nibus, que n\u00e3o conseguiu parar ap\u00f3s ser atingido pelo caminh\u00e3o. O micro-\u00f4nibus saiu de Goi\u00e1s com destino a Senhor do Bonfim. Contudo, os passageiros moravam na Bahia. Eles tinham viajado para Goi\u00e1s a passeio.<\/p>\n\n\n\n<p>De acordo com a pol\u00edcia, o acidente ocorreu por volta 9h, na entrada da cidade. \u00c0 pol\u00edcia, testemunhas relataram que a carreta, que saiu de Barreiras, no oeste da Bahia, perdeu o freio ap\u00f3s descer uma ladeira e acabou colidindo no \u00f4nibus.<\/p>\n\n\n\n<p><em>&#8220;A prov\u00e1vel causa do acidente foi falha mec\u00e2nica. A carreta colidiu na lateral do micro-\u00f4nibus. O micro-\u00f4nibus tinha capacidade para 22 passageiros mais o motorista&#8221;<\/em>, explicou o agente da PRF em Seabra, Glauber Nunes.<\/p>\n\n\n\n<p>Entretanto, a pol\u00edcia ressaltou que as causas do acidente s\u00f3 poder\u00e3o ser apontadas quando a per\u00edcia for conclu\u00edda. Equipes da pol\u00edcia t\u00e9cnica foram encaminhadas ao local.<\/p>\n\n\n\n<p>Por conta do acidente, os ve\u00edculos ficaram destru\u00eddos. O micro-\u00f4nibus perdeu o teto com a for\u00e7a da batida e o caminh\u00e3o ficou sem a cabine. Os objetos dos passageiros ficaram espalhados pela rodovia, assim como as sacas de floco de milho que eram transportadas na carreta.<\/p>\n\n\n\n<p>Tanto o motorista da carreta quanto do micro-\u00f4nibus sobreviveram. Eles e outros 21 feridos foram encaminhados para o Hospital Regional da Chapada, tamb\u00e9m em Seabra. Segundo a Secretaria da Sa\u00fade da Bahia (Sesab), outras quatro v\u00edtimas foram transferidas para Salvador.<\/p>\n\n\n\n<p>Duas das v\u00edtimas transferidas s\u00e3o crian\u00e7as, que est\u00e3o em estado grave. Elas foram levadas para o Hospital do Sub\u00farbio pelo Grupamento A\u00e9reo da Pol\u00edcia Militar (Graer). Os outros dois feridos foram levados para o Hospital Geral do Estado (HGE).<\/p>\n\n\n\n<div class=\"wp-block-image\"><figure class=\"aligncenter\"><img data-recalc-dims=\"1\" decoding=\"async\" width=\"800\" height=\"598\" src=\"https:\/\/i0.wp.com\/blogdoeloiltoncajuhy.com.br\/site\/wp-content\/uploads\/2019\/01\/acidente-seabra_09.jpeg?resize=800%2C598\" alt=\"\" class=\"wp-image-30485\" srcset=\"https:\/\/i0.wp.com\/blogdoeloiltoncajuhy.com.br\/site\/wp-content\/uploads\/2019\/01\/acidente-seabra_09.jpeg?resize=1024%2C766&amp;ssl=1 1024w, https:\/\/i0.wp.com\/blogdoeloiltoncajuhy.com.br\/site\/wp-content\/uploads\/2019\/01\/acidente-seabra_09.jpeg?resize=300%2C224&amp;ssl=1 300w, https:\/\/i0.wp.com\/blogdoeloiltoncajuhy.com.br\/site\/wp-content\/uploads\/2019\/01\/acidente-seabra_09.jpeg?resize=768%2C574&amp;ssl=1 768w, https:\/\/i0.wp.com\/blogdoeloiltoncajuhy.com.br\/site\/wp-content\/uploads\/2019\/01\/acidente-seabra_09.jpeg?resize=250%2C187&amp;ssl=1 250w, https:\/\/i0.wp.com\/blogdoeloiltoncajuhy.com.br\/site\/wp-content\/uploads\/2019\/01\/acidente-seabra_09.jpeg?w=1344&amp;ssl=1 1344w\" sizes=\"(max-width: 800px) 100vw, 800px\" \/><figcaption><strong>V\u00edtimas foram transferidas para Salvador \u2014 Foto: SSP\/BA<\/strong><\/figcaption><\/figure><\/div>\n\n\n\n<p>Ainda segundo a pol\u00edcia, todos as pessoas que morreram viajavam no micro-\u00f4nibus. Delas, cinco eram mulheres e um era homem. Entre as v\u00edtimas, est\u00e3o uma m\u00e3e e filha.<\/p>\n\n\n\n<p>As v\u00edtimas foram identificadas como <strong>Simoni Ot\u00edlia Gomes Silva, Rebeca Silva Oliveira, Angeline da Silva Sosta, de 33 anos, Rosalvo Ferreira da Costa, de 60 anos, Delma Ribeiro da Silva, de 55 anos, e Thalita Ribeiro da Silva, de 31 anos, que \u00e9 filha de Delma<\/strong>.<\/p>\n\n\n\n<p>Os corpos das v\u00edtimas foram encaminhados para o Departamento de Pol\u00edcia T\u00e9cnica (DPT) de Irec\u00ea e Itaberaba. N\u00e3o h\u00e1 informa\u00e7\u00f5es sobre os sepultamentos.<\/p>\n","protected":false},"excerpt":{"rendered":"<p>Micro-\u00f4nibus da empresa Luiz Turismo de Senhor do Bonfim voltava de uma excurs\u00e3o em Goi\u00e1s Por G1 BA Foram divulgados no in\u00edcio da noite, os nomes das v\u00edtimas do grave acidente entre uma carreta e um micro-\u00f4nibus, ocorrido na manh\u00e3 desta quinta-feira (3), que deixou seis mortos e 26 feridos na BR-242, no per\u00edmetro urbano [&hellip;]<\/p>\n","protected":false},"author":2,"featured_media":30485,"comment_status":"open","ping_status":"open","sticky":false,"template":"","format":"standard","meta":{"_acf_changed":false,"_monsterinsights_skip_tracking":false,"_monsterinsights_sitenote_active":false,"_monsterinsights_sitenote_note":"","_monsterinsights_sitenote_category":0,"_jetpack_memberships_contains_paid_content":false,"footnotes":"","jetpack_publicize_message":"","jetpack_publicize_feature_enabled":true,"jetpack_social_post_already_shared":true,"jetpack_social_options":{"image_generator_settings":{"template":"highway","default_image_id":0,"font":"","enabled":false},"version":2}},"categories":[5,1,11,4],"tags":[],"class_list":["post-30483","post","type-post","status-publish","format-standard","has-post-thumbnail","hentry","category-cotidiano","category-noticias","category-regional","category-local"],"acf":[],"jetpack_publicize_connections":[],"jetpack_featured_media_url":"https:\/\/i0.wp.com\/blogdoeloiltoncajuhy.com.br\/site\/wp-content\/uploads\/2019\/01\/acidente-seabra_09.jpeg?fit=1344%2C1005&ssl=1","jetpack_sharing_enabled":true,"publishpress_future_workflow_manual_trigger":{"enabledWorkflows":[]},"_links":{"self":[{"href":"https:\/\/blogdoeloiltoncajuhy.com.br\/site\/wp-json\/wp\/v2\/posts\/30483","targetHints":{"allow":["GET"]}}],"collection":[{"href":"https:\/\/blogdoeloiltoncajuhy.com.br\/site\/wp-json\/wp\/v2\/posts"}],"about":[{"href":"https:\/\/blogdoeloiltoncajuhy.com.br\/site\/wp-json\/wp\/v2\/types\/post"}],"author":[{"embeddable":true,"href":"https:\/\/blogdoeloiltoncajuhy.com.br\/site\/wp-json\/wp\/v2\/users\/2"}],"replies":[{"embeddable":true,"href":"https:\/\/blogdoeloiltoncajuhy.com.br\/site\/wp-json\/wp\/v2\/comments?post=30483"}],"version-history":[{"count":1,"href":"https:\/\/blogdoeloiltoncajuhy.com.br\/site\/wp-json\/wp\/v2\/posts\/30483\/revisions"}],"predecessor-version":[{"id":30486,"href":"https:\/\/blogdoeloiltoncajuhy.com.br\/site\/wp-json\/wp\/v2\/posts\/30483\/revisions\/30486"}],"wp:featuredmedia":[{"embeddable":true,"href":"https:\/\/blogdoeloiltoncajuhy.com.br\/site\/wp-json\/wp\/v2\/media\/30485"}],"wp:attachment":[{"href":"https:\/\/blogdoeloiltoncajuhy.com.br\/site\/wp-json\/wp\/v2\/media?parent=30483"}],"wp:term":[{"taxonomy":"category","embeddable":true,"href":"https:\/\/blogdoeloiltoncajuhy.com.br\/site\/wp-json\/wp\/v2\/categories?post=30483"},{"taxonomy":"post_tag","embeddable":true,"href":"https:\/\/blogdoeloiltoncajuhy.com.br\/site\/wp-json\/wp\/v2\/tags?post=30483"}],"curies":[{"name":"wp","href":"https:\/\/api.w.org\/{rel}","templated":true}]}}