{"id":30480,"date":"2019-01-03T19:41:58","date_gmt":"2019-01-03T22:41:58","guid":{"rendered":"http:\/\/blogdoeloiltoncajuhy.com.br\/site\/?p=30480"},"modified":"2019-01-03T19:42:05","modified_gmt":"2019-01-03T22:42:05","slug":"prefeitura-de-jaguarari-restabelece-o-atendimento-ao-publico-nas-reparticoes-publicas-do-municipio","status":"publish","type":"post","link":"https:\/\/blogdoeloiltoncajuhy.com.br\/site\/prefeitura-de-jaguarari-restabelece-o-atendimento-ao-publico-nas-reparticoes-publicas-do-municipio\/","title":{"rendered":"Prefeitura de Jaguarari restabelece o atendimento ao publico nas reparti\u00e7\u00f5es publicas do munic\u00edpio"},"content":{"rendered":"\n<div class=\"wp-block-image\"><figure class=\"aligncenter is-resized\"><img data-recalc-dims=\"1\" fetchpriority=\"high\" decoding=\"async\" src=\"https:\/\/i0.wp.com\/blogdoeloiltoncajuhy.com.br\/site\/wp-content\/uploads\/2019\/01\/JaguarariPrefeitura.jpg?resize=512%2C324\" alt=\"\" class=\"wp-image-30481\" width=\"512\" height=\"324\" srcset=\"https:\/\/i0.wp.com\/blogdoeloiltoncajuhy.com.br\/site\/wp-content\/uploads\/2019\/01\/JaguarariPrefeitura.jpg?resize=1024%2C647&amp;ssl=1 1024w, https:\/\/i0.wp.com\/blogdoeloiltoncajuhy.com.br\/site\/wp-content\/uploads\/2019\/01\/JaguarariPrefeitura.jpg?resize=300%2C190&amp;ssl=1 300w, https:\/\/i0.wp.com\/blogdoeloiltoncajuhy.com.br\/site\/wp-content\/uploads\/2019\/01\/JaguarariPrefeitura.jpg?resize=768%2C485&amp;ssl=1 768w, https:\/\/i0.wp.com\/blogdoeloiltoncajuhy.com.br\/site\/wp-content\/uploads\/2019\/01\/JaguarariPrefeitura.jpg?resize=250%2C158&amp;ssl=1 250w, https:\/\/i0.wp.com\/blogdoeloiltoncajuhy.com.br\/site\/wp-content\/uploads\/2019\/01\/JaguarariPrefeitura.jpg?w=1280&amp;ssl=1 1280w\" sizes=\"(max-width: 512px) 100vw, 512px\" \/><\/figure><\/div>\n\n\n\n<p>A prefeitura de Jaguarari informa a toda popula\u00e7\u00e3o que nesta quinta-feira (03) restabeleceu o atendimento ao publico nas reparti\u00e7\u00f5es publicas do munic\u00edpio.<\/p>\n\n\n\n<p>Nos \u00faltimos 30 dias ap\u00f3s a publica\u00e7\u00e3o do Decreto N\u00ba 03\/2018 o atendimento ao publico havia sido suspenso. Essa medida se fez necess\u00e1ria para que a administra\u00e7\u00e3o municipal pudesse tomar conhecimento de todas as a\u00e7\u00f5es realizadas pela gest\u00e3o interina nos meses em que esteve \u00e0 frente do munic\u00edpio.<\/p>\n\n\n\n<p>Vale ressaltar, que a suspens\u00e3o n\u00e3o se aplicou aos servi\u00e7os das unidades de sa\u00fade, arrecada\u00e7\u00e3o e tributos, limpeza publica, guarda municipal, secretarias municipais, setor de licita\u00e7\u00e3o e contratos e procuradoria do munic\u00edpio.<\/p>\n\n\n\n<p><strong><em>ASCOM \u2013 Prefeitura de Jaguarari<\/em><\/strong><\/p>\n","protected":false},"excerpt":{"rendered":"<p>A prefeitura de Jaguarari informa a toda popula\u00e7\u00e3o que nesta quinta-feira (03) restabeleceu o atendimento ao publico nas reparti\u00e7\u00f5es publicas do munic\u00edpio. Nos \u00faltimos 30 dias ap\u00f3s a publica\u00e7\u00e3o do Decreto N\u00ba 03\/2018 o atendimento ao publico havia sido suspenso. Essa medida se fez necess\u00e1ria para que a administra\u00e7\u00e3o municipal pudesse tomar conhecimento de todas [&hellip;]<\/p>\n","protected":false},"author":2,"featured_media":30481,"comment_status":"open","ping_status":"open","sticky":false,"template":"","format":"standard","meta":{"_acf_changed":false,"_monsterinsights_skip_tracking":false,"_monsterinsights_sitenote_active":false,"_monsterinsights_sitenote_note":"","_monsterinsights_sitenote_category":0,"_jetpack_memberships_contains_paid_content":false,"footnotes":"","jetpack_publicize_message":"","jetpack_publicize_feature_enabled":true,"jetpack_social_post_already_shared":true,"jetpack_social_options":{"image_generator_settings":{"template":"highway","default_image_id":0,"font":"","enabled":false},"version":2}},"categories":[1,3,11],"tags":[],"class_list":["post-30480","post","type-post","status-publish","format-standard","has-post-thumbnail","hentry","category-noticias","category-politica","category-regional"],"acf":[],"jetpack_publicize_connections":[],"jetpack_featured_media_url":"https:\/\/i0.wp.com\/blogdoeloiltoncajuhy.com.br\/site\/wp-content\/uploads\/2019\/01\/JaguarariPrefeitura.jpg?fit=1280%2C809&ssl=1","jetpack_sharing_enabled":true,"publishpress_future_workflow_manual_trigger":{"enabledWorkflows":[]},"_links":{"self":[{"href":"https:\/\/blogdoeloiltoncajuhy.com.br\/site\/wp-json\/wp\/v2\/posts\/30480","targetHints":{"allow":["GET"]}}],"collection":[{"href":"https:\/\/blogdoeloiltoncajuhy.com.br\/site\/wp-json\/wp\/v2\/posts"}],"about":[{"href":"https:\/\/blogdoeloiltoncajuhy.com.br\/site\/wp-json\/wp\/v2\/types\/post"}],"author":[{"embeddable":true,"href":"https:\/\/blogdoeloiltoncajuhy.com.br\/site\/wp-json\/wp\/v2\/users\/2"}],"replies":[{"embeddable":true,"href":"https:\/\/blogdoeloiltoncajuhy.com.br\/site\/wp-json\/wp\/v2\/comments?post=30480"}],"version-history":[{"count":1,"href":"https:\/\/blogdoeloiltoncajuhy.com.br\/site\/wp-json\/wp\/v2\/posts\/30480\/revisions"}],"predecessor-version":[{"id":30482,"href":"https:\/\/blogdoeloiltoncajuhy.com.br\/site\/wp-json\/wp\/v2\/posts\/30480\/revisions\/30482"}],"wp:featuredmedia":[{"embeddable":true,"href":"https:\/\/blogdoeloiltoncajuhy.com.br\/site\/wp-json\/wp\/v2\/media\/30481"}],"wp:attachment":[{"href":"https:\/\/blogdoeloiltoncajuhy.com.br\/site\/wp-json\/wp\/v2\/media?parent=30480"}],"wp:term":[{"taxonomy":"category","embeddable":true,"href":"https:\/\/blogdoeloiltoncajuhy.com.br\/site\/wp-json\/wp\/v2\/categories?post=30480"},{"taxonomy":"post_tag","embeddable":true,"href":"https:\/\/blogdoeloiltoncajuhy.com.br\/site\/wp-json\/wp\/v2\/tags?post=30480"}],"curies":[{"name":"wp","href":"https:\/\/api.w.org\/{rel}","templated":true}]}}