{"id":30473,"date":"2019-01-03T15:36:29","date_gmt":"2019-01-03T18:36:29","guid":{"rendered":"http:\/\/blogdoeloiltoncajuhy.com.br\/site\/?p=30473"},"modified":"2019-01-03T19:33:06","modified_gmt":"2019-01-03T22:33:06","slug":"projeto-pequeno-cidadao-registra-mais-de-2-mil-atendimentos-nos-postos-sac-do-interior","status":"publish","type":"post","link":"https:\/\/blogdoeloiltoncajuhy.com.br\/site\/projeto-pequeno-cidadao-registra-mais-de-2-mil-atendimentos-nos-postos-sac-do-interior\/","title":{"rendered":"Projeto Pequeno Cidad\u00e3o registra mais de 2 mil atendimentos nos postos SAC do interior"},"content":{"rendered":"\n<h5 class=\"wp-block-heading\" style=\"text-align:center\"><em>O objetivo do projeto \u00e9 facilitar o acesso deste p\u00fablico para a emiss\u00e3o de RG e CPF<\/em><\/h5>\n\n\n\n<div class=\"wp-block-image\"><figure class=\"aligncenter\"><img data-recalc-dims=\"1\" fetchpriority=\"high\" decoding=\"async\" width=\"560\" height=\"374\" src=\"https:\/\/i0.wp.com\/blogdoeloiltoncajuhy.com.br\/site\/wp-content\/uploads\/2019\/01\/SAC_ProjetoPequenoCidad%C3%A3o.jpg?resize=560%2C374\" alt=\"\" class=\"wp-image-30474\" srcset=\"https:\/\/i0.wp.com\/blogdoeloiltoncajuhy.com.br\/site\/wp-content\/uploads\/2019\/01\/SAC_ProjetoPequenoCidad%C3%A3o.jpg?w=560&amp;ssl=1 560w, https:\/\/i0.wp.com\/blogdoeloiltoncajuhy.com.br\/site\/wp-content\/uploads\/2019\/01\/SAC_ProjetoPequenoCidad%C3%A3o.jpg?resize=300%2C200&amp;ssl=1 300w, https:\/\/i0.wp.com\/blogdoeloiltoncajuhy.com.br\/site\/wp-content\/uploads\/2019\/01\/SAC_ProjetoPequenoCidad%C3%A3o.jpg?resize=250%2C167&amp;ssl=1 250w\" sizes=\"(max-width: 560px) 100vw, 560px\" \/><\/figure><\/div>\n\n\n\n<p>Para fazer o agendamento, \u00e9 necess\u00e1rio que os respons\u00e1veis se dirijam aos postos com anteced\u00eancia, portando certid\u00e3o de nascimento da crian\u00e7a. A pr\u00f3xima edi\u00e7\u00e3o nos Postos SAC do Interior ser\u00e1 no dia 12 de janeiro de 2019.<br><\/p>\n\n\n\n<p>Um dia de a\u00e7\u00e3o foi o suficiente para a Rede SAC atestar mais uma vez sua import\u00e2ncia para o exerc\u00edcio da cidadania no interior do Estado. De forma conjunta, 21 unidades receberam o Projeto Pequeno Cidad\u00e3o no dia 15 de dezembro, registrando 2.103 atendimentos no total.<\/p>\n\n\n\n<p>Foram emitidas 1.785 carteiras de identidade e 318 CPF&#8217;s para crian\u00e7as at\u00e9 10 anos de idade. O objetivo do projeto \u00e9 facilitar o acesso deste p\u00fablico para a emiss\u00e3o de RG e CPF.<\/p>\n\n\n\n<p>Os documentos necess\u00e1rios para emiss\u00e3o do RG s\u00e3o: Certid\u00e3o de Nascimento original, leg\u00edvel e sem rasuras, ou c\u00f3pia autenticada. Para crian\u00e7as at\u00e9 tr\u00eas anos de idade, \u00e9 preciso levar foto 3&#215;4, com fundo branco. Vale ressaltar que para os casos de segunda e demais vias ser\u00e1 cobrada uma<br>taxa de R$ 37,77.<br><\/p>\n\n\n\n<p>Para o coordenador dos postos SAC do Interior, L\u00facio Pisani, a a\u00e7\u00e3o \u00e9 importante para ampliar o acesso de crian\u00e7as a servi\u00e7os b\u00e1sicos de cidadania. <em>&#8220;\u00c9 fundamental que eles iniciem o quanto antes o exerc\u00edcio da cidadania, j\u00e1 que o projeto ajuda no processo da confec\u00e7\u00e3o do RG, documento que vai facilitar a vida dos pais e respons\u00e1veis no dia a dia&#8221;<\/em>, disse.<br><\/p>\n\n\n\n<p><strong><em>Fonte: Ascom\/ Saeb<\/em><\/strong><\/p>\n","protected":false},"excerpt":{"rendered":"<p>O objetivo do projeto \u00e9 facilitar o acesso deste p\u00fablico para a emiss\u00e3o de RG e CPF Para fazer o agendamento, \u00e9 necess\u00e1rio que os respons\u00e1veis se dirijam aos postos com anteced\u00eancia, portando certid\u00e3o de nascimento da crian\u00e7a. A pr\u00f3xima edi\u00e7\u00e3o nos Postos SAC do Interior ser\u00e1 no dia 12 de janeiro de 2019. Um [&hellip;]<\/p>\n","protected":false},"author":2,"featured_media":30474,"comment_status":"open","ping_status":"open","sticky":false,"template":"","format":"standard","meta":{"_acf_changed":false,"_monsterinsights_skip_tracking":false,"_monsterinsights_sitenote_active":false,"_monsterinsights_sitenote_note":"","_monsterinsights_sitenote_category":0,"_jetpack_memberships_contains_paid_content":false,"footnotes":"","jetpack_publicize_message":"","jetpack_publicize_feature_enabled":true,"jetpack_social_post_already_shared":true,"jetpack_social_options":{"image_generator_settings":{"template":"highway","default_image_id":0,"font":"","enabled":false},"version":2}},"categories":[5,1],"tags":[],"class_list":["post-30473","post","type-post","status-publish","format-standard","has-post-thumbnail","hentry","category-cotidiano","category-noticias"],"acf":[],"jetpack_publicize_connections":[],"jetpack_featured_media_url":"https:\/\/i0.wp.com\/blogdoeloiltoncajuhy.com.br\/site\/wp-content\/uploads\/2019\/01\/SAC_ProjetoPequenoCidad%C3%A3o.jpg?fit=560%2C374&ssl=1","jetpack_sharing_enabled":true,"publishpress_future_workflow_manual_trigger":{"enabledWorkflows":[]},"_links":{"self":[{"href":"https:\/\/blogdoeloiltoncajuhy.com.br\/site\/wp-json\/wp\/v2\/posts\/30473","targetHints":{"allow":["GET"]}}],"collection":[{"href":"https:\/\/blogdoeloiltoncajuhy.com.br\/site\/wp-json\/wp\/v2\/posts"}],"about":[{"href":"https:\/\/blogdoeloiltoncajuhy.com.br\/site\/wp-json\/wp\/v2\/types\/post"}],"author":[{"embeddable":true,"href":"https:\/\/blogdoeloiltoncajuhy.com.br\/site\/wp-json\/wp\/v2\/users\/2"}],"replies":[{"embeddable":true,"href":"https:\/\/blogdoeloiltoncajuhy.com.br\/site\/wp-json\/wp\/v2\/comments?post=30473"}],"version-history":[{"count":2,"href":"https:\/\/blogdoeloiltoncajuhy.com.br\/site\/wp-json\/wp\/v2\/posts\/30473\/revisions"}],"predecessor-version":[{"id":30479,"href":"https:\/\/blogdoeloiltoncajuhy.com.br\/site\/wp-json\/wp\/v2\/posts\/30473\/revisions\/30479"}],"wp:featuredmedia":[{"embeddable":true,"href":"https:\/\/blogdoeloiltoncajuhy.com.br\/site\/wp-json\/wp\/v2\/media\/30474"}],"wp:attachment":[{"href":"https:\/\/blogdoeloiltoncajuhy.com.br\/site\/wp-json\/wp\/v2\/media?parent=30473"}],"wp:term":[{"taxonomy":"category","embeddable":true,"href":"https:\/\/blogdoeloiltoncajuhy.com.br\/site\/wp-json\/wp\/v2\/categories?post=30473"},{"taxonomy":"post_tag","embeddable":true,"href":"https:\/\/blogdoeloiltoncajuhy.com.br\/site\/wp-json\/wp\/v2\/tags?post=30473"}],"curies":[{"name":"wp","href":"https:\/\/api.w.org\/{rel}","templated":true}]}}