{"id":30457,"date":"2019-01-03T12:26:50","date_gmt":"2019-01-03T15:26:50","guid":{"rendered":"http:\/\/blogdoeloiltoncajuhy.com.br\/site\/?p=30457"},"modified":"2019-01-03T12:26:56","modified_gmt":"2019-01-03T15:26:56","slug":"sobe-para-6-o-numero-de-mortos-em-acidente-envolvendo-micro-onibus-de-senhor-do-bonfim-na-br-242","status":"publish","type":"post","link":"https:\/\/blogdoeloiltoncajuhy.com.br\/site\/sobe-para-6-o-numero-de-mortos-em-acidente-envolvendo-micro-onibus-de-senhor-do-bonfim-na-br-242\/","title":{"rendered":"Sobe para 6 o n\u00famero de mortos em acidente envolvendo micro-\u00f4nibus de Senhor do Bonfim, na BR-242"},"content":{"rendered":"\n<h5 class=\"wp-block-heading\" style=\"text-align:center\"><em>Acidente ocorreu na manh\u00e3 desta quinta-feira (3), na BR-242, entrada da cidade de Seabra, localizada na Chapada Diamantina<\/em><\/h5>\n\n\n\n<p><strong><em>Por G1 BA<\/em><\/strong><\/p>\n\n\n\n<div class=\"wp-block-image\"><figure class=\"aligncenter is-resized\"><img data-recalc-dims=\"1\" fetchpriority=\"high\" decoding=\"async\" src=\"https:\/\/i0.wp.com\/blogdoeloiltoncajuhy.com.br\/site\/wp-content\/uploads\/2019\/01\/acidente-seabra_01.jpeg?resize=768%2C433\" alt=\"\" class=\"wp-image-30458\" width=\"768\" height=\"433\" srcset=\"https:\/\/i0.wp.com\/blogdoeloiltoncajuhy.com.br\/site\/wp-content\/uploads\/2019\/01\/acidente-seabra_01.jpeg?resize=1024%2C577&amp;ssl=1 1024w, https:\/\/i0.wp.com\/blogdoeloiltoncajuhy.com.br\/site\/wp-content\/uploads\/2019\/01\/acidente-seabra_01.jpeg?resize=300%2C169&amp;ssl=1 300w, https:\/\/i0.wp.com\/blogdoeloiltoncajuhy.com.br\/site\/wp-content\/uploads\/2019\/01\/acidente-seabra_01.jpeg?resize=768%2C433&amp;ssl=1 768w, https:\/\/i0.wp.com\/blogdoeloiltoncajuhy.com.br\/site\/wp-content\/uploads\/2019\/01\/acidente-seabra_01.jpeg?resize=250%2C141&amp;ssl=1 250w, https:\/\/i0.wp.com\/blogdoeloiltoncajuhy.com.br\/site\/wp-content\/uploads\/2019\/01\/acidente-seabra_01.jpeg?w=1344&amp;ssl=1 1344w\" sizes=\"(max-width: 768px) 100vw, 768px\" \/><figcaption><em>Grave batida entre carreta e micro-\u00f4nibus deixa mortos e feridos em Seabra, na Chapada Diamantina, Bahia \u2014 Foto: Nilson Santos\/Blog Liberdade Bom Sucesso<\/em><\/figcaption><\/figure><\/div>\n\n\n\n<p>Uma grave batida entre uma carreta e um micro-\u00f4nibus deixou ao menos seis mortos e 23 feridos na BR-242, no per\u00edmetro urbano da cidade de Seabra, regi\u00e3o da Chapada Diamantina, na Bahia. As informa\u00e7\u00f5es s\u00e3o da Pol\u00edcia Rodovi\u00e1ria Federal (PRF).<\/p>\n\n\n\n<p>Conforme informou a PRF, outros dois ve\u00edculos de passeio foram atingidos pelo caminh\u00e3o, que n\u00e3o conseguiu parar ap\u00f3s bater no micro-\u00f4nibus. A pol\u00edcia disse que o micro-\u00f4nibus saiu de Goi\u00e1s com destino a cidade baiana de Senhor do Bonfim. Informa\u00e7\u00f5es preliminares da PRF, apontam que todas as pessoas que seguiam no micro-\u00f4nibus eram da mesma fam\u00edlia.<\/p>\n\n\n\n<p>De acordo com a pol\u00edcia, o acidente ocorreu por volta 9h, na entrada da cidade. \u00c0 Pol\u00edcia Civil, testemunhas relataram que a carreta perdeu o freio e acabou colidindo no \u00f4nibus. Entretanto, a pol\u00edcia ressaltou que as causas do acidente s\u00f3 poder\u00e3o ser apontadas quando houver per\u00edcia. Equipes da pol\u00edcia t\u00e9cnica foram encaminhadas ao local.<\/p>\n\n\n\n<div class=\"wp-block-image\"><figure class=\"aligncenter is-resized\"><img data-recalc-dims=\"1\" decoding=\"async\" src=\"https:\/\/i0.wp.com\/blogdoeloiltoncajuhy.com.br\/site\/wp-content\/uploads\/2019\/01\/acidente-seabra_02.jpeg?resize=768%2C576\" alt=\"\" class=\"wp-image-30459\" width=\"768\" height=\"576\" srcset=\"https:\/\/i0.wp.com\/blogdoeloiltoncajuhy.com.br\/site\/wp-content\/uploads\/2019\/01\/acidente-seabra_02.jpeg?resize=1024%2C768&amp;ssl=1 1024w, https:\/\/i0.wp.com\/blogdoeloiltoncajuhy.com.br\/site\/wp-content\/uploads\/2019\/01\/acidente-seabra_02.jpeg?resize=300%2C225&amp;ssl=1 300w, https:\/\/i0.wp.com\/blogdoeloiltoncajuhy.com.br\/site\/wp-content\/uploads\/2019\/01\/acidente-seabra_02.jpeg?resize=768%2C576&amp;ssl=1 768w, https:\/\/i0.wp.com\/blogdoeloiltoncajuhy.com.br\/site\/wp-content\/uploads\/2019\/01\/acidente-seabra_02.jpeg?resize=250%2C188&amp;ssl=1 250w, https:\/\/i0.wp.com\/blogdoeloiltoncajuhy.com.br\/site\/wp-content\/uploads\/2019\/01\/acidente-seabra_02.jpeg?w=1344&amp;ssl=1 1344w\" sizes=\"(max-width: 768px) 100vw, 768px\" \/><figcaption><em>Acidente em Seabra, na Chapada Diamantina \u2014 Foto: Nilson Santos\/Blog Liberdade Bom Sucesso<\/em><\/figcaption><\/figure><\/div>\n\n\n\n<p>Por conta do acidente, os ve\u00edculos ficaram destru\u00eddos. O micro-\u00f4nibus perdeu o teto com a for\u00e7a da batida e o caminh\u00e3o ficou sem a cabine. Os objetos dos passageiros ficaram espalhados pela rodovia, assim como as sacas de floco de milho que eram transportadas na carreta.<\/p>\n\n\n\n<p>Os sobreviventes foram encaminhados para o Hospital Regional da Chapada, em Seabra. N\u00e3o h\u00e1 informa\u00e7\u00f5es sobre o estado de sa\u00fade deles.<\/p>\n\n\n\n<p>Pol\u00edcia Civil informou que os corpos dos mortos devem ser encaminhados para o Departamento de Pol\u00edcia T\u00e9cnica (DPT) de Irec\u00ea.<\/p>\n\n\n\n<div class=\"wp-block-image\"><figure class=\"aligncenter is-resized\"><img data-recalc-dims=\"1\" decoding=\"async\" src=\"https:\/\/i0.wp.com\/blogdoeloiltoncajuhy.com.br\/site\/wp-content\/uploads\/2019\/01\/acidente-seabra_03.jpeg?resize=768%2C432\" alt=\"\" class=\"wp-image-30460\" width=\"768\" height=\"432\" srcset=\"https:\/\/i0.wp.com\/blogdoeloiltoncajuhy.com.br\/site\/wp-content\/uploads\/2019\/01\/acidente-seabra_03.jpeg?resize=1024%2C576&amp;ssl=1 1024w, https:\/\/i0.wp.com\/blogdoeloiltoncajuhy.com.br\/site\/wp-content\/uploads\/2019\/01\/acidente-seabra_03.jpeg?resize=300%2C169&amp;ssl=1 300w, https:\/\/i0.wp.com\/blogdoeloiltoncajuhy.com.br\/site\/wp-content\/uploads\/2019\/01\/acidente-seabra_03.jpeg?resize=768%2C432&amp;ssl=1 768w, https:\/\/i0.wp.com\/blogdoeloiltoncajuhy.com.br\/site\/wp-content\/uploads\/2019\/01\/acidente-seabra_03.jpeg?resize=250%2C141&amp;ssl=1 250w, https:\/\/i0.wp.com\/blogdoeloiltoncajuhy.com.br\/site\/wp-content\/uploads\/2019\/01\/acidente-seabra_03.jpeg?w=1344&amp;ssl=1 1344w\" sizes=\"(max-width: 768px) 100vw, 768px\" \/><figcaption><em>Carreta envolvida em batida em Seabra \u2014 Foto: Nilson Santos\/Blog Liberdade Bom Sucesso<\/em><\/figcaption><\/figure><\/div>\n\n\n\n<div class=\"wp-block-image\"><figure class=\"aligncenter is-resized\"><img data-recalc-dims=\"1\" loading=\"lazy\" decoding=\"async\" src=\"https:\/\/i0.wp.com\/blogdoeloiltoncajuhy.com.br\/site\/wp-content\/uploads\/2019\/01\/acidente-seabra_04.jpeg?resize=768%2C433\" alt=\"\" class=\"wp-image-30461\" width=\"768\" height=\"433\" srcset=\"https:\/\/i0.wp.com\/blogdoeloiltoncajuhy.com.br\/site\/wp-content\/uploads\/2019\/01\/acidente-seabra_04.jpeg?resize=1024%2C577&amp;ssl=1 1024w, https:\/\/i0.wp.com\/blogdoeloiltoncajuhy.com.br\/site\/wp-content\/uploads\/2019\/01\/acidente-seabra_04.jpeg?resize=300%2C169&amp;ssl=1 300w, https:\/\/i0.wp.com\/blogdoeloiltoncajuhy.com.br\/site\/wp-content\/uploads\/2019\/01\/acidente-seabra_04.jpeg?resize=768%2C433&amp;ssl=1 768w, https:\/\/i0.wp.com\/blogdoeloiltoncajuhy.com.br\/site\/wp-content\/uploads\/2019\/01\/acidente-seabra_04.jpeg?resize=250%2C141&amp;ssl=1 250w, https:\/\/i0.wp.com\/blogdoeloiltoncajuhy.com.br\/site\/wp-content\/uploads\/2019\/01\/acidente-seabra_04.jpeg?w=1344&amp;ssl=1 1344w\" sizes=\"(max-width: 768px) 100vw, 768px\" \/><figcaption><em>Carreta ficou sem cabine ap\u00f3s batida com micro-\u00f4nibus em Seabra, na Chapada Diamantina \u2014 Foto: Nilson Santos\/Blog Liberdade Bom Sucesso<\/em><\/figcaption><\/figure><\/div>\n\n\n\n<div class=\"wp-block-image\"><figure class=\"aligncenter is-resized\"><img data-recalc-dims=\"1\" loading=\"lazy\" decoding=\"async\" src=\"https:\/\/i0.wp.com\/blogdoeloiltoncajuhy.com.br\/site\/wp-content\/uploads\/2019\/01\/acidente-seabra_05.jpg?resize=768%2C482\" alt=\"\" class=\"wp-image-30462\" width=\"768\" height=\"482\" srcset=\"https:\/\/i0.wp.com\/blogdoeloiltoncajuhy.com.br\/site\/wp-content\/uploads\/2019\/01\/acidente-seabra_05.jpg?resize=1024%2C642&amp;ssl=1 1024w, https:\/\/i0.wp.com\/blogdoeloiltoncajuhy.com.br\/site\/wp-content\/uploads\/2019\/01\/acidente-seabra_05.jpg?resize=300%2C188&amp;ssl=1 300w, https:\/\/i0.wp.com\/blogdoeloiltoncajuhy.com.br\/site\/wp-content\/uploads\/2019\/01\/acidente-seabra_05.jpg?resize=768%2C481&amp;ssl=1 768w, https:\/\/i0.wp.com\/blogdoeloiltoncajuhy.com.br\/site\/wp-content\/uploads\/2019\/01\/acidente-seabra_05.jpg?resize=250%2C157&amp;ssl=1 250w, https:\/\/i0.wp.com\/blogdoeloiltoncajuhy.com.br\/site\/wp-content\/uploads\/2019\/01\/acidente-seabra_05.jpg?w=1344&amp;ssl=1 1344w\" sizes=\"(max-width: 768px) 100vw, 768px\" \/><figcaption><em>Acidente em Seabra, na Chapada Diamantina \u2014 Foto: Nilson Santos\/Blog Liberdade Bom Sucesso<\/em><\/figcaption><\/figure><\/div>\n\n\n\n<div class=\"wp-block-image\"><figure class=\"aligncenter is-resized\"><img data-recalc-dims=\"1\" loading=\"lazy\" decoding=\"async\" src=\"https:\/\/i0.wp.com\/blogdoeloiltoncajuhy.com.br\/site\/wp-content\/uploads\/2019\/01\/acidente-seabra_06.jpg?resize=768%2C482\" alt=\"\" class=\"wp-image-30463\" width=\"768\" height=\"482\" srcset=\"https:\/\/i0.wp.com\/blogdoeloiltoncajuhy.com.br\/site\/wp-content\/uploads\/2019\/01\/acidente-seabra_06.jpg?resize=1024%2C642&amp;ssl=1 1024w, https:\/\/i0.wp.com\/blogdoeloiltoncajuhy.com.br\/site\/wp-content\/uploads\/2019\/01\/acidente-seabra_06.jpg?resize=300%2C188&amp;ssl=1 300w, https:\/\/i0.wp.com\/blogdoeloiltoncajuhy.com.br\/site\/wp-content\/uploads\/2019\/01\/acidente-seabra_06.jpg?resize=768%2C481&amp;ssl=1 768w, https:\/\/i0.wp.com\/blogdoeloiltoncajuhy.com.br\/site\/wp-content\/uploads\/2019\/01\/acidente-seabra_06.jpg?resize=250%2C157&amp;ssl=1 250w, https:\/\/i0.wp.com\/blogdoeloiltoncajuhy.com.br\/site\/wp-content\/uploads\/2019\/01\/acidente-seabra_06.jpg?w=1344&amp;ssl=1 1344w\" sizes=\"(max-width: 768px) 100vw, 768px\" \/><figcaption><em>Um dos carros que foi atingido pela carreta no acidente em Seabra, na Chapada Diamantina \u2014 Foto: Nilson Santos\/Blog Liberdade Bom Sucesso<\/em><\/figcaption><\/figure><\/div>\n\n\n\n<div class=\"wp-block-image\"><figure class=\"aligncenter is-resized\"><img data-recalc-dims=\"1\" loading=\"lazy\" decoding=\"async\" src=\"https:\/\/i0.wp.com\/blogdoeloiltoncajuhy.com.br\/site\/wp-content\/uploads\/2019\/01\/acidente-seabra_07.jpg?resize=768%2C482\" alt=\"\" class=\"wp-image-30464\" width=\"768\" height=\"482\" srcset=\"https:\/\/i0.wp.com\/blogdoeloiltoncajuhy.com.br\/site\/wp-content\/uploads\/2019\/01\/acidente-seabra_07.jpg?resize=1024%2C642&amp;ssl=1 1024w, https:\/\/i0.wp.com\/blogdoeloiltoncajuhy.com.br\/site\/wp-content\/uploads\/2019\/01\/acidente-seabra_07.jpg?resize=300%2C188&amp;ssl=1 300w, https:\/\/i0.wp.com\/blogdoeloiltoncajuhy.com.br\/site\/wp-content\/uploads\/2019\/01\/acidente-seabra_07.jpg?resize=768%2C481&amp;ssl=1 768w, https:\/\/i0.wp.com\/blogdoeloiltoncajuhy.com.br\/site\/wp-content\/uploads\/2019\/01\/acidente-seabra_07.jpg?resize=250%2C157&amp;ssl=1 250w, https:\/\/i0.wp.com\/blogdoeloiltoncajuhy.com.br\/site\/wp-content\/uploads\/2019\/01\/acidente-seabra_07.jpg?w=1344&amp;ssl=1 1344w\" sizes=\"(max-width: 768px) 100vw, 768px\" \/><figcaption><em>Um dos carros que foi atingido pela carreta no acidente em Seabra, na Chapada Diamantina \u2014 Foto: Nilson Santos\/Blog Liberdade Bom Sucesso<\/em><\/figcaption><\/figure><\/div>\n","protected":false},"excerpt":{"rendered":"<p>Acidente ocorreu na manh\u00e3 desta quinta-feira (3), na BR-242, entrada da cidade de Seabra, localizada na Chapada Diamantina Por G1 BA Uma grave batida entre uma carreta e um micro-\u00f4nibus deixou ao menos seis mortos e 23 feridos na BR-242, no per\u00edmetro urbano da cidade de Seabra, regi\u00e3o da Chapada Diamantina, na Bahia. As informa\u00e7\u00f5es [&hellip;]<\/p>\n","protected":false},"author":2,"featured_media":30464,"comment_status":"open","ping_status":"open","sticky":false,"template":"","format":"standard","meta":{"_acf_changed":false,"_monsterinsights_skip_tracking":false,"_monsterinsights_sitenote_active":false,"_monsterinsights_sitenote_note":"","_monsterinsights_sitenote_category":0,"_jetpack_memberships_contains_paid_content":false,"footnotes":"","jetpack_publicize_message":"","jetpack_publicize_feature_enabled":true,"jetpack_social_post_already_shared":true,"jetpack_social_options":{"image_generator_settings":{"template":"highway","default_image_id":0,"font":"","enabled":false},"version":2}},"categories":[5,1,4],"tags":[],"class_list":["post-30457","post","type-post","status-publish","format-standard","has-post-thumbnail","hentry","category-cotidiano","category-noticias","category-local"],"acf":[],"jetpack_publicize_connections":[],"jetpack_featured_media_url":"https:\/\/i0.wp.com\/blogdoeloiltoncajuhy.com.br\/site\/wp-content\/uploads\/2019\/01\/acidente-seabra_07.jpg?fit=1344%2C842&ssl=1","jetpack_sharing_enabled":true,"publishpress_future_workflow_manual_trigger":{"enabledWorkflows":[]},"_links":{"self":[{"href":"https:\/\/blogdoeloiltoncajuhy.com.br\/site\/wp-json\/wp\/v2\/posts\/30457","targetHints":{"allow":["GET"]}}],"collection":[{"href":"https:\/\/blogdoeloiltoncajuhy.com.br\/site\/wp-json\/wp\/v2\/posts"}],"about":[{"href":"https:\/\/blogdoeloiltoncajuhy.com.br\/site\/wp-json\/wp\/v2\/types\/post"}],"author":[{"embeddable":true,"href":"https:\/\/blogdoeloiltoncajuhy.com.br\/site\/wp-json\/wp\/v2\/users\/2"}],"replies":[{"embeddable":true,"href":"https:\/\/blogdoeloiltoncajuhy.com.br\/site\/wp-json\/wp\/v2\/comments?post=30457"}],"version-history":[{"count":1,"href":"https:\/\/blogdoeloiltoncajuhy.com.br\/site\/wp-json\/wp\/v2\/posts\/30457\/revisions"}],"predecessor-version":[{"id":30465,"href":"https:\/\/blogdoeloiltoncajuhy.com.br\/site\/wp-json\/wp\/v2\/posts\/30457\/revisions\/30465"}],"wp:featuredmedia":[{"embeddable":true,"href":"https:\/\/blogdoeloiltoncajuhy.com.br\/site\/wp-json\/wp\/v2\/media\/30464"}],"wp:attachment":[{"href":"https:\/\/blogdoeloiltoncajuhy.com.br\/site\/wp-json\/wp\/v2\/media?parent=30457"}],"wp:term":[{"taxonomy":"category","embeddable":true,"href":"https:\/\/blogdoeloiltoncajuhy.com.br\/site\/wp-json\/wp\/v2\/categories?post=30457"},{"taxonomy":"post_tag","embeddable":true,"href":"https:\/\/blogdoeloiltoncajuhy.com.br\/site\/wp-json\/wp\/v2\/tags?post=30457"}],"curies":[{"name":"wp","href":"https:\/\/api.w.org\/{rel}","templated":true}]}}