{"id":30448,"date":"2019-01-03T09:36:48","date_gmt":"2019-01-03T12:36:48","guid":{"rendered":"http:\/\/blogdoeloiltoncajuhy.com.br\/site\/?p=30448"},"modified":"2019-01-03T09:36:54","modified_gmt":"2019-01-03T12:36:54","slug":"ministerio-da-saude-ampliacao-do-horario-de-atendimento-em-postos-de-saude-sera-prioridade","status":"publish","type":"post","link":"https:\/\/blogdoeloiltoncajuhy.com.br\/site\/ministerio-da-saude-ampliacao-do-horario-de-atendimento-em-postos-de-saude-sera-prioridade\/","title":{"rendered":"Minist\u00e9rio da Sa\u00fade: Amplia\u00e7\u00e3o do hor\u00e1rio de atendimento em postos de sa\u00fade ser\u00e1 prioridade"},"content":{"rendered":"\n<p><strong><em>Renata Martins \/ Radioag\u00eancia Nacional<\/em><\/strong><\/p>\n\n\n\n<div class=\"wp-block-image\"><figure class=\"aligncenter is-resized\"><img data-recalc-dims=\"1\" fetchpriority=\"high\" decoding=\"async\" src=\"https:\/\/i0.wp.com\/blogdoeloiltoncajuhy.com.br\/site\/wp-content\/uploads\/2019\/01\/Saude-1.jpeg?resize=620%2C310\" alt=\"\" class=\"wp-image-30449\" width=\"620\" height=\"310\" srcset=\"https:\/\/i0.wp.com\/blogdoeloiltoncajuhy.com.br\/site\/wp-content\/uploads\/2019\/01\/Saude-1.jpeg?w=660&amp;ssl=1 660w, https:\/\/i0.wp.com\/blogdoeloiltoncajuhy.com.br\/site\/wp-content\/uploads\/2019\/01\/Saude-1.jpeg?resize=300%2C150&amp;ssl=1 300w, https:\/\/i0.wp.com\/blogdoeloiltoncajuhy.com.br\/site\/wp-content\/uploads\/2019\/01\/Saude-1.jpeg?resize=250%2C125&amp;ssl=1 250w\" sizes=\"(max-width: 620px) 100vw, 620px\" \/><\/figure><\/div>\n\n\n\n<p>O novo Ministro da Sa\u00fade, Luiz Henrique Mandetta, anunciou vacina\u00e7\u00e3o, redu\u00e7\u00e3o nas filas dos hospitais e amplia\u00e7\u00e3o do hor\u00e1rio de atendimento em postos de sa\u00fade como prioridade nos 100 primeiros dias de gest\u00e3o.<\/p>\n\n\n\n<p>Cada projeto ser\u00e1 implementado inicialmente em um estado da federa\u00e7\u00e3o, como uma esp\u00e9cie de piloto.<\/p>\n\n\n\n<p>O Rio de Janeiro receber\u00e1 as primeiras a\u00e7\u00f5es com rela\u00e7\u00e3o ao atendimento hospitalar, em seis unidades de responsabilidade da Uni\u00e3o. S\u00e3o os hospitais federais de Ipanema, Bonsucesso, Lagoa, Andara\u00ed, Cardoso Fontes e dos Servidores do Estado.<\/p>\n\n\n\n<p>Segundo Mandetta, haver\u00e1 um choque de gest\u00e3o, como a interven\u00e7\u00e3o nas compras para redu\u00e7\u00e3o de custos e transpar\u00eancia no acesso aos servi\u00e7os hospitalares. O novo ministro falou sobre o controle das mil\u00edcias nas filas de cirurgia.<\/p>\n\n\n\n<p>A a\u00e7\u00e3o de imuniza\u00e7\u00e3o ser\u00e1 iniciada em Roraima. O estado \u00e9 a porta de entrada de milhares de venezuelanos que migram para o Brasil, e vive um surto de sarampo, que se estendeu para regi\u00e3o amaz\u00f4nica e para os demais estados brasileiros. Para Mandetta, a doen\u00e7a se espalhou devido ao baixo \u00edndice de vacina\u00e7\u00e3o no pa\u00eds.<\/p>\n\n\n\n<p>A terceira medida anunciada pelo novo ministro \u00e9 reestrutura\u00e7\u00e3o da Aten\u00e7\u00e3o B\u00e1sica. O estado que receber\u00e1 as primeiras a\u00e7\u00f5es ainda n\u00e3o foi definido.<\/p>\n\n\n\n<p>Entre as medidas, Mandetta destaca a amplia\u00e7\u00e3o do hor\u00e1rio de atendimento das Unidades B\u00e1sicas de Sa\u00fade, que inclui um terceiro turno de funcionamento.<\/p>\n\n\n\n<p>Sobre o preenchimento de vagas do programa mais m\u00e9dicos, o novo ministro afirmou que estuda propostas como a rotatividade de m\u00e9dicos e o aproveitamento de profissionais que servem ao Ex\u00e9rcito para as \u00e1reas de pouco interesse dos profissionais ou de dif\u00edcil acesso.<\/p>\n\n\n\n<p>A pasta manteve a Secretaria de Sa\u00fade Ind\u00edgena, mas o novo ministro fala em reestrutura\u00e7\u00e3o. Segundo ele, os resultados da \u00e1rea n\u00e3o representam o montante investido.<\/p>\n\n\n\n<p>Deputado Federal, pelo DEM de Mato Grosso do Sul, Luiz Henrique Mandetta \u00e9 m\u00e9dico, especialista em ortopedia pedi\u00e1trica. Tem 53 anos e nasceu em Campo Grande, capital sul-mato-grossense.<\/p>\n\n\n\n<p>Foi secret\u00e1rio de Sa\u00fade da sua cidade natal. Elegeu-se deputado federal em 2010 e em 2014. No ano passado, n\u00e3o disputou as elei\u00e7\u00f5es. Mandetta tomou posse nesta quarta-feira (2), na sede do minist\u00e9rio da sa\u00fade, em Bras\u00edlia.<\/p>\n","protected":false},"excerpt":{"rendered":"<p>Renata Martins \/ Radioag\u00eancia Nacional O novo Ministro da Sa\u00fade, Luiz Henrique Mandetta, anunciou vacina\u00e7\u00e3o, redu\u00e7\u00e3o nas filas dos hospitais e amplia\u00e7\u00e3o do hor\u00e1rio de atendimento em postos de sa\u00fade como prioridade nos 100 primeiros dias de gest\u00e3o. Cada projeto ser\u00e1 implementado inicialmente em um estado da federa\u00e7\u00e3o, como uma esp\u00e9cie de piloto. O Rio [&hellip;]<\/p>\n","protected":false},"author":2,"featured_media":30449,"comment_status":"open","ping_status":"open","sticky":false,"template":"","format":"standard","meta":{"_acf_changed":false,"_monsterinsights_skip_tracking":false,"_monsterinsights_sitenote_active":false,"_monsterinsights_sitenote_note":"","_monsterinsights_sitenote_category":0,"_jetpack_memberships_contains_paid_content":false,"footnotes":"","jetpack_publicize_message":"","jetpack_publicize_feature_enabled":true,"jetpack_social_post_already_shared":true,"jetpack_social_options":{"image_generator_settings":{"template":"highway","default_image_id":0,"font":"","enabled":false},"version":2}},"categories":[1,7],"tags":[],"class_list":["post-30448","post","type-post","status-publish","format-standard","has-post-thumbnail","hentry","category-noticias","category-saude"],"acf":[],"jetpack_publicize_connections":[],"jetpack_featured_media_url":"https:\/\/i0.wp.com\/blogdoeloiltoncajuhy.com.br\/site\/wp-content\/uploads\/2019\/01\/Saude-1.jpeg?fit=660%2C330&ssl=1","jetpack_sharing_enabled":true,"publishpress_future_workflow_manual_trigger":{"enabledWorkflows":[]},"_links":{"self":[{"href":"https:\/\/blogdoeloiltoncajuhy.com.br\/site\/wp-json\/wp\/v2\/posts\/30448","targetHints":{"allow":["GET"]}}],"collection":[{"href":"https:\/\/blogdoeloiltoncajuhy.com.br\/site\/wp-json\/wp\/v2\/posts"}],"about":[{"href":"https:\/\/blogdoeloiltoncajuhy.com.br\/site\/wp-json\/wp\/v2\/types\/post"}],"author":[{"embeddable":true,"href":"https:\/\/blogdoeloiltoncajuhy.com.br\/site\/wp-json\/wp\/v2\/users\/2"}],"replies":[{"embeddable":true,"href":"https:\/\/blogdoeloiltoncajuhy.com.br\/site\/wp-json\/wp\/v2\/comments?post=30448"}],"version-history":[{"count":1,"href":"https:\/\/blogdoeloiltoncajuhy.com.br\/site\/wp-json\/wp\/v2\/posts\/30448\/revisions"}],"predecessor-version":[{"id":30450,"href":"https:\/\/blogdoeloiltoncajuhy.com.br\/site\/wp-json\/wp\/v2\/posts\/30448\/revisions\/30450"}],"wp:featuredmedia":[{"embeddable":true,"href":"https:\/\/blogdoeloiltoncajuhy.com.br\/site\/wp-json\/wp\/v2\/media\/30449"}],"wp:attachment":[{"href":"https:\/\/blogdoeloiltoncajuhy.com.br\/site\/wp-json\/wp\/v2\/media?parent=30448"}],"wp:term":[{"taxonomy":"category","embeddable":true,"href":"https:\/\/blogdoeloiltoncajuhy.com.br\/site\/wp-json\/wp\/v2\/categories?post=30448"},{"taxonomy":"post_tag","embeddable":true,"href":"https:\/\/blogdoeloiltoncajuhy.com.br\/site\/wp-json\/wp\/v2\/tags?post=30448"}],"curies":[{"name":"wp","href":"https:\/\/api.w.org\/{rel}","templated":true}]}}