{"id":30445,"date":"2019-01-03T06:50:59","date_gmt":"2019-01-03T09:50:59","guid":{"rendered":"http:\/\/blogdoeloiltoncajuhy.com.br\/site\/?p=30445"},"modified":"2019-01-03T06:51:06","modified_gmt":"2019-01-03T09:51:06","slug":"prefeitura-de-senhor-do-bonfim-recebe-imagem-do-padroeiro-do-municipio","status":"publish","type":"post","link":"https:\/\/blogdoeloiltoncajuhy.com.br\/site\/prefeitura-de-senhor-do-bonfim-recebe-imagem-do-padroeiro-do-municipio\/","title":{"rendered":"Prefeitura de Senhor do Bonfim recebe imagem do padroeiro do munic\u00edpio"},"content":{"rendered":"\n<div class=\"wp-block-image\"><figure class=\"aligncenter\"><img data-recalc-dims=\"1\" fetchpriority=\"high\" decoding=\"async\" width=\"800\" height=\"533\" src=\"https:\/\/i0.wp.com\/blogdoeloiltoncajuhy.com.br\/site\/wp-content\/uploads\/2019\/01\/PMSB_visita-imagem-senhor-bonfim.jpg?resize=800%2C533\" alt=\"\" class=\"wp-image-30446\" srcset=\"https:\/\/i0.wp.com\/blogdoeloiltoncajuhy.com.br\/site\/wp-content\/uploads\/2019\/01\/PMSB_visita-imagem-senhor-bonfim.jpg?w=960&amp;ssl=1 960w, https:\/\/i0.wp.com\/blogdoeloiltoncajuhy.com.br\/site\/wp-content\/uploads\/2019\/01\/PMSB_visita-imagem-senhor-bonfim.jpg?resize=300%2C200&amp;ssl=1 300w, https:\/\/i0.wp.com\/blogdoeloiltoncajuhy.com.br\/site\/wp-content\/uploads\/2019\/01\/PMSB_visita-imagem-senhor-bonfim.jpg?resize=768%2C512&amp;ssl=1 768w, https:\/\/i0.wp.com\/blogdoeloiltoncajuhy.com.br\/site\/wp-content\/uploads\/2019\/01\/PMSB_visita-imagem-senhor-bonfim.jpg?resize=250%2C167&amp;ssl=1 250w\" sizes=\"(max-width: 800px) 100vw, 800px\" \/><\/figure><\/div>\n\n\n\n<p>Dentro da programa\u00e7\u00e3o da Pr\u00e9-Novena do Padroeiro de Senhor do Bonfim, iniciada na \u00faltima ter\u00e7a, 1\u00ba, e com encerramento previsto para o pr\u00f3ximo domingo, 06, a imagem do padroeiro foi recebida na manh\u00e3 desta quarta-feira, 02, pelo prefeito Carlos Brasileiro e funcion\u00e1rios da prefeitura.<\/p>\n\n\n\n<p>O seminarista Pedro Eduardo proferiu uma ora\u00e7\u00e3o e, logo ap\u00f3s, uma b\u00ean\u00e7\u00e3o ao pr\u00e9dio da administra\u00e7\u00e3o municipal.<\/p>\n\n\n\n<p>A abertura da festa na Catedral Diocesana come\u00e7a na segunda-feira (07) e termina na quinta-feira (17) com a celebra\u00e7\u00e3o da missa e em seguida prociss\u00e3o com a imagem do Excelso Padroeiro.<\/p>\n\n\n\n<p>Neste ano, a festa do glorioso Senhor do Bonfim tem como tema <strong><em>&#8216;Senhor do Bonfim, fonte de todas as virtudes&#8217;<\/em><\/strong>.<\/p>\n\n\n\n<p><strong>ASCOM &#8211; Prefeitura Municipal de Senhor do Bonfim &#8211; BA<\/strong><\/p>\n","protected":false},"excerpt":{"rendered":"<p>Dentro da programa\u00e7\u00e3o da Pr\u00e9-Novena do Padroeiro de Senhor do Bonfim, iniciada na \u00faltima ter\u00e7a, 1\u00ba, e com encerramento previsto para o pr\u00f3ximo domingo, 06, a imagem do padroeiro foi recebida na manh\u00e3 desta quarta-feira, 02, pelo prefeito Carlos Brasileiro e funcion\u00e1rios da prefeitura. O seminarista Pedro Eduardo proferiu uma ora\u00e7\u00e3o e, logo ap\u00f3s, uma [&hellip;]<\/p>\n","protected":false},"author":2,"featured_media":30446,"comment_status":"open","ping_status":"open","sticky":false,"template":"","format":"standard","meta":{"_acf_changed":false,"_monsterinsights_skip_tracking":false,"_monsterinsights_sitenote_active":false,"_monsterinsights_sitenote_note":"","_monsterinsights_sitenote_category":0,"_jetpack_memberships_contains_paid_content":false,"footnotes":"","jetpack_publicize_message":"","jetpack_publicize_feature_enabled":true,"jetpack_social_post_already_shared":true,"jetpack_social_options":{"image_generator_settings":{"template":"highway","default_image_id":0,"font":"","enabled":false},"version":2}},"categories":[1,4],"tags":[],"class_list":["post-30445","post","type-post","status-publish","format-standard","has-post-thumbnail","hentry","category-noticias","category-local"],"acf":[],"jetpack_publicize_connections":[],"jetpack_featured_media_url":"https:\/\/i0.wp.com\/blogdoeloiltoncajuhy.com.br\/site\/wp-content\/uploads\/2019\/01\/PMSB_visita-imagem-senhor-bonfim.jpg?fit=960%2C640&ssl=1","jetpack_sharing_enabled":true,"publishpress_future_workflow_manual_trigger":{"enabledWorkflows":[]},"_links":{"self":[{"href":"https:\/\/blogdoeloiltoncajuhy.com.br\/site\/wp-json\/wp\/v2\/posts\/30445","targetHints":{"allow":["GET"]}}],"collection":[{"href":"https:\/\/blogdoeloiltoncajuhy.com.br\/site\/wp-json\/wp\/v2\/posts"}],"about":[{"href":"https:\/\/blogdoeloiltoncajuhy.com.br\/site\/wp-json\/wp\/v2\/types\/post"}],"author":[{"embeddable":true,"href":"https:\/\/blogdoeloiltoncajuhy.com.br\/site\/wp-json\/wp\/v2\/users\/2"}],"replies":[{"embeddable":true,"href":"https:\/\/blogdoeloiltoncajuhy.com.br\/site\/wp-json\/wp\/v2\/comments?post=30445"}],"version-history":[{"count":1,"href":"https:\/\/blogdoeloiltoncajuhy.com.br\/site\/wp-json\/wp\/v2\/posts\/30445\/revisions"}],"predecessor-version":[{"id":30447,"href":"https:\/\/blogdoeloiltoncajuhy.com.br\/site\/wp-json\/wp\/v2\/posts\/30445\/revisions\/30447"}],"wp:featuredmedia":[{"embeddable":true,"href":"https:\/\/blogdoeloiltoncajuhy.com.br\/site\/wp-json\/wp\/v2\/media\/30446"}],"wp:attachment":[{"href":"https:\/\/blogdoeloiltoncajuhy.com.br\/site\/wp-json\/wp\/v2\/media?parent=30445"}],"wp:term":[{"taxonomy":"category","embeddable":true,"href":"https:\/\/blogdoeloiltoncajuhy.com.br\/site\/wp-json\/wp\/v2\/categories?post=30445"},{"taxonomy":"post_tag","embeddable":true,"href":"https:\/\/blogdoeloiltoncajuhy.com.br\/site\/wp-json\/wp\/v2\/tags?post=30445"}],"curies":[{"name":"wp","href":"https:\/\/api.w.org\/{rel}","templated":true}]}}