{"id":30433,"date":"2019-01-02T19:42:15","date_gmt":"2019-01-02T22:42:15","guid":{"rendered":"http:\/\/blogdoeloiltoncajuhy.com.br\/site\/?p=30433"},"modified":"2019-01-02T19:42:22","modified_gmt":"2019-01-02T22:42:22","slug":"operacao-da-prf-registra-41-acidentes-com-8-mortes-em-rodovias-federais-da-ba-durante-festejos-de-ano-novo","status":"publish","type":"post","link":"https:\/\/blogdoeloiltoncajuhy.com.br\/site\/operacao-da-prf-registra-41-acidentes-com-8-mortes-em-rodovias-federais-da-ba-durante-festejos-de-ano-novo\/","title":{"rendered":"Opera\u00e7\u00e3o da PRF registra 41 acidentes com 8 mortes em rodovias federais da BA, durante festejos de ano novo"},"content":{"rendered":"\n<h5 class=\"wp-block-heading\" style=\"text-align:center\"><em>\u00cdndices ca\u00edram em rela\u00e7\u00e3o ao ano anterior. Opera\u00e7\u00e3o foi realizada de 28 de dezembro a 1\u00ba de janeiro<\/em><\/h5>\n\n\n\n<p><strong><em>Por G1 BA<\/em><\/strong><\/p>\n\n\n\n<div class=\"wp-block-image\"><figure class=\"aligncenter\"><img data-recalc-dims=\"1\" fetchpriority=\"high\" decoding=\"async\" width=\"800\" height=\"445\" src=\"https:\/\/i0.wp.com\/blogdoeloiltoncajuhy.com.br\/site\/wp-content\/uploads\/2019\/01\/PRF_ano-novo-18-19.jpeg?resize=800%2C445\" alt=\"\" class=\"wp-image-30434\" srcset=\"https:\/\/i0.wp.com\/blogdoeloiltoncajuhy.com.br\/site\/wp-content\/uploads\/2019\/01\/PRF_ano-novo-18-19.jpeg?w=984&amp;ssl=1 984w, https:\/\/i0.wp.com\/blogdoeloiltoncajuhy.com.br\/site\/wp-content\/uploads\/2019\/01\/PRF_ano-novo-18-19.jpeg?resize=300%2C167&amp;ssl=1 300w, https:\/\/i0.wp.com\/blogdoeloiltoncajuhy.com.br\/site\/wp-content\/uploads\/2019\/01\/PRF_ano-novo-18-19.jpeg?resize=768%2C427&amp;ssl=1 768w, https:\/\/i0.wp.com\/blogdoeloiltoncajuhy.com.br\/site\/wp-content\/uploads\/2019\/01\/PRF_ano-novo-18-19.jpeg?resize=250%2C139&amp;ssl=1 250w\" sizes=\"(max-width: 800px) 100vw, 800px\" \/><figcaption><em>PRF registrou 41 acidentes com 8 mortes em opera\u00e7\u00e3o durante festejos de ano novo \u2014 Foto: Divulga\u00e7\u00e3o\/PRF<\/em><\/figcaption><\/figure><\/div>\n\n\n\n<p>Quarenta e um acidentes que resultaram em 8 mortes e 54 pessoas feridas, foram registrados nas rodovias federais que cortam a Bahia, entre 28 de dezembro e 1\u00ba de janeiro. Os dados foram divulgados na manh\u00e3 desta quarta-feira (2), pela Pol\u00edcia Rodovi\u00e1ria Federal (PRF).<\/p>\n\n\n\n<p>Dos 41 acidentes, 14 foram considerados graves, que \u00e9 quando h\u00e1 o registro de pelo menos uma pessoa com les\u00f5es graves ou \u00f3bito.<\/p>\n\n\n\n<p>O levantamento foi finalizado \u00e0s 23:59 de 1\u00ba de janeiro. O per\u00edodo analisado engloba o feriado prolongado de Ano Novo.<\/p>\n\n\n\n<p>De acordo com a PRF, em compara\u00e7\u00e3o ao mesmo per\u00edodo do ano anterior, houve redu\u00e7\u00e3o em todos os \u00edndices relacionados a acidentes: foram 69 acidentes na virada entre 2017\/2018, o que representa uma queda de 40,58%; 25 acidentes graves (-44%); 10 mortos (-20%); e 104 feridos (- 48,08%).<\/p>\n\n\n\n<p>Um item que aumentou, contudo, foi o n\u00famero de registros de excesso de velocidade. Durante os cinco dias da Opera\u00e7\u00e3o Ano Novo, segundo a PRF, 5.064 ve\u00edculos foram flagrados acima do limite permitido pela via. No anterior foram 2.121 registros, o que indica um crescimento de 138,76%.<\/p>\n","protected":false},"excerpt":{"rendered":"<p>\u00cdndices ca\u00edram em rela\u00e7\u00e3o ao ano anterior. Opera\u00e7\u00e3o foi realizada de 28 de dezembro a 1\u00ba de janeiro Por G1 BA Quarenta e um acidentes que resultaram em 8 mortes e 54 pessoas feridas, foram registrados nas rodovias federais que cortam a Bahia, entre 28 de dezembro e 1\u00ba de janeiro. Os dados foram divulgados [&hellip;]<\/p>\n","protected":false},"author":2,"featured_media":30434,"comment_status":"open","ping_status":"open","sticky":false,"template":"","format":"standard","meta":{"_acf_changed":false,"_monsterinsights_skip_tracking":false,"_monsterinsights_sitenote_active":false,"_monsterinsights_sitenote_note":"","_monsterinsights_sitenote_category":0,"_jetpack_memberships_contains_paid_content":false,"footnotes":"","jetpack_publicize_message":"","jetpack_publicize_feature_enabled":true,"jetpack_social_post_already_shared":true,"jetpack_social_options":{"image_generator_settings":{"template":"highway","default_image_id":0,"font":"","enabled":false},"version":2}},"categories":[5,1],"tags":[],"class_list":["post-30433","post","type-post","status-publish","format-standard","has-post-thumbnail","hentry","category-cotidiano","category-noticias"],"acf":[],"jetpack_publicize_connections":[],"jetpack_featured_media_url":"https:\/\/i0.wp.com\/blogdoeloiltoncajuhy.com.br\/site\/wp-content\/uploads\/2019\/01\/PRF_ano-novo-18-19.jpeg?fit=984%2C547&ssl=1","jetpack_sharing_enabled":true,"publishpress_future_workflow_manual_trigger":{"enabledWorkflows":[]},"_links":{"self":[{"href":"https:\/\/blogdoeloiltoncajuhy.com.br\/site\/wp-json\/wp\/v2\/posts\/30433","targetHints":{"allow":["GET"]}}],"collection":[{"href":"https:\/\/blogdoeloiltoncajuhy.com.br\/site\/wp-json\/wp\/v2\/posts"}],"about":[{"href":"https:\/\/blogdoeloiltoncajuhy.com.br\/site\/wp-json\/wp\/v2\/types\/post"}],"author":[{"embeddable":true,"href":"https:\/\/blogdoeloiltoncajuhy.com.br\/site\/wp-json\/wp\/v2\/users\/2"}],"replies":[{"embeddable":true,"href":"https:\/\/blogdoeloiltoncajuhy.com.br\/site\/wp-json\/wp\/v2\/comments?post=30433"}],"version-history":[{"count":1,"href":"https:\/\/blogdoeloiltoncajuhy.com.br\/site\/wp-json\/wp\/v2\/posts\/30433\/revisions"}],"predecessor-version":[{"id":30435,"href":"https:\/\/blogdoeloiltoncajuhy.com.br\/site\/wp-json\/wp\/v2\/posts\/30433\/revisions\/30435"}],"wp:featuredmedia":[{"embeddable":true,"href":"https:\/\/blogdoeloiltoncajuhy.com.br\/site\/wp-json\/wp\/v2\/media\/30434"}],"wp:attachment":[{"href":"https:\/\/blogdoeloiltoncajuhy.com.br\/site\/wp-json\/wp\/v2\/media?parent=30433"}],"wp:term":[{"taxonomy":"category","embeddable":true,"href":"https:\/\/blogdoeloiltoncajuhy.com.br\/site\/wp-json\/wp\/v2\/categories?post=30433"},{"taxonomy":"post_tag","embeddable":true,"href":"https:\/\/blogdoeloiltoncajuhy.com.br\/site\/wp-json\/wp\/v2\/tags?post=30433"}],"curies":[{"name":"wp","href":"https:\/\/api.w.org\/{rel}","templated":true}]}}