{"id":30421,"date":"2019-01-01T20:46:51","date_gmt":"2019-01-01T23:46:51","guid":{"rendered":"http:\/\/blogdoeloiltoncajuhy.com.br\/site\/?p=30421"},"modified":"2019-01-01T20:46:57","modified_gmt":"2019-01-01T23:46:57","slug":"comece-a-quarta-feira-meditando-jo-119-28","status":"publish","type":"post","link":"https:\/\/blogdoeloiltoncajuhy.com.br\/site\/comece-a-quarta-feira-meditando-jo-119-28\/","title":{"rendered":"Comece a quarta-feira meditando (Jo 1,19-28)"},"content":{"rendered":"\n<div class=\"wp-block-image\"><figure class=\"aligncenter\"><img data-recalc-dims=\"1\" fetchpriority=\"high\" decoding=\"async\" width=\"600\" height=\"375\" src=\"https:\/\/i0.wp.com\/blogdoeloiltoncajuhy.com.br\/site\/wp-content\/uploads\/2017\/12\/liturgia20209-e1514675678133.png?resize=600%2C375\" alt=\"\" class=\"wp-image-22319\"\/><\/figure><\/div>\n\n\n\n<p>Este foi o testemunho de Jo\u00e3o, quando os judeus enviaram de Jerusal\u00e9m sacerdotes e levitas para perguntar: <em>\u201cQuem \u00e9s tu?\u201d<\/em> Jo\u00e3o confessou e n\u00e3o negou. Confessou: <em>\u201cEu n\u00e3o sou o Messias\u201d<\/em>. <\/p>\n\n\n\n<p>Eles perguntaram: <em>\u201cQuem \u00e9s, ent\u00e3o? \u00c9s Elias?\u201d<\/em> Jo\u00e3o respondeu: <em>\u201cN\u00e3o sou\u201d<\/em>. Eles perguntaram: <em>\u201c\u00c9s o Profeta?\u201d<\/em> Ele respondeu: <em>\u201cN\u00e3o\u201d<\/em>. Perguntaram ent\u00e3o: <em>\u201cQuem \u00e9s, afinal? Temos de levar uma resposta \u00e0queles que nos enviaram. Que dizes de ti mesmo?\u201d<\/em><\/p>\n\n\n\n<p>Jo\u00e3o declarou: <em>\u201cEu sou a voz que grita no deserto: \u2018Aplainai o caminho do Senhor\u2019\u201d<\/em> \u2014 conforme disse o profeta Isa\u00edas. Ora, os que tinham sido enviados pertenciam aos fariseus e perguntaram: <em>\u201cPor que ent\u00e3o andas batizando, se n\u00e3o \u00e9s o Messias, nem Elias, nem o Profeta?\u201d<\/em><\/p>\n\n\n\n<p>Jo\u00e3o respondeu: <em>\u201cEu batizo com \u00e1gua; mas no meio de v\u00f3s est\u00e1 aquele que v\u00f3s n\u00e3o conheceis, e que vem depois de mim. Eu n\u00e3o mere\u00e7o desamarrar a correia de suas sand\u00e1lias\u201d<\/em>. Isso aconteceu em Bet\u00e2nia al\u00e9m do Jord\u00e3o, onde Jo\u00e3o estava batizando.<\/p>\n\n\n\n<p><strong>\u2014 Palavra da Salva\u00e7\u00e3o!<\/strong><\/p>\n\n\n\n<p><strong><em><a href=\"https:\/\/liturgia.cancaonova.com\/pb\/liturgia\/liturgia-diaria-ss-basilio-magno-e-gregorio-nazianzeno-quarta-feira\/?sDia=2&amp;sMes=01&amp;sAno=2019\">Can\u00e7\u00e3o Nova<\/a><\/em><\/strong><\/p>\n","protected":false},"excerpt":{"rendered":"<p>Este foi o testemunho de Jo\u00e3o, quando os judeus enviaram de Jerusal\u00e9m sacerdotes e levitas para perguntar: \u201cQuem \u00e9s tu?\u201d Jo\u00e3o confessou e n\u00e3o negou. Confessou: \u201cEu n\u00e3o sou o Messias\u201d. Eles perguntaram: \u201cQuem \u00e9s, ent\u00e3o? \u00c9s Elias?\u201d Jo\u00e3o respondeu: \u201cN\u00e3o sou\u201d. Eles perguntaram: \u201c\u00c9s o Profeta?\u201d Ele respondeu: \u201cN\u00e3o\u201d. Perguntaram ent\u00e3o: \u201cQuem \u00e9s, afinal? [&hellip;]<\/p>\n","protected":false},"author":2,"featured_media":0,"comment_status":"open","ping_status":"open","sticky":false,"template":"","format":"standard","meta":{"_acf_changed":false,"_monsterinsights_skip_tracking":false,"_monsterinsights_sitenote_active":false,"_monsterinsights_sitenote_note":"","_monsterinsights_sitenote_category":0,"_jetpack_memberships_contains_paid_content":false,"footnotes":"","jetpack_publicize_message":"","jetpack_publicize_feature_enabled":true,"jetpack_social_post_already_shared":true,"jetpack_social_options":{"image_generator_settings":{"template":"highway","default_image_id":0,"font":"","enabled":false},"version":2}},"categories":[1,9],"tags":[],"class_list":["post-30421","post","type-post","status-publish","format-standard","hentry","category-noticias","category-reflexao"],"acf":[],"jetpack_publicize_connections":[],"jetpack_featured_media_url":"","jetpack_sharing_enabled":true,"publishpress_future_workflow_manual_trigger":{"enabledWorkflows":[]},"_links":{"self":[{"href":"https:\/\/blogdoeloiltoncajuhy.com.br\/site\/wp-json\/wp\/v2\/posts\/30421","targetHints":{"allow":["GET"]}}],"collection":[{"href":"https:\/\/blogdoeloiltoncajuhy.com.br\/site\/wp-json\/wp\/v2\/posts"}],"about":[{"href":"https:\/\/blogdoeloiltoncajuhy.com.br\/site\/wp-json\/wp\/v2\/types\/post"}],"author":[{"embeddable":true,"href":"https:\/\/blogdoeloiltoncajuhy.com.br\/site\/wp-json\/wp\/v2\/users\/2"}],"replies":[{"embeddable":true,"href":"https:\/\/blogdoeloiltoncajuhy.com.br\/site\/wp-json\/wp\/v2\/comments?post=30421"}],"version-history":[{"count":1,"href":"https:\/\/blogdoeloiltoncajuhy.com.br\/site\/wp-json\/wp\/v2\/posts\/30421\/revisions"}],"predecessor-version":[{"id":30422,"href":"https:\/\/blogdoeloiltoncajuhy.com.br\/site\/wp-json\/wp\/v2\/posts\/30421\/revisions\/30422"}],"wp:attachment":[{"href":"https:\/\/blogdoeloiltoncajuhy.com.br\/site\/wp-json\/wp\/v2\/media?parent=30421"}],"wp:term":[{"taxonomy":"category","embeddable":true,"href":"https:\/\/blogdoeloiltoncajuhy.com.br\/site\/wp-json\/wp\/v2\/categories?post=30421"},{"taxonomy":"post_tag","embeddable":true,"href":"https:\/\/blogdoeloiltoncajuhy.com.br\/site\/wp-json\/wp\/v2\/tags?post=30421"}],"curies":[{"name":"wp","href":"https:\/\/api.w.org\/{rel}","templated":true}]}}