{"id":30418,"date":"2019-01-01T17:41:05","date_gmt":"2019-01-01T20:41:05","guid":{"rendered":"http:\/\/blogdoeloiltoncajuhy.com.br\/site\/?p=30418"},"modified":"2019-01-01T17:41:11","modified_gmt":"2019-01-01T20:41:11","slug":"ao-tomar-posse-como-presidente-bolsonaro-fala-em-reerguer-o-pais-e-combater-ideologias","status":"publish","type":"post","link":"https:\/\/blogdoeloiltoncajuhy.com.br\/site\/ao-tomar-posse-como-presidente-bolsonaro-fala-em-reerguer-o-pais-e-combater-ideologias\/","title":{"rendered":"Ao tomar posse como presidente, Bolsonaro fala em reerguer o pa\u00eds e combater ideologias"},"content":{"rendered":"\n<div class=\"wp-block-image\"><figure class=\"alignright is-resized\"><img data-recalc-dims=\"1\" fetchpriority=\"high\" decoding=\"async\" src=\"https:\/\/i0.wp.com\/blogdoeloiltoncajuhy.com.br\/site\/wp-content\/uploads\/2019\/01\/bolsonaro-posse.jpg?resize=429%2C316\" alt=\"\" class=\"wp-image-30419\" width=\"429\" height=\"316\" srcset=\"https:\/\/i0.wp.com\/blogdoeloiltoncajuhy.com.br\/site\/wp-content\/uploads\/2019\/01\/bolsonaro-posse.jpg?w=380&amp;ssl=1 380w, https:\/\/i0.wp.com\/blogdoeloiltoncajuhy.com.br\/site\/wp-content\/uploads\/2019\/01\/bolsonaro-posse.jpg?resize=300%2C221&amp;ssl=1 300w, https:\/\/i0.wp.com\/blogdoeloiltoncajuhy.com.br\/site\/wp-content\/uploads\/2019\/01\/bolsonaro-posse.jpg?resize=250%2C184&amp;ssl=1 250w\" sizes=\"(max-width: 429px) 100vw, 429px\" \/><figcaption>Foto: Reprodu\u00e7\u00e3o \/ YouTube<\/figcaption><\/figure><\/div>\n\n\n\n<p><strong>Jair Bolsonaro tomou posse como presidente da Rep\u00fablica em cerim\u00f4nia realizada na tarde desta ter\u00e7a-feira (1\u00ba) no Congresso Nacional. Ele e seu vice, Hamilton Mour\u00e3o, fizeram a leitura do compromisso constitucional, no qual prometeram cumprir a Constitui\u00e7\u00e3o, e logo depois assinaram o termo de posse.<\/strong><\/p>\n\n\n\n<p><strong>Em seguida, Bolsonaro fez um discurso de cerca de dez minutos no qual destacou a necessidade de reerguer o pa\u00eds e de combater a corrup\u00e7\u00e3o.<\/strong> <strong><em>&#8220;Temos diante de n\u00f3s uma oportunidade \u00fanica de reconstruir o pa\u00eds e de resgatar a esperan\u00e7a dos nossos compatriotas&#8221;<\/em>, afirmou o presidente.<\/strong><\/p>\n\n\n\n<p><strong><em>&#8220;Convoco cada um dos congressistas para me ajudarem na miss\u00e3o de restaurar e de reerguer nossa p\u00e1tria, libertando-a definitivamente do julgo da corrup\u00e7\u00e3o, da criminalidade, da irresponsabilidade econ\u00f4mica e da submiss\u00e3o ideol\u00f3gica&#8221;<\/em>, destacou.<\/strong><\/p>\n\n\n\n<p><strong>Bolsonaro destacou durante seu discurso o combate \u00e0s ideologias, citando nominalmente a ideologia de g\u00eanero.<\/strong> <strong><em>&#8220;O Brasil voltar\u00e1 a ser um pa\u00eds livre das amarras ideol\u00f3gicas&#8221;<\/em><\/strong>, <strong>prometeu. Ele tamb\u00e9m fez refer\u00eancia \u00e0 defesa da posse de arma ao dizer que<\/strong> <strong><em>&#8220;o cidad\u00e3o de bem merece dispor de meios de se defender&#8221;.<\/em><\/strong><\/p>\n\n\n\n<p><strong><em>&#8220;Vamos unir o povo, valorizar a fam\u00edlia, respeitar as religi\u00f5es e nossa tradi\u00e7\u00e3o judaico-crist\u00e3, combater a ideologia de g\u00eanero e conservando nossos valores. O Brasil voltar\u00e1 a ser um pa\u00eds livre das amarras ideol\u00f3gicas&#8221;<\/em><\/strong>, <strong>declarou o presidente.<\/strong><\/p>\n\n\n\n<p><strong>BAHIA NOT\u00cdCIAS<\/strong><\/p>\n","protected":false},"excerpt":{"rendered":"<p>Jair Bolsonaro tomou posse como presidente da Rep\u00fablica em cerim\u00f4nia realizada na tarde desta ter\u00e7a-feira (1\u00ba) no Congresso Nacional. Ele e seu vice, Hamilton Mour\u00e3o, fizeram a leitura do compromisso constitucional, no qual prometeram cumprir a Constitui\u00e7\u00e3o, e logo depois assinaram o termo de posse. Em seguida, Bolsonaro fez um discurso de cerca de dez [&hellip;]<\/p>\n","protected":false},"author":2,"featured_media":30419,"comment_status":"open","ping_status":"open","sticky":false,"template":"","format":"standard","meta":{"_acf_changed":false,"_monsterinsights_skip_tracking":false,"_monsterinsights_sitenote_active":false,"_monsterinsights_sitenote_note":"","_monsterinsights_sitenote_category":0,"_jetpack_memberships_contains_paid_content":false,"footnotes":"","jetpack_publicize_message":"","jetpack_publicize_feature_enabled":true,"jetpack_social_post_already_shared":true,"jetpack_social_options":{"image_generator_settings":{"template":"highway","default_image_id":0,"font":"","enabled":false},"version":2}},"categories":[1,3],"tags":[],"class_list":["post-30418","post","type-post","status-publish","format-standard","has-post-thumbnail","hentry","category-noticias","category-politica"],"acf":[],"jetpack_publicize_connections":[],"jetpack_featured_media_url":"https:\/\/i0.wp.com\/blogdoeloiltoncajuhy.com.br\/site\/wp-content\/uploads\/2019\/01\/bolsonaro-posse.jpg?fit=380%2C280&ssl=1","jetpack_sharing_enabled":true,"publishpress_future_workflow_manual_trigger":{"enabledWorkflows":[]},"_links":{"self":[{"href":"https:\/\/blogdoeloiltoncajuhy.com.br\/site\/wp-json\/wp\/v2\/posts\/30418","targetHints":{"allow":["GET"]}}],"collection":[{"href":"https:\/\/blogdoeloiltoncajuhy.com.br\/site\/wp-json\/wp\/v2\/posts"}],"about":[{"href":"https:\/\/blogdoeloiltoncajuhy.com.br\/site\/wp-json\/wp\/v2\/types\/post"}],"author":[{"embeddable":true,"href":"https:\/\/blogdoeloiltoncajuhy.com.br\/site\/wp-json\/wp\/v2\/users\/2"}],"replies":[{"embeddable":true,"href":"https:\/\/blogdoeloiltoncajuhy.com.br\/site\/wp-json\/wp\/v2\/comments?post=30418"}],"version-history":[{"count":1,"href":"https:\/\/blogdoeloiltoncajuhy.com.br\/site\/wp-json\/wp\/v2\/posts\/30418\/revisions"}],"predecessor-version":[{"id":30420,"href":"https:\/\/blogdoeloiltoncajuhy.com.br\/site\/wp-json\/wp\/v2\/posts\/30418\/revisions\/30420"}],"wp:featuredmedia":[{"embeddable":true,"href":"https:\/\/blogdoeloiltoncajuhy.com.br\/site\/wp-json\/wp\/v2\/media\/30419"}],"wp:attachment":[{"href":"https:\/\/blogdoeloiltoncajuhy.com.br\/site\/wp-json\/wp\/v2\/media?parent=30418"}],"wp:term":[{"taxonomy":"category","embeddable":true,"href":"https:\/\/blogdoeloiltoncajuhy.com.br\/site\/wp-json\/wp\/v2\/categories?post=30418"},{"taxonomy":"post_tag","embeddable":true,"href":"https:\/\/blogdoeloiltoncajuhy.com.br\/site\/wp-json\/wp\/v2\/tags?post=30418"}],"curies":[{"name":"wp","href":"https:\/\/api.w.org\/{rel}","templated":true}]}}