{"id":30415,"date":"2019-01-01T17:28:47","date_gmt":"2019-01-01T20:28:47","guid":{"rendered":"http:\/\/blogdoeloiltoncajuhy.com.br\/site\/?p=30415"},"modified":"2019-01-01T17:28:52","modified_gmt":"2019-01-01T20:28:52","slug":"em-discurso-de-posse-rui-agradece-relembra-trajetoria-e-promete-governar-para-todos","status":"publish","type":"post","link":"https:\/\/blogdoeloiltoncajuhy.com.br\/site\/em-discurso-de-posse-rui-agradece-relembra-trajetoria-e-promete-governar-para-todos\/","title":{"rendered":"Em discurso de posse Rui agradece, relembra trajet\u00f3ria e promete &#8220;governar para todos&#8221;"},"content":{"rendered":"\n<div class=\"wp-block-image\"><figure class=\"aligncenter is-resized\"><img data-recalc-dims=\"1\" fetchpriority=\"high\" decoding=\"async\" src=\"https:\/\/i0.wp.com\/blogdoeloiltoncajuhy.com.br\/site\/wp-content\/uploads\/2019\/01\/RUI_posse02.jpg?resize=521%2C384\" alt=\"\" class=\"wp-image-30416\" width=\"521\" height=\"384\" srcset=\"https:\/\/i0.wp.com\/blogdoeloiltoncajuhy.com.br\/site\/wp-content\/uploads\/2019\/01\/RUI_posse02.jpg?w=380&amp;ssl=1 380w, https:\/\/i0.wp.com\/blogdoeloiltoncajuhy.com.br\/site\/wp-content\/uploads\/2019\/01\/RUI_posse02.jpg?resize=300%2C221&amp;ssl=1 300w, https:\/\/i0.wp.com\/blogdoeloiltoncajuhy.com.br\/site\/wp-content\/uploads\/2019\/01\/RUI_posse02.jpg?resize=250%2C184&amp;ssl=1 250w\" sizes=\"(max-width: 521px) 100vw, 521px\" \/><figcaption>Foto: Elias Dantas \/ Ag. Haack \/ Bahia Not\u00edcias<\/figcaption><\/figure><\/div>\n\n\n\n<p><strong>O governador Rui Costa come\u00e7ou o discurso de posse do segundo mandato, nesta ter\u00e7a-feira (1\u00ba), na Assembleia Legislativa da Bahia (AL-BA), agradecendo a Deus, aos baianos, \u00e0 fam\u00edlia e aos companheiros pol\u00edticos pela oportunidade de gerir o Executivo da Bahia mais uma vez.<\/strong><\/p>\n\n\n\n<p><strong>Durante a fala Rui prometeu <\/strong><em><strong>&#8220;governar para todos, sem exce\u00e7\u00e3o e sem discrimina\u00e7\u00e3o&#8221;<\/strong><\/em><strong>, <\/strong><em><strong>&#8220;trabalhar prioritariamente para quem mais precisa&#8221;<\/strong><\/em><strong> e falou do comprometimento com educa\u00e7\u00e3o, economia e seguran\u00e7a.<\/strong><\/p>\n\n\n\n<p><strong>Al\u00e9m da fam\u00edlia, o ex-governador e senador eleito Jaques Wagner, os senadores Walter Pinheiro, Otto Alencar e L\u00eddice da Mata e o presidente da AL-BA, Angelo Coronel, foram citados e receberam agradecimentos especiais do governador durante o pronunciamento.<\/strong><\/p>\n\n\n\n<p><strong>Rui defendeu o cultivo do que chamou de <\/strong><em><strong>&#8220;valores simb\u00f3licos e estruturantes da sociedade&#8221;<\/strong><\/em><strong>, que na avalia\u00e7\u00e3o dele s\u00e3o a f\u00e9 em Deus, a fam\u00edlia e a educa\u00e7\u00e3o.<\/strong><\/p>\n\n\n\n<p><strong>A economia tamb\u00e9m foi um tema abordado no discurso do governador. <\/strong><em><strong>&#8220;Acredito realmente que o nosso desenvolvimento depende do crescimento da economia \u2013 conjugando a ind\u00fastria, a agricultura, o com\u00e9rcio e os servi\u00e7os \u2013 com a melhoria da qualidade de vida do nosso povo, para que tenhamos uma sociedade democr\u00e1tica, livre e socialmente mais justa&#8221;<\/strong><\/em><strong>, disse.<\/strong><\/p>\n\n\n\n<p><strong>BAHIA NOT\u00cdCIAS<\/strong><\/p>\n","protected":false},"excerpt":{"rendered":"<p>O governador Rui Costa come\u00e7ou o discurso de posse do segundo mandato, nesta ter\u00e7a-feira (1\u00ba), na Assembleia Legislativa da Bahia (AL-BA), agradecendo a Deus, aos baianos, \u00e0 fam\u00edlia e aos companheiros pol\u00edticos pela oportunidade de gerir o Executivo da Bahia mais uma vez. Durante a fala Rui prometeu &#8220;governar para todos, sem exce\u00e7\u00e3o e sem [&hellip;]<\/p>\n","protected":false},"author":2,"featured_media":30416,"comment_status":"open","ping_status":"open","sticky":false,"template":"","format":"standard","meta":{"_acf_changed":false,"_monsterinsights_skip_tracking":false,"_monsterinsights_sitenote_active":false,"_monsterinsights_sitenote_note":"","_monsterinsights_sitenote_category":0,"_jetpack_memberships_contains_paid_content":false,"footnotes":"","jetpack_publicize_message":"","jetpack_publicize_feature_enabled":true,"jetpack_social_post_already_shared":true,"jetpack_social_options":{"image_generator_settings":{"template":"highway","default_image_id":0,"font":"","enabled":false},"version":2}},"categories":[1,3],"tags":[],"class_list":["post-30415","post","type-post","status-publish","format-standard","has-post-thumbnail","hentry","category-noticias","category-politica"],"acf":[],"jetpack_publicize_connections":[],"jetpack_featured_media_url":"https:\/\/i0.wp.com\/blogdoeloiltoncajuhy.com.br\/site\/wp-content\/uploads\/2019\/01\/RUI_posse02.jpg?fit=380%2C280&ssl=1","jetpack_sharing_enabled":true,"publishpress_future_workflow_manual_trigger":{"enabledWorkflows":[]},"_links":{"self":[{"href":"https:\/\/blogdoeloiltoncajuhy.com.br\/site\/wp-json\/wp\/v2\/posts\/30415","targetHints":{"allow":["GET"]}}],"collection":[{"href":"https:\/\/blogdoeloiltoncajuhy.com.br\/site\/wp-json\/wp\/v2\/posts"}],"about":[{"href":"https:\/\/blogdoeloiltoncajuhy.com.br\/site\/wp-json\/wp\/v2\/types\/post"}],"author":[{"embeddable":true,"href":"https:\/\/blogdoeloiltoncajuhy.com.br\/site\/wp-json\/wp\/v2\/users\/2"}],"replies":[{"embeddable":true,"href":"https:\/\/blogdoeloiltoncajuhy.com.br\/site\/wp-json\/wp\/v2\/comments?post=30415"}],"version-history":[{"count":1,"href":"https:\/\/blogdoeloiltoncajuhy.com.br\/site\/wp-json\/wp\/v2\/posts\/30415\/revisions"}],"predecessor-version":[{"id":30417,"href":"https:\/\/blogdoeloiltoncajuhy.com.br\/site\/wp-json\/wp\/v2\/posts\/30415\/revisions\/30417"}],"wp:featuredmedia":[{"embeddable":true,"href":"https:\/\/blogdoeloiltoncajuhy.com.br\/site\/wp-json\/wp\/v2\/media\/30416"}],"wp:attachment":[{"href":"https:\/\/blogdoeloiltoncajuhy.com.br\/site\/wp-json\/wp\/v2\/media?parent=30415"}],"wp:term":[{"taxonomy":"category","embeddable":true,"href":"https:\/\/blogdoeloiltoncajuhy.com.br\/site\/wp-json\/wp\/v2\/categories?post=30415"},{"taxonomy":"post_tag","embeddable":true,"href":"https:\/\/blogdoeloiltoncajuhy.com.br\/site\/wp-json\/wp\/v2\/tags?post=30415"}],"curies":[{"name":"wp","href":"https:\/\/api.w.org\/{rel}","templated":true}]}}