{"id":30411,"date":"2019-01-01T16:59:37","date_gmt":"2019-01-01T19:59:37","guid":{"rendered":"http:\/\/blogdoeloiltoncajuhy.com.br\/site\/?p=30411"},"modified":"2019-01-01T17:00:10","modified_gmt":"2019-01-01T20:00:10","slug":"o-ano-novo-convite-a-uma-reflexao-para-sermos-melhores-e-fazermos-um-mundo-melhor","status":"publish","type":"post","link":"https:\/\/blogdoeloiltoncajuhy.com.br\/site\/o-ano-novo-convite-a-uma-reflexao-para-sermos-melhores-e-fazermos-um-mundo-melhor\/","title":{"rendered":"O Ano Novo: Convite a uma reflex\u00e3o para sermos melhores e fazermos um mundo melhor"},"content":{"rendered":"\n<p style=\"text-align:right\"><strong><em>*Por Edvan Cajuhy<\/em><\/strong><\/p>\n\n\n\n<div class=\"wp-block-image\"><figure class=\"aligncenter is-resized\"><img data-recalc-dims=\"1\" fetchpriority=\"high\" decoding=\"async\" src=\"https:\/\/i0.wp.com\/blogdoeloiltoncajuhy.com.br\/site\/wp-content\/uploads\/2019\/01\/edvan-cajuhy.jpg?resize=404%2C720\" alt=\"\" class=\"wp-image-30412\" width=\"404\" height=\"720\" srcset=\"https:\/\/i0.wp.com\/blogdoeloiltoncajuhy.com.br\/site\/wp-content\/uploads\/2019\/01\/edvan-cajuhy.jpg?w=539&amp;ssl=1 539w, https:\/\/i0.wp.com\/blogdoeloiltoncajuhy.com.br\/site\/wp-content\/uploads\/2019\/01\/edvan-cajuhy.jpg?resize=168%2C300&amp;ssl=1 168w, https:\/\/i0.wp.com\/blogdoeloiltoncajuhy.com.br\/site\/wp-content\/uploads\/2019\/01\/edvan-cajuhy.jpg?resize=140%2C250&amp;ssl=1 140w\" sizes=\"(max-width: 404px) 100vw, 404px\" \/><\/figure><\/div>\n\n\n\n<p>O Ano Velho se vai, como tudo se vai. O Ano Velho se finda, como tudo se finda. O Ano Velho passa, como tudo passa. Exceto a gra\u00e7a de Deus. Esse pensamento \u00e9 o que dever\u00edamos ter. Termos a consci\u00eancia de que tudo passa. Mas, tem pessoas que tem o costume de arrastar tudo que poderia ter deixado para tr\u00e1s, para o presente.<\/p>\n\n\n\n<p>O Ano Velho se vai. O ano que j\u00e1 terminou foi muito dif\u00edcil pra muita gente. Foi um ano marcado por muitos acontecimentos ruins. No Brasil, por uma elei\u00e7\u00e3o marcada pelo discurso do \u00f3dio, do rancor e da viol\u00eancia que acabou por revelar um lado ruim e maldoso de muita gente, uma disputa pelo poder pautada na discrimina\u00e7\u00e3o e no racismo, na xenofobia, na homofobia e todos outros tipos de \u201cfobia\u201d existentes. Vimos tudo isso aqui no Brasil.<\/p>\n\n\n\n<p>Era de se espantar \u201cadoradores\u201d do Cristo que foram v\u00edtimas do poder do Estado, pedindo a volta da ditadura, da tortura, da guerra civil. \u201cCrist\u00e3os\u201d sedentos de vingan\u00e7a, confundido com justi\u00e7a, tudo em nome de um deus, que at\u00e9 ent\u00e3o n\u00e3o conhecia. Professores formados em hist\u00f3ria ou outra gradua\u00e7\u00e3o dizer e afirmar que no Brasil n\u00e3o teve ditadura militar ou que \u201cn\u00e3o foi assim\u201d como dizem. Tudo isso pensando que todos ter\u00e3o acesso a passearem nos corredores do poder l\u00e1 dentro dos pal\u00e1cios governamentais?<\/p>\n\n\n\n<p>N\u00e3o aprendemos muita coisa, n\u00e3o amadurecemos muito, nos comportamos como na Idade Medieval e  agora com personagens diferentes. Esse ano que findou-se foi assim. Crimes, corrup\u00e7\u00e3o, muitos criminosos presos, outros encobertos pela justi\u00e7a dos homens, cat\u00e1strofes naturais e sociais.<\/p>\n\n\n\n<p>Mas, tamb\u00e9m tivemos muitos momentos bons, alegres e prazerosos. Realiza\u00e7\u00f5es pessoais, profissionais e outros momentos bons t\u00e3o individuais, que ficam nas reminisc\u00eancias de acordo com a consci\u00eancia de cada um, guardado no mais secreto rec\u00f4ndito de sua alma e ser.<\/p>\n\n\n\n<p>O Ano Novo se vai e, com ele, deixemos ir toda essa mesquinhez que nos pesam a alma e a nossa consci\u00eancia. Deixemos ir nossas arrog\u00e2ncias religiosas e intelectuais que nos encheu de soberba. Deixemos ir nosso orgulho pequeno que nos faz acharmos que somos melhores que os outros. Deixemos ir nossos rancores e raivas que faz mal ao outro, mas, principalmente a n\u00f3s mesmos.<\/p>\n\n\n\n<p>Deixemos ir o \u00f3dio que alimentamos nossa alma, fazendo-a amarga, triste, feia, suja e pesada. Esse \u00f3dio que causa doen\u00e7a e dor. Deixemos ir nossa falta de consci\u00eancia ambiental, politica e social. Deixemos ir nossa incapacidade de compreender os diferentes de n\u00f3s e os que pensam diferentes de n\u00f3s. Deixemos ir nossa prepot\u00eancia que nos impede de crescermos e aprendermos com os outros.<\/p>\n\n\n\n<p>O Ano Novo chega e com ele a possibilidade de melhorarmos, de crescermos, de agirmos diferente, de mudarmos nossas atitudes e palavras erradas, para aliviar o peso da nossa alma e da nossa consci\u00eancia.<\/p>\n\n\n\n<p>O Ano Novo chega e com ele vamos cativar paz, o amor, a esperan\u00e7a e a justi\u00e7a social. Vamos colocar nossa intelig\u00eancia para a compreens\u00e3o de n\u00f3s mesmos, do outro e do mundo. Vamos explorar mais nossa criatividade ao inv\u00e9s de estarmos gastando nossas energias com fofocas e discuss\u00f5es desnecess\u00e1rias com a \u00ednfima pretens\u00e3o de demonstrarmos nossa \u201csuperioridade\u201d.<\/p>\n\n\n\n<p>O Ano Novo chega e com ele busquemos a serenidade, a coragem para lutar pelos nossos objetivos e por melhores condi\u00e7\u00f5es de vida e, \u201cvida em abundancia\u201d, para n\u00f3s mesmos e os nossos semelhantes. Vamos cativar apenas o que \u00e9 bom, porque quando algu\u00e9m nos pede algo, que possamos dar somente o que temos muito e se muito de bom temos, por isso daremos o bem e se tivermos o ruim \u00e9 o mal que daremos. Eu prefiro dar o bom, o bem e o belo.<\/p>\n\n\n\n<p>O Ano Novo chega e com ele a possibilidade de lan\u00e7armos um novo olhar com uma  perspectiva de enxergar a realidade e ver a n\u00f3s mesmos, o outro e o mundo. O Ano Novo nada mais \u00e9 do que a pr\u00f3pria continuidade do tempo que calendariamente foi organizado pelo monge gregoriano. Mas, com a possibilidade de refletirmos sobre n\u00f3s mesmos, os outros, e o mundo.<\/p>\n\n\n\n<p>O Ano Novo chega e com ele quero desejar a todos os familiares, membros da ACLASB, amigos, colegas, conhecidos, vizinhos, professores, artistas, escritores, poetas, apoiadores, patrocinadores, estudantes, radialistas, rep\u00f3rteres  e os exclu\u00eddos da sociedade, das religi\u00f5es, da justi\u00e7a dos homens, a todos os profissionais que contribuem com o crescimento da sociedade: <\/p>\n\n\n\n<p>Paz, amor, felicidade, serenidade, intelig\u00eancia, compreens\u00e3o, toler\u00e2ncia, respeito, esperan\u00e7a com a\u00e7\u00e3o, prosperidade com trabalho e f\u00e9 com ora\u00e7\u00e3o e obras. Que Deus o autor da vida nos aben\u00e7oe hoje e sempre! Feliz Ano Novo nesse Ano Novo que chega! Abra\u00e7o a todos!<\/p>\n\n\n\n<p><strong><em>*Edvan Cajuhy &#8211; Presidente da Academia de Letras e Artes de Senhor do Bonfim (ACLASB)<\/em><\/strong><br><em>N\u00edvel superior em pedagogia e especializa\u00e7\u00e3o em Ensino Superior e doc\u00eancia no Contexto do Semin\u00e1rio pela Universidade do Estado da Bahia \u2013 Uneb \u2013 Campus VII \u2013 Senhor do Bonfim; Especializa\u00e7\u00e3o em Gest\u00e3o Escolar pela Escola de Gestores da Universidade Federal da Bahia \u2013 UFBA; Escritor, poeta, cronista, artista pl\u00e1stico e professor da rede publica municipal.<\/em><\/p>\n","protected":false},"excerpt":{"rendered":"<p>*Por Edvan Cajuhy O Ano Velho se vai, como tudo se vai. O Ano Velho se finda, como tudo se finda. O Ano Velho passa, como tudo passa. Exceto a gra\u00e7a de Deus. Esse pensamento \u00e9 o que dever\u00edamos ter. Termos a consci\u00eancia de que tudo passa. Mas, tem pessoas que tem o costume de [&hellip;]<\/p>\n","protected":false},"author":2,"featured_media":30412,"comment_status":"open","ping_status":"open","sticky":false,"template":"","format":"standard","meta":{"_acf_changed":false,"_monsterinsights_skip_tracking":false,"_monsterinsights_sitenote_active":false,"_monsterinsights_sitenote_note":"","_monsterinsights_sitenote_category":0,"_jetpack_memberships_contains_paid_content":false,"footnotes":"","jetpack_publicize_message":"","jetpack_publicize_feature_enabled":true,"jetpack_social_post_already_shared":true,"jetpack_social_options":{"image_generator_settings":{"template":"highway","default_image_id":0,"font":"","enabled":false},"version":2}},"categories":[8,1,4],"tags":[],"class_list":["post-30411","post","type-post","status-publish","format-standard","has-post-thumbnail","hentry","category-cultura","category-noticias","category-local"],"acf":[],"jetpack_publicize_connections":[],"jetpack_featured_media_url":"https:\/\/i0.wp.com\/blogdoeloiltoncajuhy.com.br\/site\/wp-content\/uploads\/2019\/01\/edvan-cajuhy.jpg?fit=539%2C960&ssl=1","jetpack_sharing_enabled":true,"publishpress_future_workflow_manual_trigger":{"enabledWorkflows":[]},"_links":{"self":[{"href":"https:\/\/blogdoeloiltoncajuhy.com.br\/site\/wp-json\/wp\/v2\/posts\/30411","targetHints":{"allow":["GET"]}}],"collection":[{"href":"https:\/\/blogdoeloiltoncajuhy.com.br\/site\/wp-json\/wp\/v2\/posts"}],"about":[{"href":"https:\/\/blogdoeloiltoncajuhy.com.br\/site\/wp-json\/wp\/v2\/types\/post"}],"author":[{"embeddable":true,"href":"https:\/\/blogdoeloiltoncajuhy.com.br\/site\/wp-json\/wp\/v2\/users\/2"}],"replies":[{"embeddable":true,"href":"https:\/\/blogdoeloiltoncajuhy.com.br\/site\/wp-json\/wp\/v2\/comments?post=30411"}],"version-history":[{"count":2,"href":"https:\/\/blogdoeloiltoncajuhy.com.br\/site\/wp-json\/wp\/v2\/posts\/30411\/revisions"}],"predecessor-version":[{"id":30414,"href":"https:\/\/blogdoeloiltoncajuhy.com.br\/site\/wp-json\/wp\/v2\/posts\/30411\/revisions\/30414"}],"wp:featuredmedia":[{"embeddable":true,"href":"https:\/\/blogdoeloiltoncajuhy.com.br\/site\/wp-json\/wp\/v2\/media\/30412"}],"wp:attachment":[{"href":"https:\/\/blogdoeloiltoncajuhy.com.br\/site\/wp-json\/wp\/v2\/media?parent=30411"}],"wp:term":[{"taxonomy":"category","embeddable":true,"href":"https:\/\/blogdoeloiltoncajuhy.com.br\/site\/wp-json\/wp\/v2\/categories?post=30411"},{"taxonomy":"post_tag","embeddable":true,"href":"https:\/\/blogdoeloiltoncajuhy.com.br\/site\/wp-json\/wp\/v2\/tags?post=30411"}],"curies":[{"name":"wp","href":"https:\/\/api.w.org\/{rel}","templated":true}]}}