{"id":30400,"date":"2019-01-01T16:09:49","date_gmt":"2019-01-01T19:09:49","guid":{"rendered":"http:\/\/blogdoeloiltoncajuhy.com.br\/site\/?p=30400"},"modified":"2019-01-01T16:10:59","modified_gmt":"2019-01-01T19:10:59","slug":"em-sessao-solene-camara-de-bonfim-empossa-nova-mesa-diretora","status":"publish","type":"post","link":"https:\/\/blogdoeloiltoncajuhy.com.br\/site\/em-sessao-solene-camara-de-bonfim-empossa-nova-mesa-diretora\/","title":{"rendered":"Em sess\u00e3o solene, C\u00e2mara de Bonfim empossa nova Mesa Diretora"},"content":{"rendered":"\n<div class=\"wp-block-image\"><figure class=\"aligncenter is-resized\"><img data-recalc-dims=\"1\" fetchpriority=\"high\" decoding=\"async\" src=\"https:\/\/i0.wp.com\/blogdoeloiltoncajuhy.com.br\/site\/wp-content\/uploads\/2019\/01\/CamaraBonfimPosseNovaDiretoria202.jpg?resize=578%2C281\" alt=\"\" class=\"wp-image-30402\" width=\"578\" height=\"281\" srcset=\"https:\/\/i0.wp.com\/blogdoeloiltoncajuhy.com.br\/site\/wp-content\/uploads\/2019\/01\/CamaraBonfimPosseNovaDiretoria202.jpg?resize=1024%2C498&amp;ssl=1 1024w, https:\/\/i0.wp.com\/blogdoeloiltoncajuhy.com.br\/site\/wp-content\/uploads\/2019\/01\/CamaraBonfimPosseNovaDiretoria202.jpg?resize=300%2C146&amp;ssl=1 300w, https:\/\/i0.wp.com\/blogdoeloiltoncajuhy.com.br\/site\/wp-content\/uploads\/2019\/01\/CamaraBonfimPosseNovaDiretoria202.jpg?resize=768%2C373&amp;ssl=1 768w, https:\/\/i0.wp.com\/blogdoeloiltoncajuhy.com.br\/site\/wp-content\/uploads\/2019\/01\/CamaraBonfimPosseNovaDiretoria202.jpg?resize=250%2C121&amp;ssl=1 250w, https:\/\/i0.wp.com\/blogdoeloiltoncajuhy.com.br\/site\/wp-content\/uploads\/2019\/01\/CamaraBonfimPosseNovaDiretoria202.jpg?w=1280&amp;ssl=1 1280w\" sizes=\"(max-width: 578px) 100vw, 578px\" \/><\/figure><\/div>\n\n\n\n<p>A nova Mesa Diretora da C\u00e2mara Municipal de Senhor do Bonfim, para o bi\u00eanio 2019\/2020, foi empossada na manh\u00e3 desta ter\u00e7a-feira, 1\u00ba de janeiro, em sess\u00e3o solene inciada por volta das 11h.<\/p>\n\n\n\n<p>A nova diretoria do legislativo bonfinense \u00e9 formada pelos vereadores Cleiton Vieira, Presidente; Andreilto Almeida, Vice-presidente; Elizeu Concei\u00e7\u00e3o, 1\u00ba Secret\u00e1rio, e Reinaldo Jos\u00e9, 2\u00ba Secret\u00e1rio.<\/p>\n\n\n\n<p>Prestigiaram o evento, vereadores, ex-vereadores, convidados e p\u00fablico em geral. O Secret\u00e1rio de Finan\u00e7as, Adilson Brasileiro, representou o Prefeito Carlos Brasileiro.<\/p>\n\n\n\n<figure class=\"wp-block-image\"><img data-recalc-dims=\"1\" decoding=\"async\" width=\"800\" height=\"389\" src=\"https:\/\/i0.wp.com\/blogdoeloiltoncajuhy.com.br\/site\/wp-content\/uploads\/2019\/01\/CamaraBonfimPosseNovaDiretoria201.jpg?resize=800%2C389\" alt=\"\" class=\"wp-image-30401\" srcset=\"https:\/\/i0.wp.com\/blogdoeloiltoncajuhy.com.br\/site\/wp-content\/uploads\/2019\/01\/CamaraBonfimPosseNovaDiretoria201.jpg?resize=1024%2C498&amp;ssl=1 1024w, https:\/\/i0.wp.com\/blogdoeloiltoncajuhy.com.br\/site\/wp-content\/uploads\/2019\/01\/CamaraBonfimPosseNovaDiretoria201.jpg?resize=300%2C146&amp;ssl=1 300w, https:\/\/i0.wp.com\/blogdoeloiltoncajuhy.com.br\/site\/wp-content\/uploads\/2019\/01\/CamaraBonfimPosseNovaDiretoria201.jpg?resize=768%2C373&amp;ssl=1 768w, https:\/\/i0.wp.com\/blogdoeloiltoncajuhy.com.br\/site\/wp-content\/uploads\/2019\/01\/CamaraBonfimPosseNovaDiretoria201.jpg?resize=250%2C121&amp;ssl=1 250w, https:\/\/i0.wp.com\/blogdoeloiltoncajuhy.com.br\/site\/wp-content\/uploads\/2019\/01\/CamaraBonfimPosseNovaDiretoria201.jpg?w=1280&amp;ssl=1 1280w\" sizes=\"(max-width: 800px) 100vw, 800px\" \/><\/figure>\n\n\n\n<p><strong><em>BLOG DO ELOILTON CAJUHY<\/em><\/strong><br><em>Fotos: Ascom &#8211; C\u00e2mara Municipal de Senhor do Bonfim<\/em><\/p>\n","protected":false},"excerpt":{"rendered":"<p>A nova Mesa Diretora da C\u00e2mara Municipal de Senhor do Bonfim, para o bi\u00eanio 2019\/2020, foi empossada na manh\u00e3 desta ter\u00e7a-feira, 1\u00ba de janeiro, em sess\u00e3o solene inciada por volta das 11h. A nova diretoria do legislativo bonfinense \u00e9 formada pelos vereadores Cleiton Vieira, Presidente; Andreilto Almeida, Vice-presidente; Elizeu Concei\u00e7\u00e3o, 1\u00ba Secret\u00e1rio, e Reinaldo Jos\u00e9, [&hellip;]<\/p>\n","protected":false},"author":2,"featured_media":30402,"comment_status":"open","ping_status":"open","sticky":false,"template":"","format":"standard","meta":{"_acf_changed":false,"_monsterinsights_skip_tracking":false,"_monsterinsights_sitenote_active":false,"_monsterinsights_sitenote_note":"","_monsterinsights_sitenote_category":0,"_jetpack_memberships_contains_paid_content":false,"footnotes":"","jetpack_publicize_message":"","jetpack_publicize_feature_enabled":true,"jetpack_social_post_already_shared":true,"jetpack_social_options":{"image_generator_settings":{"template":"highway","default_image_id":0,"font":"","enabled":false},"version":2}},"categories":[1,3,4],"tags":[],"class_list":["post-30400","post","type-post","status-publish","format-standard","has-post-thumbnail","hentry","category-noticias","category-politica","category-local"],"acf":[],"jetpack_publicize_connections":[],"jetpack_featured_media_url":"https:\/\/i0.wp.com\/blogdoeloiltoncajuhy.com.br\/site\/wp-content\/uploads\/2019\/01\/CamaraBonfimPosseNovaDiretoria202.jpg?fit=1280%2C622&ssl=1","jetpack_sharing_enabled":true,"publishpress_future_workflow_manual_trigger":{"enabledWorkflows":[]},"_links":{"self":[{"href":"https:\/\/blogdoeloiltoncajuhy.com.br\/site\/wp-json\/wp\/v2\/posts\/30400","targetHints":{"allow":["GET"]}}],"collection":[{"href":"https:\/\/blogdoeloiltoncajuhy.com.br\/site\/wp-json\/wp\/v2\/posts"}],"about":[{"href":"https:\/\/blogdoeloiltoncajuhy.com.br\/site\/wp-json\/wp\/v2\/types\/post"}],"author":[{"embeddable":true,"href":"https:\/\/blogdoeloiltoncajuhy.com.br\/site\/wp-json\/wp\/v2\/users\/2"}],"replies":[{"embeddable":true,"href":"https:\/\/blogdoeloiltoncajuhy.com.br\/site\/wp-json\/wp\/v2\/comments?post=30400"}],"version-history":[{"count":2,"href":"https:\/\/blogdoeloiltoncajuhy.com.br\/site\/wp-json\/wp\/v2\/posts\/30400\/revisions"}],"predecessor-version":[{"id":30404,"href":"https:\/\/blogdoeloiltoncajuhy.com.br\/site\/wp-json\/wp\/v2\/posts\/30400\/revisions\/30404"}],"wp:featuredmedia":[{"embeddable":true,"href":"https:\/\/blogdoeloiltoncajuhy.com.br\/site\/wp-json\/wp\/v2\/media\/30402"}],"wp:attachment":[{"href":"https:\/\/blogdoeloiltoncajuhy.com.br\/site\/wp-json\/wp\/v2\/media?parent=30400"}],"wp:term":[{"taxonomy":"category","embeddable":true,"href":"https:\/\/blogdoeloiltoncajuhy.com.br\/site\/wp-json\/wp\/v2\/categories?post=30400"},{"taxonomy":"post_tag","embeddable":true,"href":"https:\/\/blogdoeloiltoncajuhy.com.br\/site\/wp-json\/wp\/v2\/tags?post=30400"}],"curies":[{"name":"wp","href":"https:\/\/api.w.org\/{rel}","templated":true}]}}