{"id":30389,"date":"2018-12-31T10:09:27","date_gmt":"2018-12-31T13:09:27","guid":{"rendered":"http:\/\/blogdoeloiltoncajuhy.com.br\/site\/?p=30389"},"modified":"2018-12-31T10:09:34","modified_gmt":"2018-12-31T13:09:34","slug":"nova-mesa-diretora-da-camara-municipal-de-senhor-do-bonfim-assume-nesta-terca-feira-1o-de-janeiro","status":"publish","type":"post","link":"https:\/\/blogdoeloiltoncajuhy.com.br\/site\/nova-mesa-diretora-da-camara-municipal-de-senhor-do-bonfim-assume-nesta-terca-feira-1o-de-janeiro\/","title":{"rendered":"Nova Mesa Diretora da C\u00e2mara Municipal de Senhor do Bonfim assume nesta ter\u00e7a-feira, 1\u00ba de janeiro"},"content":{"rendered":"\n<div class=\"wp-block-image\"><figure class=\"aligncenter\"><img data-recalc-dims=\"1\" fetchpriority=\"high\" decoding=\"async\" width=\"800\" height=\"600\" src=\"https:\/\/i0.wp.com\/blogdoeloiltoncajuhy.com.br\/site\/wp-content\/uploads\/2015\/06\/CAMARA-MUNICIPAL-DE-SENHOR-DO-BONFIM-0041.jpg?resize=800%2C600\" alt=\"\" class=\"wp-image-1518\"\/><\/figure><\/div>\n\n\n\n<p>Ser\u00e1 nesta ter\u00e7a-feira, 1\u00ba de janeiro, \u00e0s 10h, no Sal\u00e3o Nobre Joaquim Muricy Sobrinho, a Solenidade de Posse dos Cargos da Mesa Diretora da C\u00e2mara Municipal de Senhor do Bonfim, para o bi\u00eanio 2019\/2020, tendo na presid\u00eancia o vereador Cleiton Vieira Pinto.<\/p>\n\n\n\n<p><em>\u201cNeste ano teremos muitos desafios. Queremos fazer uma gest\u00e3o escutando todas as bancadas, discutindo e propondo a\u00e7\u00f5es e, ao mesmo tempo, ir ao encontro da nossa popula\u00e7\u00e3o, oportunizando que ela possa saber mais do que nunca que aqui \u00e9 a Casa do Povo, onde regras tem que ser cumpridas, onde a organiza\u00e7\u00e3o \u00e9 necess\u00e1ria para o bom trabalho, onde possam estar nos cobrando, reclamando e propondo, dentro de a\u00e7\u00f5es civilizadas\u201d<\/em>, adiantou o novo presidente.<\/p>\n\n\n\n<p>A nova Mesa Diretora, escolhida em elei\u00e7\u00e3o realizada no dia 14 de junho de 2018, \u00e9 formada ainda pelos vereadores: Andreilto de Almeida Barbosa, vice-presidente; Elizeu Concei\u00e7\u00e3o de Souza, 1\u00ba secret\u00e1rio; Reinaldo Jos\u00e9 da Silva, 2\u00ba secret\u00e1rio.<\/p>\n\n\n\n<div class=\"wp-block-image\"><figure class=\"aligncenter\"><img data-recalc-dims=\"1\" decoding=\"async\" width=\"800\" height=\"573\" src=\"https:\/\/i0.wp.com\/blogdoeloiltoncajuhy.com.br\/site\/wp-content\/uploads\/2018\/12\/CamaraBonfimPosseNovaDiretoria.jpg?resize=800%2C573\" alt=\"\" class=\"wp-image-30390\" srcset=\"https:\/\/i0.wp.com\/blogdoeloiltoncajuhy.com.br\/site\/wp-content\/uploads\/2018\/12\/CamaraBonfimPosseNovaDiretoria.jpg?resize=1024%2C734&amp;ssl=1 1024w, https:\/\/i0.wp.com\/blogdoeloiltoncajuhy.com.br\/site\/wp-content\/uploads\/2018\/12\/CamaraBonfimPosseNovaDiretoria.jpg?resize=300%2C215&amp;ssl=1 300w, https:\/\/i0.wp.com\/blogdoeloiltoncajuhy.com.br\/site\/wp-content\/uploads\/2018\/12\/CamaraBonfimPosseNovaDiretoria.jpg?resize=768%2C550&amp;ssl=1 768w, https:\/\/i0.wp.com\/blogdoeloiltoncajuhy.com.br\/site\/wp-content\/uploads\/2018\/12\/CamaraBonfimPosseNovaDiretoria.jpg?resize=250%2C179&amp;ssl=1 250w, https:\/\/i0.wp.com\/blogdoeloiltoncajuhy.com.br\/site\/wp-content\/uploads\/2018\/12\/CamaraBonfimPosseNovaDiretoria.jpg?w=1280&amp;ssl=1 1280w\" sizes=\"(max-width: 800px) 100vw, 800px\" \/><\/figure><\/div>\n\n\n\n<p><strong><em>ASCOM \/ C\u00e2mara Municipal de Senhor do Bonfim-BA<\/em><\/strong><\/p>\n","protected":false},"excerpt":{"rendered":"<p>Ser\u00e1 nesta ter\u00e7a-feira, 1\u00ba de janeiro, \u00e0s 10h, no Sal\u00e3o Nobre Joaquim Muricy Sobrinho, a Solenidade de Posse dos Cargos da Mesa Diretora da C\u00e2mara Municipal de Senhor do Bonfim, para o bi\u00eanio 2019\/2020, tendo na presid\u00eancia o vereador Cleiton Vieira Pinto. \u201cNeste ano teremos muitos desafios. Queremos fazer uma gest\u00e3o escutando todas as bancadas, [&hellip;]<\/p>\n","protected":false},"author":2,"featured_media":30390,"comment_status":"open","ping_status":"open","sticky":false,"template":"","format":"standard","meta":{"_acf_changed":false,"_monsterinsights_skip_tracking":false,"_monsterinsights_sitenote_active":false,"_monsterinsights_sitenote_note":"","_monsterinsights_sitenote_category":0,"_jetpack_memberships_contains_paid_content":false,"footnotes":"","jetpack_publicize_message":"","jetpack_publicize_feature_enabled":true,"jetpack_social_post_already_shared":true,"jetpack_social_options":{"image_generator_settings":{"template":"highway","default_image_id":0,"font":"","enabled":false},"version":2}},"categories":[1,3,4],"tags":[],"class_list":["post-30389","post","type-post","status-publish","format-standard","has-post-thumbnail","hentry","category-noticias","category-politica","category-local"],"acf":[],"jetpack_publicize_connections":[],"jetpack_featured_media_url":"https:\/\/i0.wp.com\/blogdoeloiltoncajuhy.com.br\/site\/wp-content\/uploads\/2018\/12\/CamaraBonfimPosseNovaDiretoria.jpg?fit=1280%2C917&ssl=1","jetpack_sharing_enabled":true,"publishpress_future_workflow_manual_trigger":{"enabledWorkflows":[]},"_links":{"self":[{"href":"https:\/\/blogdoeloiltoncajuhy.com.br\/site\/wp-json\/wp\/v2\/posts\/30389","targetHints":{"allow":["GET"]}}],"collection":[{"href":"https:\/\/blogdoeloiltoncajuhy.com.br\/site\/wp-json\/wp\/v2\/posts"}],"about":[{"href":"https:\/\/blogdoeloiltoncajuhy.com.br\/site\/wp-json\/wp\/v2\/types\/post"}],"author":[{"embeddable":true,"href":"https:\/\/blogdoeloiltoncajuhy.com.br\/site\/wp-json\/wp\/v2\/users\/2"}],"replies":[{"embeddable":true,"href":"https:\/\/blogdoeloiltoncajuhy.com.br\/site\/wp-json\/wp\/v2\/comments?post=30389"}],"version-history":[{"count":1,"href":"https:\/\/blogdoeloiltoncajuhy.com.br\/site\/wp-json\/wp\/v2\/posts\/30389\/revisions"}],"predecessor-version":[{"id":30391,"href":"https:\/\/blogdoeloiltoncajuhy.com.br\/site\/wp-json\/wp\/v2\/posts\/30389\/revisions\/30391"}],"wp:featuredmedia":[{"embeddable":true,"href":"https:\/\/blogdoeloiltoncajuhy.com.br\/site\/wp-json\/wp\/v2\/media\/30390"}],"wp:attachment":[{"href":"https:\/\/blogdoeloiltoncajuhy.com.br\/site\/wp-json\/wp\/v2\/media?parent=30389"}],"wp:term":[{"taxonomy":"category","embeddable":true,"href":"https:\/\/blogdoeloiltoncajuhy.com.br\/site\/wp-json\/wp\/v2\/categories?post=30389"},{"taxonomy":"post_tag","embeddable":true,"href":"https:\/\/blogdoeloiltoncajuhy.com.br\/site\/wp-json\/wp\/v2\/tags?post=30389"}],"curies":[{"name":"wp","href":"https:\/\/api.w.org\/{rel}","templated":true}]}}