{"id":30384,"date":"2018-12-30T20:03:22","date_gmt":"2018-12-30T23:03:22","guid":{"rendered":"http:\/\/blogdoeloiltoncajuhy.com.br\/site\/?p=30384"},"modified":"2018-12-30T20:03:28","modified_gmt":"2018-12-30T23:03:28","slug":"comece-a-segunda-feira-meditando-jo-11-18","status":"publish","type":"post","link":"https:\/\/blogdoeloiltoncajuhy.com.br\/site\/comece-a-segunda-feira-meditando-jo-11-18\/","title":{"rendered":"Comece a segunda-feira meditando (Jo 1,1-18)"},"content":{"rendered":"\n<h5 class=\"wp-block-heading\" style=\"text-align:center\"><strong>A Palavra se fez carne e habitou entre n\u00f3s<\/strong><\/h5>\n\n\n\n<div class=\"wp-block-image\"><figure class=\"aligncenter is-resized\"><img data-recalc-dims=\"1\" fetchpriority=\"high\" decoding=\"async\" src=\"https:\/\/i0.wp.com\/blogdoeloiltoncajuhy.com.br\/site\/wp-content\/uploads\/2016\/09\/liturgia_set_16-2.jpg?resize=448%2C252\" alt=\"\" class=\"wp-image-12279\" width=\"448\" height=\"252\" srcset=\"https:\/\/i0.wp.com\/blogdoeloiltoncajuhy.com.br\/site\/wp-content\/uploads\/2016\/09\/liturgia_set_16-2.jpg?w=320&amp;ssl=1 320w, https:\/\/i0.wp.com\/blogdoeloiltoncajuhy.com.br\/site\/wp-content\/uploads\/2016\/09\/liturgia_set_16-2.jpg?resize=300%2C169&amp;ssl=1 300w, https:\/\/i0.wp.com\/blogdoeloiltoncajuhy.com.br\/site\/wp-content\/uploads\/2016\/09\/liturgia_set_16-2.jpg?resize=250%2C141&amp;ssl=1 250w\" sizes=\"(max-width: 448px) 100vw, 448px\" \/><\/figure><\/div>\n\n\n\n<p>No princ\u00edpio era a Palavra, e a Palavra estava com Deus; e a Palavra era Deus. No princ\u00edpio estava ela com Deus. Tudo foi feito por ela e sem ela nada se fez de tudo que foi feito.<br><\/p>\n\n\n\n<p>Nela estava a vida, e a vida era a luz dos homens. E a luz brilha nas trevas, e as trevas n\u00e3o conseguiram domin\u00e1-la. Surgiu um homem enviado por Deus; Seu nome era Jo\u00e3o. Ele veio como testemunha, para dar testemunho da luz, para que todos chegassem \u00e0 f\u00e9 por meio dele.<br><\/p>\n\n\n\n<p>Ele n\u00e3o era a luz, mas veio para dar testemunho da luz: daquele que era a luz de verdade, que, vindo ao mundo, ilumina todo ser humano. A Palavra estava no mundo e o mundo foi feito por meio dela &#8211; mas o mundo n\u00e3o quis conhec\u00ea-la.<br><\/p>\n\n\n\n<p>Veio para o que era seu, e os seus n\u00e3o a acolheram. Mas, a todos que a receberam, deu-lhes deu capacidade de se tornarem filhos de Deus isto \u00e9, aos que acreditam em seu nome, pois estes n\u00e3o nasceram do sangue nem da vontade da carne nem da vontade do var\u00e3o, mas de Deus mesmo.<br><\/p>\n\n\n\n<p>E a Palavra se fez carne e habitou entre n\u00f3s. E n\u00f3s contemplamos a sua gl\u00f3ria, gl\u00f3ria que recebe do Pai como filho unig\u00eanito, cheio de gra\u00e7a e de verdade. Dele, Jo\u00e3o d\u00e1 testemunho, clamando: <em>&#8216;Este \u00e9 aquele de quem eu disse: O que vem depois de mim passou \u00e0 minha frente, porque ele existia antes de mim&#8217;.<\/em><br><\/p>\n\n\n\n<p>De sua plenitude todos n\u00f3s recebemos gra\u00e7a por gra\u00e7a. Pois por meio de Mois\u00e9s foi dada a Lei, mas a gra\u00e7a e a verdade nos chegaram atrav\u00e9s de Jesus Cristo. A Deus, ningu\u00e9m jamais viu. Mas o Unig\u00eanito de Deus, que est\u00e1 na intimidade do Pai, ele no-lo deu a conhecer.<br><\/p>\n\n\n\n<p><strong>Palavra da Salva\u00e7\u00e3o!<\/strong><\/p>\n\n\n\n<p><strong><em><a href=\"http:\/\/liturgiadiaria.cnbb.org.br\/app\/user\/user\/UserView.php?ano=2018&amp;mes=12&amp;dia=31\">CNBB<\/a><\/em><\/strong><\/p>\n","protected":false},"excerpt":{"rendered":"<p>A Palavra se fez carne e habitou entre n\u00f3s No princ\u00edpio era a Palavra, e a Palavra estava com Deus; e a Palavra era Deus. No princ\u00edpio estava ela com Deus. Tudo foi feito por ela e sem ela nada se fez de tudo que foi feito. Nela estava a vida, e a vida era [&hellip;]<\/p>\n","protected":false},"author":2,"featured_media":0,"comment_status":"open","ping_status":"open","sticky":false,"template":"","format":"standard","meta":{"_acf_changed":false,"_monsterinsights_skip_tracking":false,"_monsterinsights_sitenote_active":false,"_monsterinsights_sitenote_note":"","_monsterinsights_sitenote_category":0,"_jetpack_memberships_contains_paid_content":false,"footnotes":"","jetpack_publicize_message":"","jetpack_publicize_feature_enabled":true,"jetpack_social_post_already_shared":true,"jetpack_social_options":{"image_generator_settings":{"template":"highway","default_image_id":0,"font":"","enabled":false},"version":2}},"categories":[1,9],"tags":[],"class_list":["post-30384","post","type-post","status-publish","format-standard","hentry","category-noticias","category-reflexao"],"acf":[],"jetpack_publicize_connections":[],"jetpack_featured_media_url":"","jetpack_sharing_enabled":true,"publishpress_future_workflow_manual_trigger":{"enabledWorkflows":[]},"_links":{"self":[{"href":"https:\/\/blogdoeloiltoncajuhy.com.br\/site\/wp-json\/wp\/v2\/posts\/30384","targetHints":{"allow":["GET"]}}],"collection":[{"href":"https:\/\/blogdoeloiltoncajuhy.com.br\/site\/wp-json\/wp\/v2\/posts"}],"about":[{"href":"https:\/\/blogdoeloiltoncajuhy.com.br\/site\/wp-json\/wp\/v2\/types\/post"}],"author":[{"embeddable":true,"href":"https:\/\/blogdoeloiltoncajuhy.com.br\/site\/wp-json\/wp\/v2\/users\/2"}],"replies":[{"embeddable":true,"href":"https:\/\/blogdoeloiltoncajuhy.com.br\/site\/wp-json\/wp\/v2\/comments?post=30384"}],"version-history":[{"count":1,"href":"https:\/\/blogdoeloiltoncajuhy.com.br\/site\/wp-json\/wp\/v2\/posts\/30384\/revisions"}],"predecessor-version":[{"id":30385,"href":"https:\/\/blogdoeloiltoncajuhy.com.br\/site\/wp-json\/wp\/v2\/posts\/30384\/revisions\/30385"}],"wp:attachment":[{"href":"https:\/\/blogdoeloiltoncajuhy.com.br\/site\/wp-json\/wp\/v2\/media?parent=30384"}],"wp:term":[{"taxonomy":"category","embeddable":true,"href":"https:\/\/blogdoeloiltoncajuhy.com.br\/site\/wp-json\/wp\/v2\/categories?post=30384"},{"taxonomy":"post_tag","embeddable":true,"href":"https:\/\/blogdoeloiltoncajuhy.com.br\/site\/wp-json\/wp\/v2\/tags?post=30384"}],"curies":[{"name":"wp","href":"https:\/\/api.w.org\/{rel}","templated":true}]}}