{"id":30378,"date":"2018-12-30T08:29:32","date_gmt":"2018-12-30T11:29:32","guid":{"rendered":"http:\/\/blogdoeloiltoncajuhy.com.br\/site\/?p=30378"},"modified":"2018-12-30T08:29:38","modified_gmt":"2018-12-30T11:29:38","slug":"gloria-perez-desabafa-e-lamenta-26-anos-de-morte-da-filha-impunidade","status":"publish","type":"post","link":"https:\/\/blogdoeloiltoncajuhy.com.br\/site\/gloria-perez-desabafa-e-lamenta-26-anos-de-morte-da-filha-impunidade\/","title":{"rendered":"Gloria Perez desabafa e lamenta 26 anos de morte da filha: &#8220;Impunidade&#8221;"},"content":{"rendered":"\n<div class=\"wp-block-image\"><figure class=\"aligncenter\"><img data-recalc-dims=\"1\" fetchpriority=\"high\" decoding=\"async\" width=\"652\" height=\"408\" src=\"https:\/\/i0.wp.com\/blogdoeloiltoncajuhy.com.br\/site\/wp-content\/uploads\/2018\/12\/daniella-perez_26anos.jpg?resize=652%2C408\" alt=\"\" class=\"wp-image-30379\" srcset=\"https:\/\/i0.wp.com\/blogdoeloiltoncajuhy.com.br\/site\/wp-content\/uploads\/2018\/12\/daniella-perez_26anos.jpg?w=652&amp;ssl=1 652w, https:\/\/i0.wp.com\/blogdoeloiltoncajuhy.com.br\/site\/wp-content\/uploads\/2018\/12\/daniella-perez_26anos.jpg?resize=300%2C188&amp;ssl=1 300w, https:\/\/i0.wp.com\/blogdoeloiltoncajuhy.com.br\/site\/wp-content\/uploads\/2018\/12\/daniella-perez_26anos.jpg?resize=250%2C156&amp;ssl=1 250w\" sizes=\"(max-width: 652px) 100vw, 652px\" \/><\/figure><\/div>\n\n\n\n<p>A escritora e autora de novelas Gl\u00f3ria Perez usou as redes sociais para lembrar os 26 anos de morte da filha, a atriz Daniella Perez. Gl\u00f3ria fez um post nesta sexta-feira (28) com desabafo sobre a impunidade. A filha morreu aos 22 anos no dia 28 de dezembro de 1992. \u00c0 \u00e9poca, era exibida a novela \u201cDe Corpo e Alma\u201d em que Daniella fazia par rom\u00e2ntico com Guilherme de P\u00e1dua, assassino da v\u00edtima junto com a esposa dele Paula Nogueira Thomaz.<\/p>\n\n\n\n<p><em>\u201cQuando mais o tempo passa, mais d\u00f3i esse dia! Fica a impunidade dos assassinos\u201d<\/em>, escreveu. A escritora tamb\u00e9m relatou sobre a lei que introduziu o homic\u00eddio qualificado no pa\u00eds. <em>\u201cFica a primeira emenda popular da Hist\u00f3ria do Brasil, a lei que introduziu o homic\u00eddio qualificado entre os crimes hediondos, atrav\u00e9s da campanha que, passando de m\u00e3o em m\u00e3o, reuniu em tr\u00eas meses apenas, numa \u00e9poca sem internet e sem apoio de nenhum grande \u00f3rg\u00e3o da imprensa, o n\u00famero de assinaturas exigidas pela constitui\u00e7\u00e3o pra fazer passar uma lei proposta pelo povo\u201d<\/em>, disse Gloria.<\/p>\n\n\n\n<p>E acrescentou: <em>\u201ca aprova\u00e7\u00e3o pelo Senado correu riscos, com senadores bem conhecidos se esgueirando para evitar que desse qu\u00f3rum. Interveio o presidente da casa, Humberto Lucena, que, diante da amea\u00e7a, lan\u00e7ou m\u00e3o do recurso de urg\u00eancia urgent\u00edssima e fez passar o projeto\u201d<\/em>, concluiu.<\/p>\n\n\n\n<p>Segundo o portal Metr\u00f3poles, Guilherme de P\u00e1dua foi condenado a 19 anos de pris\u00e3o, mas cumpriu somente seis e saiu da cadeia em 1999. Paula, que era casada com P\u00e1dua (o casal se divorciou ainda na pris\u00e3o), pegou 18 anos, mas tamb\u00e9m foi liberada antes de 2000.<\/p>\n\n\n\n<p><strong>Bahia Not\u00edcias<\/strong><\/p>\n","protected":false},"excerpt":{"rendered":"<p>A escritora e autora de novelas Gl\u00f3ria Perez usou as redes sociais para lembrar os 26 anos de morte da filha, a atriz Daniella Perez. Gl\u00f3ria fez um post nesta sexta-feira (28) com desabafo sobre a impunidade. A filha morreu aos 22 anos no dia 28 de dezembro de 1992. \u00c0 \u00e9poca, era exibida a [&hellip;]<\/p>\n","protected":false},"author":2,"featured_media":30379,"comment_status":"open","ping_status":"open","sticky":false,"template":"","format":"standard","meta":{"_acf_changed":false,"_monsterinsights_skip_tracking":false,"_monsterinsights_sitenote_active":false,"_monsterinsights_sitenote_note":"","_monsterinsights_sitenote_category":0,"_jetpack_memberships_contains_paid_content":false,"footnotes":"","jetpack_publicize_message":"","jetpack_publicize_feature_enabled":true,"jetpack_social_post_already_shared":true,"jetpack_social_options":{"image_generator_settings":{"template":"highway","default_image_id":0,"font":"","enabled":false},"version":2}},"categories":[5,8,1],"tags":[],"class_list":["post-30378","post","type-post","status-publish","format-standard","has-post-thumbnail","hentry","category-cotidiano","category-cultura","category-noticias"],"acf":[],"jetpack_publicize_connections":[],"jetpack_featured_media_url":"https:\/\/i0.wp.com\/blogdoeloiltoncajuhy.com.br\/site\/wp-content\/uploads\/2018\/12\/daniella-perez_26anos.jpg?fit=652%2C408&ssl=1","jetpack_sharing_enabled":true,"publishpress_future_workflow_manual_trigger":{"enabledWorkflows":[]},"_links":{"self":[{"href":"https:\/\/blogdoeloiltoncajuhy.com.br\/site\/wp-json\/wp\/v2\/posts\/30378","targetHints":{"allow":["GET"]}}],"collection":[{"href":"https:\/\/blogdoeloiltoncajuhy.com.br\/site\/wp-json\/wp\/v2\/posts"}],"about":[{"href":"https:\/\/blogdoeloiltoncajuhy.com.br\/site\/wp-json\/wp\/v2\/types\/post"}],"author":[{"embeddable":true,"href":"https:\/\/blogdoeloiltoncajuhy.com.br\/site\/wp-json\/wp\/v2\/users\/2"}],"replies":[{"embeddable":true,"href":"https:\/\/blogdoeloiltoncajuhy.com.br\/site\/wp-json\/wp\/v2\/comments?post=30378"}],"version-history":[{"count":1,"href":"https:\/\/blogdoeloiltoncajuhy.com.br\/site\/wp-json\/wp\/v2\/posts\/30378\/revisions"}],"predecessor-version":[{"id":30380,"href":"https:\/\/blogdoeloiltoncajuhy.com.br\/site\/wp-json\/wp\/v2\/posts\/30378\/revisions\/30380"}],"wp:featuredmedia":[{"embeddable":true,"href":"https:\/\/blogdoeloiltoncajuhy.com.br\/site\/wp-json\/wp\/v2\/media\/30379"}],"wp:attachment":[{"href":"https:\/\/blogdoeloiltoncajuhy.com.br\/site\/wp-json\/wp\/v2\/media?parent=30378"}],"wp:term":[{"taxonomy":"category","embeddable":true,"href":"https:\/\/blogdoeloiltoncajuhy.com.br\/site\/wp-json\/wp\/v2\/categories?post=30378"},{"taxonomy":"post_tag","embeddable":true,"href":"https:\/\/blogdoeloiltoncajuhy.com.br\/site\/wp-json\/wp\/v2\/tags?post=30378"}],"curies":[{"name":"wp","href":"https:\/\/api.w.org\/{rel}","templated":true}]}}