{"id":30373,"date":"2018-12-29T21:09:17","date_gmt":"2018-12-30T00:09:17","guid":{"rendered":"http:\/\/blogdoeloiltoncajuhy.com.br\/site\/?p=30373"},"modified":"2018-12-29T21:09:24","modified_gmt":"2018-12-30T00:09:24","slug":"festa-do-senhor-do-bonfim-pre-novena-comeca-na-proxima-terca-feira","status":"publish","type":"post","link":"https:\/\/blogdoeloiltoncajuhy.com.br\/site\/festa-do-senhor-do-bonfim-pre-novena-comeca-na-proxima-terca-feira\/","title":{"rendered":"Festa do Senhor do Bonfim: Pr\u00e9 Novena come\u00e7a na pr\u00f3xima ter\u00e7a-feira"},"content":{"rendered":"\n<div class=\"wp-block-image\"><figure class=\"aligncenter is-resized\"><img data-recalc-dims=\"1\" fetchpriority=\"high\" decoding=\"async\" src=\"https:\/\/i0.wp.com\/blogdoeloiltoncajuhy.com.br\/site\/wp-content\/uploads\/2018\/12\/AltarSenhorBonfim.jpg?resize=384%2C512\" alt=\"\" class=\"wp-image-30374\" width=\"384\" height=\"512\" srcset=\"https:\/\/i0.wp.com\/blogdoeloiltoncajuhy.com.br\/site\/wp-content\/uploads\/2018\/12\/AltarSenhorBonfim.jpg?resize=768%2C1024&amp;ssl=1 768w, https:\/\/i0.wp.com\/blogdoeloiltoncajuhy.com.br\/site\/wp-content\/uploads\/2018\/12\/AltarSenhorBonfim.jpg?resize=225%2C300&amp;ssl=1 225w, https:\/\/i0.wp.com\/blogdoeloiltoncajuhy.com.br\/site\/wp-content\/uploads\/2018\/12\/AltarSenhorBonfim.jpg?resize=188%2C250&amp;ssl=1 188w, https:\/\/i0.wp.com\/blogdoeloiltoncajuhy.com.br\/site\/wp-content\/uploads\/2018\/12\/AltarSenhorBonfim.jpg?w=1600 1600w, https:\/\/i0.wp.com\/blogdoeloiltoncajuhy.com.br\/site\/wp-content\/uploads\/2018\/12\/AltarSenhorBonfim.jpg?w=2400 2400w\" sizes=\"(max-width: 384px) 100vw, 384px\" \/><\/figure><\/div>\n\n\n\n<p>A Par\u00f3quia do Senhor do Bonfim inicia na pr\u00f3xima ter\u00e7a-feira, dia 1\u00ba de janeiro, a Pr\u00e9 Novena da festa do padroeiro de nossa cidade. A programa\u00e7\u00e3o come\u00e7a com celebra\u00e7\u00e3o de Missa na Catedral, \u00e0s 19h30 e, logo ap\u00f3s, prociss\u00e3o com a Imagem do Senhor do Bonfim em dire\u00e7\u00e3o \u00e0 Capela de Nossa Senhora de F\u00e1tima no Alto da Maravilha.<\/p>\n\n\n\n<p>Na quarta-feira, dia 2 de janeiro, a Imagem do Senhor do Bonfim visitar\u00e1 as Institui\u00e7\u00f5es p\u00fablicas a partir das 9h.<\/p>\n\n\n\n<p>A comiss\u00e3o organizadora da festa informa que j\u00e1 disp\u00f5e de bilhetes para o sorteio do Show de Pr\u00eamios que ser\u00e1 realizado no dia 17 de janeiro, dia da festa do Senhor do Bonfim. Os interessados na compra e venda dos bilhetes dever\u00e3o procurar a secretaria da Catedral ou o plant\u00e3o do D\u00edzimo.<\/p>\n\n\n\n<p><strong>BLOG DO ELOILTON CAJUHY<\/strong><\/p>\n","protected":false},"excerpt":{"rendered":"<p>A Par\u00f3quia do Senhor do Bonfim inicia na pr\u00f3xima ter\u00e7a-feira, dia 1\u00ba de janeiro, a Pr\u00e9 Novena da festa do padroeiro de nossa cidade. A programa\u00e7\u00e3o come\u00e7a com celebra\u00e7\u00e3o de Missa na Catedral, \u00e0s 19h30 e, logo ap\u00f3s, prociss\u00e3o com a Imagem do Senhor do Bonfim em dire\u00e7\u00e3o \u00e0 Capela de Nossa Senhora de F\u00e1tima [&hellip;]<\/p>\n","protected":false},"author":2,"featured_media":30374,"comment_status":"open","ping_status":"open","sticky":false,"template":"","format":"standard","meta":{"_acf_changed":false,"_monsterinsights_skip_tracking":false,"_monsterinsights_sitenote_active":false,"_monsterinsights_sitenote_note":"","_monsterinsights_sitenote_category":0,"_jetpack_memberships_contains_paid_content":false,"footnotes":"","jetpack_publicize_message":"","jetpack_publicize_feature_enabled":true,"jetpack_social_post_already_shared":true,"jetpack_social_options":{"image_generator_settings":{"template":"highway","default_image_id":0,"font":"","enabled":false},"version":2}},"categories":[1,4],"tags":[],"class_list":["post-30373","post","type-post","status-publish","format-standard","has-post-thumbnail","hentry","category-noticias","category-local"],"acf":[],"jetpack_publicize_connections":[],"jetpack_featured_media_url":"https:\/\/i0.wp.com\/blogdoeloiltoncajuhy.com.br\/site\/wp-content\/uploads\/2018\/12\/AltarSenhorBonfim.jpg?fit=3000%2C4000&ssl=1","jetpack_sharing_enabled":true,"publishpress_future_workflow_manual_trigger":{"enabledWorkflows":[]},"_links":{"self":[{"href":"https:\/\/blogdoeloiltoncajuhy.com.br\/site\/wp-json\/wp\/v2\/posts\/30373","targetHints":{"allow":["GET"]}}],"collection":[{"href":"https:\/\/blogdoeloiltoncajuhy.com.br\/site\/wp-json\/wp\/v2\/posts"}],"about":[{"href":"https:\/\/blogdoeloiltoncajuhy.com.br\/site\/wp-json\/wp\/v2\/types\/post"}],"author":[{"embeddable":true,"href":"https:\/\/blogdoeloiltoncajuhy.com.br\/site\/wp-json\/wp\/v2\/users\/2"}],"replies":[{"embeddable":true,"href":"https:\/\/blogdoeloiltoncajuhy.com.br\/site\/wp-json\/wp\/v2\/comments?post=30373"}],"version-history":[{"count":1,"href":"https:\/\/blogdoeloiltoncajuhy.com.br\/site\/wp-json\/wp\/v2\/posts\/30373\/revisions"}],"predecessor-version":[{"id":30375,"href":"https:\/\/blogdoeloiltoncajuhy.com.br\/site\/wp-json\/wp\/v2\/posts\/30373\/revisions\/30375"}],"wp:featuredmedia":[{"embeddable":true,"href":"https:\/\/blogdoeloiltoncajuhy.com.br\/site\/wp-json\/wp\/v2\/media\/30374"}],"wp:attachment":[{"href":"https:\/\/blogdoeloiltoncajuhy.com.br\/site\/wp-json\/wp\/v2\/media?parent=30373"}],"wp:term":[{"taxonomy":"category","embeddable":true,"href":"https:\/\/blogdoeloiltoncajuhy.com.br\/site\/wp-json\/wp\/v2\/categories?post=30373"},{"taxonomy":"post_tag","embeddable":true,"href":"https:\/\/blogdoeloiltoncajuhy.com.br\/site\/wp-json\/wp\/v2\/tags?post=30373"}],"curies":[{"name":"wp","href":"https:\/\/api.w.org\/{rel}","templated":true}]}}