{"id":30368,"date":"2018-12-29T20:39:40","date_gmt":"2018-12-29T23:39:40","guid":{"rendered":"http:\/\/blogdoeloiltoncajuhy.com.br\/site\/?p=30368"},"modified":"2018-12-29T20:39:46","modified_gmt":"2018-12-29T23:39:46","slug":"sessenta-por-cento-das-novas-vagas-no-ensino-medio-publico-poderao-ser-destinadas-ao-ensino-tecnico","status":"publish","type":"post","link":"https:\/\/blogdoeloiltoncajuhy.com.br\/site\/sessenta-por-cento-das-novas-vagas-no-ensino-medio-publico-poderao-ser-destinadas-ao-ensino-tecnico\/","title":{"rendered":"Sessenta por cento das novas vagas no ensino m\u00e9dio p\u00fablico poder\u00e3o ser destinadas ao ensino t\u00e9cnico"},"content":{"rendered":"\n<h5 class=\"wp-block-heading\" style=\"text-align:left\"><strong>Segundo o autor do projeto, deputado Wilson Filho, a amplia\u00e7\u00e3o das vagas na educa\u00e7\u00e3o profissional t\u00e9cnica poderia incentivar os jovens a continuarem os seus estudos e a adquirirem habilidades para conquistar uma vaga no mercado formal<\/strong><\/h5>\n\n\n\n<div class=\"wp-block-image\"><figure class=\"aligncenter\"><img data-recalc-dims=\"1\" fetchpriority=\"high\" decoding=\"async\" width=\"800\" height=\"533\" src=\"https:\/\/i0.wp.com\/blogdoeloiltoncajuhy.com.br\/site\/wp-content\/uploads\/2018\/12\/curso-t%C3%A9cnico.jpg?resize=800%2C533\" alt=\"\" class=\"wp-image-30369\" srcset=\"https:\/\/i0.wp.com\/blogdoeloiltoncajuhy.com.br\/site\/wp-content\/uploads\/2018\/12\/curso-t%C3%A9cnico.jpg?resize=1024%2C682&amp;ssl=1 1024w, https:\/\/i0.wp.com\/blogdoeloiltoncajuhy.com.br\/site\/wp-content\/uploads\/2018\/12\/curso-t%C3%A9cnico.jpg?resize=300%2C200&amp;ssl=1 300w, https:\/\/i0.wp.com\/blogdoeloiltoncajuhy.com.br\/site\/wp-content\/uploads\/2018\/12\/curso-t%C3%A9cnico.jpg?resize=768%2C511&amp;ssl=1 768w, https:\/\/i0.wp.com\/blogdoeloiltoncajuhy.com.br\/site\/wp-content\/uploads\/2018\/12\/curso-t%C3%A9cnico.jpg?resize=250%2C166&amp;ssl=1 250w, https:\/\/i0.wp.com\/blogdoeloiltoncajuhy.com.br\/site\/wp-content\/uploads\/2018\/12\/curso-t%C3%A9cnico.jpg?w=1200&amp;ssl=1 1200w\" sizes=\"(max-width: 800px) 100vw, 800px\" \/><\/figure><\/div>\n\n\n\n<p>\u00c9 o que prev\u00ea projeto em tramita\u00e7\u00e3o na C\u00e2mara dos Deputados. A medida est\u00e1 inclu\u00edda na Meta 11 do Plano Nacional de Educa\u00e7\u00e3o (PNE &#8211; Lei 13.005\/14), que prev\u00ea <em>&#8220;Triplicar as matr\u00edculas da educa\u00e7\u00e3o profissional t\u00e9cnica de n\u00edvel m\u00e9dio, assegurando a qualidade da oferta e pelo menos 50 por cento da expans\u00e3o no segmento p\u00fablico&#8221;<\/em>.<\/p>\n\n\n\n<p>O autor do projeto, deputado Wilson Filho, do PTB da Para\u00edba, informou que estudo encomendado pelo Banco Mundial, e divulgado no in\u00edcio de 2016, mostrou que parte dos homens de 15 a 17 anos deixaram a escola para ingressar no mercado de trabalho.<\/p>\n\n\n\n<p>Para Wilson Filho, a amplia\u00e7\u00e3o das vagas no ensino t\u00e9cnico poderia incentivar os jovens a continuarem os seus estudos e a adquirirem habilidades para conquistar uma vaga no mercado formal.<\/p>\n\n\n\n<p>O relator da proposta na Comiss\u00e3o de Educa\u00e7\u00e3o, deputado Pedro Fernandes, do PTB do Maranh\u00e3o, tamb\u00e9m considera o ensino t\u00e9cnico articulado ao ensino m\u00e9dio como fundamental para garantir a qualifica\u00e7\u00e3o dos jovens e o desenvolvimento do pa\u00eds.<\/p>\n\n\n\n<p><em>&#8220;O importante \u00e9 que o Brasil hoje precisa de m\u00e3o-de-obra. E mais do que isso, as pessoas precisam estar qualificadas para o emprego. Cada dia mais o emprego se sofistica em termos de conhecimento. Ent\u00e3o \u00e9 importante que a gente d\u00ea uma profiss\u00e3o, e dentro dessa profiss\u00e3o alguns seguir\u00e3o para o ensino superior e outros ficar\u00e3o j\u00e1 com uma profiss\u00e3o. Essa \u00e9 a inten\u00e7\u00e3o maior do ensino t\u00e9cnico&#8221;<\/em>.<\/p>\n\n\n\n<p>A proposta j\u00e1 foi aprovada pela Comiss\u00e3o de Educa\u00e7\u00e3o e ser\u00e1 analisada pelas comiss\u00f5es de Finan\u00e7as e Tributa\u00e7\u00e3o e de Constitui\u00e7\u00e3o e Justi\u00e7a. Se for aprovada, pode seguir direto para o Senado Federal.<\/p>\n\n\n\n<p><strong><em>Reportagem &#8211; M\u00f4nica Thaty\/R\u00e1dio\u00a0C\u00e2mara<\/em><\/strong><\/p>\n","protected":false},"excerpt":{"rendered":"<p>Segundo o autor do projeto, deputado Wilson Filho, a amplia\u00e7\u00e3o das vagas na educa\u00e7\u00e3o profissional t\u00e9cnica poderia incentivar os jovens a continuarem os seus estudos e a adquirirem habilidades para conquistar uma vaga no mercado formal \u00c9 o que prev\u00ea projeto em tramita\u00e7\u00e3o na C\u00e2mara dos Deputados. A medida est\u00e1 inclu\u00edda na Meta 11 do [&hellip;]<\/p>\n","protected":false},"author":2,"featured_media":30369,"comment_status":"open","ping_status":"open","sticky":false,"template":"","format":"standard","meta":{"_acf_changed":false,"_monsterinsights_skip_tracking":false,"_monsterinsights_sitenote_active":false,"_monsterinsights_sitenote_note":"","_monsterinsights_sitenote_category":0,"_jetpack_memberships_contains_paid_content":false,"footnotes":"","jetpack_publicize_message":"","jetpack_publicize_feature_enabled":true,"jetpack_social_post_already_shared":true,"jetpack_social_options":{"image_generator_settings":{"template":"highway","default_image_id":0,"font":"","enabled":false},"version":2}},"categories":[14,1],"tags":[],"class_list":["post-30368","post","type-post","status-publish","format-standard","has-post-thumbnail","hentry","category-educacao","category-noticias"],"acf":[],"jetpack_publicize_connections":[],"jetpack_featured_media_url":"https:\/\/i0.wp.com\/blogdoeloiltoncajuhy.com.br\/site\/wp-content\/uploads\/2018\/12\/curso-t%C3%A9cnico.jpg?fit=1200%2C799&ssl=1","jetpack_sharing_enabled":true,"publishpress_future_workflow_manual_trigger":{"enabledWorkflows":[]},"_links":{"self":[{"href":"https:\/\/blogdoeloiltoncajuhy.com.br\/site\/wp-json\/wp\/v2\/posts\/30368","targetHints":{"allow":["GET"]}}],"collection":[{"href":"https:\/\/blogdoeloiltoncajuhy.com.br\/site\/wp-json\/wp\/v2\/posts"}],"about":[{"href":"https:\/\/blogdoeloiltoncajuhy.com.br\/site\/wp-json\/wp\/v2\/types\/post"}],"author":[{"embeddable":true,"href":"https:\/\/blogdoeloiltoncajuhy.com.br\/site\/wp-json\/wp\/v2\/users\/2"}],"replies":[{"embeddable":true,"href":"https:\/\/blogdoeloiltoncajuhy.com.br\/site\/wp-json\/wp\/v2\/comments?post=30368"}],"version-history":[{"count":1,"href":"https:\/\/blogdoeloiltoncajuhy.com.br\/site\/wp-json\/wp\/v2\/posts\/30368\/revisions"}],"predecessor-version":[{"id":30370,"href":"https:\/\/blogdoeloiltoncajuhy.com.br\/site\/wp-json\/wp\/v2\/posts\/30368\/revisions\/30370"}],"wp:featuredmedia":[{"embeddable":true,"href":"https:\/\/blogdoeloiltoncajuhy.com.br\/site\/wp-json\/wp\/v2\/media\/30369"}],"wp:attachment":[{"href":"https:\/\/blogdoeloiltoncajuhy.com.br\/site\/wp-json\/wp\/v2\/media?parent=30368"}],"wp:term":[{"taxonomy":"category","embeddable":true,"href":"https:\/\/blogdoeloiltoncajuhy.com.br\/site\/wp-json\/wp\/v2\/categories?post=30368"},{"taxonomy":"post_tag","embeddable":true,"href":"https:\/\/blogdoeloiltoncajuhy.com.br\/site\/wp-json\/wp\/v2\/tags?post=30368"}],"curies":[{"name":"wp","href":"https:\/\/api.w.org\/{rel}","templated":true}]}}