{"id":30365,"date":"2018-12-29T20:24:59","date_gmt":"2018-12-29T23:24:59","guid":{"rendered":"http:\/\/blogdoeloiltoncajuhy.com.br\/site\/?p=30365"},"modified":"2018-12-29T20:26:05","modified_gmt":"2018-12-29T23:26:05","slug":"bandeira-tarifaria-em-janeiro-sera-verde-sem-cobranca-de-tarifa-extra","status":"publish","type":"post","link":"https:\/\/blogdoeloiltoncajuhy.com.br\/site\/bandeira-tarifaria-em-janeiro-sera-verde-sem-cobranca-de-tarifa-extra\/","title":{"rendered":"Bandeira tarif\u00e1ria em janeiro ser\u00e1 verde, sem cobran\u00e7a de tarifa extra"},"content":{"rendered":"\n<div class=\"wp-block-image\"><figure class=\"alignright is-resized\"><img data-recalc-dims=\"1\" fetchpriority=\"high\" decoding=\"async\" src=\"https:\/\/i0.wp.com\/blogdoeloiltoncajuhy.com.br\/site\/wp-content\/uploads\/2015\/08\/Luz-e1517006074822.jpg?resize=394%2C326\" alt=\"\" class=\"wp-image-2724\" width=\"394\" height=\"326\"\/><\/figure><\/div>\n\n\n\n<p>A bandeira tarif\u00e1ria para janeiro de 2019 ser\u00e1 verde, sem custo adicional para os consumidores. <\/p>\n\n\n\n<p>Segundo a Ag\u00eancia Nacional de Energia El\u00e9trica (Aneel), a esta\u00e7\u00e3o chuvosa est\u00e1 propiciando eleva\u00e7\u00e3o da produ\u00e7\u00e3o de energia pelas usinas hidrel\u00e9tricas e do n\u00edvel dos reservat\u00f3rios. <\/p>\n\n\n\n<p>Em dezembro, a bandeira tarif\u00e1ria tamb\u00e9m foi verde.<\/p>\n\n\n\n<p>O sistema de bandeiras tarif\u00e1rias foi criado para sinalizar aos consumidores os custos reais da gera\u00e7\u00e3o de energia el\u00e9trica.<\/p>\n\n\n\n<p>A ado\u00e7\u00e3o de cada bandeira, nas cores verde (sem cobran\u00e7a extra), amarela e vermelha (patamar 1 e 2), est\u00e1 relacionada aos custos da gera\u00e7\u00e3o de energia el\u00e9trica.<\/p>\n\n\n\n<p>A Aneel alerta que, mesmo com a bandeira verde, \u00e9 importante manter as a\u00e7\u00f5es relacionadas ao uso consciente e combate ao desperd\u00edcio de energia el\u00e9trica.<\/p>\n\n\n\n<p><strong><em>Ag\u00eancia Brasil<\/em><\/strong><\/p>\n","protected":false},"excerpt":{"rendered":"<p>A bandeira tarif\u00e1ria para janeiro de 2019 ser\u00e1 verde, sem custo adicional para os consumidores. Segundo a Ag\u00eancia Nacional de Energia El\u00e9trica (Aneel), a esta\u00e7\u00e3o chuvosa est\u00e1 propiciando eleva\u00e7\u00e3o da produ\u00e7\u00e3o de energia pelas usinas hidrel\u00e9tricas e do n\u00edvel dos reservat\u00f3rios. Em dezembro, a bandeira tarif\u00e1ria tamb\u00e9m foi verde. O sistema de bandeiras tarif\u00e1rias foi [&hellip;]<\/p>\n","protected":false},"author":2,"featured_media":0,"comment_status":"open","ping_status":"open","sticky":false,"template":"","format":"standard","meta":{"_acf_changed":false,"_monsterinsights_skip_tracking":false,"_monsterinsights_sitenote_active":false,"_monsterinsights_sitenote_note":"","_monsterinsights_sitenote_category":0,"_jetpack_memberships_contains_paid_content":false,"footnotes":"","jetpack_publicize_message":"","jetpack_publicize_feature_enabled":true,"jetpack_social_post_already_shared":true,"jetpack_social_options":{"image_generator_settings":{"template":"highway","default_image_id":0,"font":"","enabled":false},"version":2}},"categories":[5,1],"tags":[],"class_list":["post-30365","post","type-post","status-publish","format-standard","hentry","category-cotidiano","category-noticias"],"acf":[],"jetpack_publicize_connections":[],"jetpack_featured_media_url":"","jetpack_sharing_enabled":true,"publishpress_future_workflow_manual_trigger":{"enabledWorkflows":[]},"_links":{"self":[{"href":"https:\/\/blogdoeloiltoncajuhy.com.br\/site\/wp-json\/wp\/v2\/posts\/30365","targetHints":{"allow":["GET"]}}],"collection":[{"href":"https:\/\/blogdoeloiltoncajuhy.com.br\/site\/wp-json\/wp\/v2\/posts"}],"about":[{"href":"https:\/\/blogdoeloiltoncajuhy.com.br\/site\/wp-json\/wp\/v2\/types\/post"}],"author":[{"embeddable":true,"href":"https:\/\/blogdoeloiltoncajuhy.com.br\/site\/wp-json\/wp\/v2\/users\/2"}],"replies":[{"embeddable":true,"href":"https:\/\/blogdoeloiltoncajuhy.com.br\/site\/wp-json\/wp\/v2\/comments?post=30365"}],"version-history":[{"count":2,"href":"https:\/\/blogdoeloiltoncajuhy.com.br\/site\/wp-json\/wp\/v2\/posts\/30365\/revisions"}],"predecessor-version":[{"id":30367,"href":"https:\/\/blogdoeloiltoncajuhy.com.br\/site\/wp-json\/wp\/v2\/posts\/30365\/revisions\/30367"}],"wp:attachment":[{"href":"https:\/\/blogdoeloiltoncajuhy.com.br\/site\/wp-json\/wp\/v2\/media?parent=30365"}],"wp:term":[{"taxonomy":"category","embeddable":true,"href":"https:\/\/blogdoeloiltoncajuhy.com.br\/site\/wp-json\/wp\/v2\/categories?post=30365"},{"taxonomy":"post_tag","embeddable":true,"href":"https:\/\/blogdoeloiltoncajuhy.com.br\/site\/wp-json\/wp\/v2\/tags?post=30365"}],"curies":[{"name":"wp","href":"https:\/\/api.w.org\/{rel}","templated":true}]}}