{"id":30361,"date":"2018-12-29T20:15:04","date_gmt":"2018-12-29T23:15:04","guid":{"rendered":"http:\/\/blogdoeloiltoncajuhy.com.br\/site\/?p=30361"},"modified":"2018-12-29T20:15:10","modified_gmt":"2018-12-29T23:15:10","slug":"bolsonaro-anuncia-decreto-para-facilitar-posse-de-arma-a-quem-nao-tem-antecedente-criminal","status":"publish","type":"post","link":"https:\/\/blogdoeloiltoncajuhy.com.br\/site\/bolsonaro-anuncia-decreto-para-facilitar-posse-de-arma-a-quem-nao-tem-antecedente-criminal\/","title":{"rendered":"Bolsonaro anuncia decreto para facilitar posse de arma a quem n\u00e3o tem antecedente criminal"},"content":{"rendered":"\n<h5 class=\"wp-block-heading\" style=\"text-align:center\"><em>Na campanha, ele defendeu regras mais simples para permitir a cidad\u00e3os ter arma em casa. Hoje, al\u00e9m de n\u00e3o ter antecedentes criminais, interessado precisa atender a outros requisitos<\/em><\/h5>\n\n\n\n<p><strong>Por G1<\/strong> \u2014 Bras\u00edlia<\/p>\n\n\n\n<div class=\"wp-block-image\"><figure class=\"aligncenter\"><img data-recalc-dims=\"1\" fetchpriority=\"high\" decoding=\"async\" width=\"800\" height=\"534\" src=\"https:\/\/i0.wp.com\/blogdoeloiltoncajuhy.com.br\/site\/wp-content\/uploads\/2018\/12\/jair-bolsonaro-20181205-001.jpg?resize=800%2C534\" alt=\"\" class=\"wp-image-30362\" srcset=\"https:\/\/i0.wp.com\/blogdoeloiltoncajuhy.com.br\/site\/wp-content\/uploads\/2018\/12\/jair-bolsonaro-20181205-001.jpg?resize=1024%2C683&amp;ssl=1 1024w, https:\/\/i0.wp.com\/blogdoeloiltoncajuhy.com.br\/site\/wp-content\/uploads\/2018\/12\/jair-bolsonaro-20181205-001.jpg?resize=300%2C200&amp;ssl=1 300w, https:\/\/i0.wp.com\/blogdoeloiltoncajuhy.com.br\/site\/wp-content\/uploads\/2018\/12\/jair-bolsonaro-20181205-001.jpg?resize=768%2C512&amp;ssl=1 768w, https:\/\/i0.wp.com\/blogdoeloiltoncajuhy.com.br\/site\/wp-content\/uploads\/2018\/12\/jair-bolsonaro-20181205-001.jpg?resize=250%2C167&amp;ssl=1 250w, https:\/\/i0.wp.com\/blogdoeloiltoncajuhy.com.br\/site\/wp-content\/uploads\/2018\/12\/jair-bolsonaro-20181205-001.jpg?w=1500&amp;ssl=1 1500w\" sizes=\"(max-width: 800px) 100vw, 800px\" \/><\/figure><\/div>\n\n\n\n<p>O presidente eleito, Jair Bolsonaro, escreveu neste s\u00e1bado (29) no Twitter que pretende garantir por meio de decreto a posse de armas de fogo a cidad\u00e3o sem antecedentes criminais.<\/p>\n\n\n\n<p>A posse d\u00e1 ao cidad\u00e3o o direito de manter a arma em casa. Para sair de casa com a arma, \u00e9 preciso ter autoriza\u00e7\u00e3o para o porte.<\/p>\n\n\n\n<p><em>&#8220;Por decreto pretendemos garantir a posse de arma de fogo para o cidad\u00e3o sem antecedentes criminais, bem como tornar seu registro definitivo&#8221;<\/em>, afirmou Bolsonaro.<\/p>\n\n\n\n<p>Em outra mensagem, publicada posteriormente, ele disse que <em>&#8220;outras formas de aperfei\u00e7oamento dependem tamb\u00e9m do Congresso Nacional&#8221;<\/em>.<\/p>\n\n\n\n<div class=\"wp-block-image\"><figure class=\"aligncenter\"><img data-recalc-dims=\"1\" decoding=\"async\" width=\"506\" height=\"326\" src=\"https:\/\/i0.wp.com\/blogdoeloiltoncajuhy.com.br\/site\/wp-content\/uploads\/2018\/12\/jair-bolsonaro-twiter.jpg?resize=506%2C326\" alt=\"\" class=\"wp-image-30363\" srcset=\"https:\/\/i0.wp.com\/blogdoeloiltoncajuhy.com.br\/site\/wp-content\/uploads\/2018\/12\/jair-bolsonaro-twiter.jpg?w=506&amp;ssl=1 506w, https:\/\/i0.wp.com\/blogdoeloiltoncajuhy.com.br\/site\/wp-content\/uploads\/2018\/12\/jair-bolsonaro-twiter.jpg?resize=300%2C193&amp;ssl=1 300w, https:\/\/i0.wp.com\/blogdoeloiltoncajuhy.com.br\/site\/wp-content\/uploads\/2018\/12\/jair-bolsonaro-twiter.jpg?resize=250%2C161&amp;ssl=1 250w\" sizes=\"(max-width: 506px) 100vw, 506px\" \/><\/figure><\/div>\n\n\n\n<p>Quando ainda era candidato, Bolsonaro afirmou em seu plano de governo que pretende reformular o Estatuto do Desarmamento.<\/p>\n\n\n\n<p>Em declara\u00e7\u00f5es p\u00fablicas, ele se disse a favor de facilitar a posse de armas de fogo para garantir o direito \u00e0 leg\u00edtima defesa para quem chama de <em>\u201ccidad\u00e3o de bem\u201d<\/em>. Mas n\u00e3o especificou no plano de governo ou em suas falas quais mudan\u00e7as pretende fazer no Estatuto.<\/p>\n\n\n\n<p>No Twitter, Bolsonaro n\u00e3o deu detalhes sobre o decreto. Em falas anteriores nas redes sociais, o presidente eleito j\u00e1 havia defendido que o <em>&#8220;cidad\u00e3o de bem&#8221;<\/em> possa, <em>&#8220;com algumas poucas exig\u00eancias&#8221;<\/em>, ter arma em casa.<\/p>\n\n\n\n<p>Atualmente, o Estatuto do Desarmamento permite a compra e, em condi\u00e7\u00f5es mais restritas, o porte de armas. As autoriza\u00e7\u00f5es s\u00e3o concedidas pela Pol\u00edcia Federal. <\/p>\n\n\n\n<p class=\"has-medium-font-size\"><strong>As exig\u00eancias para compra (posse) s\u00e3o as seguintes:<\/strong><\/p>\n\n\n\n<ul class=\"wp-block-list\"><li><em>Ter ao menos 25 anos<br><\/em><\/li><\/ul>\n\n\n\n<ul class=\"wp-block-list\"><li><em>Ter ocupa\u00e7\u00e3o l\u00edcita<br><\/em><\/li><\/ul>\n\n\n\n<ul class=\"wp-block-list\"><li><em>Justificar a &#8220;efetiva necessidade&#8221; de ter uma arma<br><\/em><\/li><\/ul>\n\n\n\n<ul class=\"wp-block-list\"><li><em>N\u00e3o estar respondendo a inqu\u00e9rito policial ou processo criminal<br><\/em><\/li><\/ul>\n\n\n\n<ul class=\"wp-block-list\"><li><em>N\u00e3o ter antecedentes criminais nas justi\u00e7as Federal, Estadual (incluindo juizados), Militar e Eleitoral<br><\/em><\/li><\/ul>\n\n\n\n<ul class=\"wp-block-list\"><li><em>Comprovar aptid\u00e3o psicol\u00f3gica e t\u00e9cnica para usar arma de fogo<br><\/em><\/li><\/ul>\n\n\n\n<ul class=\"wp-block-list\"><li><em>Apresentar foto 3 x 4, c\u00f3pias autenticadas ou original e c\u00f3pia de RG e CPF, e comprovante de resid\u00eancia<br><\/em><\/li><\/ul>\n\n\n\n<p>Al\u00e9m disso, o Estatuto do Desarmamento prev\u00ea que a comprova\u00e7\u00e3o de antecedentes criminais, inqu\u00e9ritos e processos, de atividade l\u00edcita e de capacidade t\u00e9cnica e psicol\u00f3gica seja feita periodicamente em <em>&#8220;per\u00edodo n\u00e3o inferior a 5 anos&#8221;<\/em>.<\/p>\n","protected":false},"excerpt":{"rendered":"<p>Na campanha, ele defendeu regras mais simples para permitir a cidad\u00e3os ter arma em casa. Hoje, al\u00e9m de n\u00e3o ter antecedentes criminais, interessado precisa atender a outros requisitos Por G1 \u2014 Bras\u00edlia O presidente eleito, Jair Bolsonaro, escreveu neste s\u00e1bado (29) no Twitter que pretende garantir por meio de decreto a posse de armas de [&hellip;]<\/p>\n","protected":false},"author":2,"featured_media":30363,"comment_status":"open","ping_status":"open","sticky":false,"template":"","format":"standard","meta":{"_acf_changed":false,"_monsterinsights_skip_tracking":false,"_monsterinsights_sitenote_active":false,"_monsterinsights_sitenote_note":"","_monsterinsights_sitenote_category":0,"_jetpack_memberships_contains_paid_content":false,"footnotes":"","jetpack_publicize_message":"","jetpack_publicize_feature_enabled":true,"jetpack_social_post_already_shared":true,"jetpack_social_options":{"image_generator_settings":{"template":"highway","default_image_id":0,"font":"","enabled":false},"version":2}},"categories":[1,3],"tags":[],"class_list":["post-30361","post","type-post","status-publish","format-standard","has-post-thumbnail","hentry","category-noticias","category-politica"],"acf":[],"jetpack_publicize_connections":[],"jetpack_featured_media_url":"https:\/\/i0.wp.com\/blogdoeloiltoncajuhy.com.br\/site\/wp-content\/uploads\/2018\/12\/jair-bolsonaro-twiter.jpg?fit=506%2C326&ssl=1","jetpack_sharing_enabled":true,"publishpress_future_workflow_manual_trigger":{"enabledWorkflows":[]},"_links":{"self":[{"href":"https:\/\/blogdoeloiltoncajuhy.com.br\/site\/wp-json\/wp\/v2\/posts\/30361","targetHints":{"allow":["GET"]}}],"collection":[{"href":"https:\/\/blogdoeloiltoncajuhy.com.br\/site\/wp-json\/wp\/v2\/posts"}],"about":[{"href":"https:\/\/blogdoeloiltoncajuhy.com.br\/site\/wp-json\/wp\/v2\/types\/post"}],"author":[{"embeddable":true,"href":"https:\/\/blogdoeloiltoncajuhy.com.br\/site\/wp-json\/wp\/v2\/users\/2"}],"replies":[{"embeddable":true,"href":"https:\/\/blogdoeloiltoncajuhy.com.br\/site\/wp-json\/wp\/v2\/comments?post=30361"}],"version-history":[{"count":1,"href":"https:\/\/blogdoeloiltoncajuhy.com.br\/site\/wp-json\/wp\/v2\/posts\/30361\/revisions"}],"predecessor-version":[{"id":30364,"href":"https:\/\/blogdoeloiltoncajuhy.com.br\/site\/wp-json\/wp\/v2\/posts\/30361\/revisions\/30364"}],"wp:featuredmedia":[{"embeddable":true,"href":"https:\/\/blogdoeloiltoncajuhy.com.br\/site\/wp-json\/wp\/v2\/media\/30363"}],"wp:attachment":[{"href":"https:\/\/blogdoeloiltoncajuhy.com.br\/site\/wp-json\/wp\/v2\/media?parent=30361"}],"wp:term":[{"taxonomy":"category","embeddable":true,"href":"https:\/\/blogdoeloiltoncajuhy.com.br\/site\/wp-json\/wp\/v2\/categories?post=30361"},{"taxonomy":"post_tag","embeddable":true,"href":"https:\/\/blogdoeloiltoncajuhy.com.br\/site\/wp-json\/wp\/v2\/tags?post=30361"}],"curies":[{"name":"wp","href":"https:\/\/api.w.org\/{rel}","templated":true}]}}