{"id":30350,"date":"2018-12-29T10:24:36","date_gmt":"2018-12-29T13:24:36","guid":{"rendered":"http:\/\/blogdoeloiltoncajuhy.com.br\/site\/?p=30350"},"modified":"2018-12-29T10:24:42","modified_gmt":"2018-12-29T13:24:42","slug":"prefeito-carlos-brasileiro-inaugura-quatro-obras-de-pavimentacao-em-umburana","status":"publish","type":"post","link":"https:\/\/blogdoeloiltoncajuhy.com.br\/site\/prefeito-carlos-brasileiro-inaugura-quatro-obras-de-pavimentacao-em-umburana\/","title":{"rendered":"Prefeito Carlos Brasileiro inaugura quatro obras de pavimenta\u00e7\u00e3o em Umburana"},"content":{"rendered":"\n<div class=\"wp-block-image\"><figure class=\"alignright is-resized\"><img data-recalc-dims=\"1\" fetchpriority=\"high\" decoding=\"async\" src=\"https:\/\/i0.wp.com\/blogdoeloiltoncajuhy.com.br\/site\/wp-content\/uploads\/2018\/12\/PMSB_ruas-umburana.jpg?resize=480%2C320\" alt=\"\" class=\"wp-image-30351\" width=\"480\" height=\"320\" srcset=\"https:\/\/i0.wp.com\/blogdoeloiltoncajuhy.com.br\/site\/wp-content\/uploads\/2018\/12\/PMSB_ruas-umburana.jpg?w=960&amp;ssl=1 960w, https:\/\/i0.wp.com\/blogdoeloiltoncajuhy.com.br\/site\/wp-content\/uploads\/2018\/12\/PMSB_ruas-umburana.jpg?resize=300%2C200&amp;ssl=1 300w, https:\/\/i0.wp.com\/blogdoeloiltoncajuhy.com.br\/site\/wp-content\/uploads\/2018\/12\/PMSB_ruas-umburana.jpg?resize=768%2C512&amp;ssl=1 768w, https:\/\/i0.wp.com\/blogdoeloiltoncajuhy.com.br\/site\/wp-content\/uploads\/2018\/12\/PMSB_ruas-umburana.jpg?resize=250%2C167&amp;ssl=1 250w\" sizes=\"(max-width: 480px) 100vw, 480px\" \/><\/figure><\/div>\n\n\n\n<p>Na \u00faltima quinta-feira, dia 27, o prefeito de Senhor do Bonfim fez a entrega de mais quatro obras de pavimenta\u00e7\u00e3o do programa Bonfim em Desenvolvimento. O cal\u00e7amento foi inaugurado no povoado de Umburana. A a\u00e7\u00e3o do governo Terra do Bom Come\u00e7o contemplou os seguintes logradouros: Rua do Col\u00e9gio, Rua Cecilia Meireles, Rua Bartolomeu Dias e Rua Arist\u00f3teles.<\/p>\n\n\n\n<p>A obra teve indica\u00e7\u00e3o do vereador Dr Jorginho e \u00e9 resultado de recursos oriundos de emenda do deputado estadual Adolfo Menezes. A EFFES engenharia foi a empresa respons\u00e1vel pela execu\u00e7\u00e3o dos servi\u00e7os. O valor aplicado para calcar as quatro ruas foi de R$ 131 mil.<br><\/p>\n\n\n\n<p>Para o Prefeito Municipal, cada obra inaugurada significa cumprir com a obriga\u00e7\u00e3o e o compromisso de atender as principais prioridades da popula\u00e7\u00e3o.<\/p>\n\n\n\n<p><em>\u201cFoi uma imensa satisfa\u00e7\u00e3o atender esta reivindica\u00e7\u00e3o dos moradores de Umburana e proporcionar mais qualidade, conforto e seguran\u00e7a aos motoristas e pedestres que trafegam pelas vias p\u00fablicas. Hoje \u00e9 uma noite de alegria e motivo de comemora\u00e7\u00e3o para todos n\u00f3s\u201d<\/em>, disse o prefeito Carlos Brasileiro durante inaugura\u00e7\u00e3o.<\/p>\n\n\n\n<p>O morador Jo\u00e3o Evangelista Gon\u00e7alves foi um dos que comemorou a comodidade proporcionada pelas ruas pavimentadas. <em>\u201cAntes t\u00ednhamos que conviver com a poeira em dias de sol e com a lama em dias de chuva. A rua ficou 100% melhor. Estamos muito felizes\u201d<\/em>, declarou.<\/p>\n\n\n\n<p>Al\u00e9m do  Prefeito Carlos Brasileiro, o vice-prefeito Jos\u00e9 Ant\u00f4nio, vereadores, secret\u00e1rios municipais, servidores p\u00fablicos, lideran\u00e7as locais e demais moradores  da comunidade participaram da  solenidade de inaugura\u00e7\u00e3o.<\/p>\n\n\n\n<p>Dando continuidade \u00e0 s\u00e9rie de inaugura\u00e7\u00f5es, o prefeito inaugurou nesta sexta-feira, 28, a reforma e cobertura da quadra Jos\u00e9 Martins da Silva, no distrito de Igara. Com est\u00e1 a\u00e7\u00e3o o governo do prefeito Carlos Brasileiro chega a marca de 41 obras constru\u00eddas e entregues a popula\u00e7\u00e3o em menos de dois anos.<\/p>\n\n\n\n<p><strong><em>ASCOM &#8211; Prefeitura Municipal de Senhor do Bonfim &#8211; BA<\/em><\/strong><\/p>\n","protected":false},"excerpt":{"rendered":"<p>Na \u00faltima quinta-feira, dia 27, o prefeito de Senhor do Bonfim fez a entrega de mais quatro obras de pavimenta\u00e7\u00e3o do programa Bonfim em Desenvolvimento. O cal\u00e7amento foi inaugurado no povoado de Umburana. A a\u00e7\u00e3o do governo Terra do Bom Come\u00e7o contemplou os seguintes logradouros: Rua do Col\u00e9gio, Rua Cecilia Meireles, Rua Bartolomeu Dias e [&hellip;]<\/p>\n","protected":false},"author":2,"featured_media":30351,"comment_status":"open","ping_status":"open","sticky":false,"template":"","format":"standard","meta":{"_acf_changed":false,"_monsterinsights_skip_tracking":false,"_monsterinsights_sitenote_active":false,"_monsterinsights_sitenote_note":"","_monsterinsights_sitenote_category":0,"_jetpack_memberships_contains_paid_content":false,"footnotes":"","jetpack_publicize_message":"","jetpack_publicize_feature_enabled":true,"jetpack_social_post_already_shared":true,"jetpack_social_options":{"image_generator_settings":{"template":"highway","default_image_id":0,"font":"","enabled":false},"version":2}},"categories":[1,3,4],"tags":[],"class_list":["post-30350","post","type-post","status-publish","format-standard","has-post-thumbnail","hentry","category-noticias","category-politica","category-local"],"acf":[],"jetpack_publicize_connections":[],"jetpack_featured_media_url":"https:\/\/i0.wp.com\/blogdoeloiltoncajuhy.com.br\/site\/wp-content\/uploads\/2018\/12\/PMSB_ruas-umburana.jpg?fit=960%2C640&ssl=1","jetpack_sharing_enabled":true,"publishpress_future_workflow_manual_trigger":{"enabledWorkflows":[]},"_links":{"self":[{"href":"https:\/\/blogdoeloiltoncajuhy.com.br\/site\/wp-json\/wp\/v2\/posts\/30350","targetHints":{"allow":["GET"]}}],"collection":[{"href":"https:\/\/blogdoeloiltoncajuhy.com.br\/site\/wp-json\/wp\/v2\/posts"}],"about":[{"href":"https:\/\/blogdoeloiltoncajuhy.com.br\/site\/wp-json\/wp\/v2\/types\/post"}],"author":[{"embeddable":true,"href":"https:\/\/blogdoeloiltoncajuhy.com.br\/site\/wp-json\/wp\/v2\/users\/2"}],"replies":[{"embeddable":true,"href":"https:\/\/blogdoeloiltoncajuhy.com.br\/site\/wp-json\/wp\/v2\/comments?post=30350"}],"version-history":[{"count":1,"href":"https:\/\/blogdoeloiltoncajuhy.com.br\/site\/wp-json\/wp\/v2\/posts\/30350\/revisions"}],"predecessor-version":[{"id":30352,"href":"https:\/\/blogdoeloiltoncajuhy.com.br\/site\/wp-json\/wp\/v2\/posts\/30350\/revisions\/30352"}],"wp:featuredmedia":[{"embeddable":true,"href":"https:\/\/blogdoeloiltoncajuhy.com.br\/site\/wp-json\/wp\/v2\/media\/30351"}],"wp:attachment":[{"href":"https:\/\/blogdoeloiltoncajuhy.com.br\/site\/wp-json\/wp\/v2\/media?parent=30350"}],"wp:term":[{"taxonomy":"category","embeddable":true,"href":"https:\/\/blogdoeloiltoncajuhy.com.br\/site\/wp-json\/wp\/v2\/categories?post=30350"},{"taxonomy":"post_tag","embeddable":true,"href":"https:\/\/blogdoeloiltoncajuhy.com.br\/site\/wp-json\/wp\/v2\/tags?post=30350"}],"curies":[{"name":"wp","href":"https:\/\/api.w.org\/{rel}","templated":true}]}}