{"id":30343,"date":"2018-12-29T09:45:05","date_gmt":"2018-12-29T12:45:05","guid":{"rendered":"http:\/\/blogdoeloiltoncajuhy.com.br\/site\/?p=30343"},"modified":"2018-12-29T09:45:11","modified_gmt":"2018-12-29T12:45:11","slug":"estado-antecipa-r-2979-milhoes-do-icms-aos-417-municipios-baianos","status":"publish","type":"post","link":"https:\/\/blogdoeloiltoncajuhy.com.br\/site\/estado-antecipa-r-2979-milhoes-do-icms-aos-417-municipios-baianos\/","title":{"rendered":"Estado antecipa R$ 297,9 milh\u00f5es do ICMS aos 417 munic\u00edpios baianos"},"content":{"rendered":"\n<div class=\"wp-block-image\"><figure class=\"aligncenter\"><img data-recalc-dims=\"1\" fetchpriority=\"high\" decoding=\"async\" width=\"780\" height=\"405\" src=\"https:\/\/i0.wp.com\/blogdoeloiltoncajuhy.com.br\/site\/wp-content\/uploads\/2018\/12\/Sede-da-Secretaria-da-Fazenda-do-Estado-da-Bahia-em-Salvador.jpg?resize=780%2C405\" alt=\"\" class=\"wp-image-30344\" srcset=\"https:\/\/i0.wp.com\/blogdoeloiltoncajuhy.com.br\/site\/wp-content\/uploads\/2018\/12\/Sede-da-Secretaria-da-Fazenda-do-Estado-da-Bahia-em-Salvador.jpg?w=780&amp;ssl=1 780w, https:\/\/i0.wp.com\/blogdoeloiltoncajuhy.com.br\/site\/wp-content\/uploads\/2018\/12\/Sede-da-Secretaria-da-Fazenda-do-Estado-da-Bahia-em-Salvador.jpg?resize=300%2C156&amp;ssl=1 300w, https:\/\/i0.wp.com\/blogdoeloiltoncajuhy.com.br\/site\/wp-content\/uploads\/2018\/12\/Sede-da-Secretaria-da-Fazenda-do-Estado-da-Bahia-em-Salvador.jpg?resize=768%2C399&amp;ssl=1 768w, https:\/\/i0.wp.com\/blogdoeloiltoncajuhy.com.br\/site\/wp-content\/uploads\/2018\/12\/Sede-da-Secretaria-da-Fazenda-do-Estado-da-Bahia-em-Salvador.jpg?resize=250%2C130&amp;ssl=1 250w\" sizes=\"(max-width: 780px) 100vw, 780px\" \/><figcaption><em>Pr\u00e9dio da Secretaria da Fazenda do Estado da Bahia (Foto: Mateus Pereira\/Secom)<\/em><\/figcaption><\/figure><\/div>\n\n\n\n<p>O Governo do Estado antecipou, nesta sexta-feira (28), aos 417 munic\u00edpios baianos, R$ 297,9 milh\u00f5es de arrecada\u00e7\u00e3o do ICMS que, de acordo com o calend\u00e1rio das transfer\u00eancias constitucionais, s\u00f3 seriam repassados em janeiro.<\/p>\n\n\n\n<p>O governo tamb\u00e9m antecipou aos munic\u00edpios o aporte de R$ 180,4 milh\u00f5es ao Fundo de Manuten\u00e7\u00e3o e Desenvolvimento da Educa\u00e7\u00e3o B\u00e1sica e de Valoriza\u00e7\u00e3o dos Profissionais da Educa\u00e7\u00e3o (Fundeb), com recursos provenientes dos tr\u00eas impostos estaduais (ICMS, IPVA e ITD).<\/p>\n\n\n\n<p>A antecipa\u00e7\u00e3o total de R$ 478,3 milh\u00f5es foi poss\u00edvel ap\u00f3s entendimento do Estado com o Banco do Brasil, e diz respeito \u00e0 arrecada\u00e7\u00e3o estadual entre os dias 22 e 27 de dezembro. Em 2 de janeiro ser\u00e3o repassadas as cotas relativas \u00e0 arrecada\u00e7\u00e3o dos impostos estaduais no dia 28 de dezembro, \u00faltimo com expediente banc\u00e1rio em 2018.<\/p>\n\n\n\n<p>A antecipa\u00e7\u00e3o foi anunciada no \u00faltimo dia 19 pelo governador Rui Costa em atendimento a uma solicita\u00e7\u00e3o da Uni\u00e3o dos Munic\u00edpios da Bahia (UPB), para que as prefeituras pudessem contar assim com novos recursos para o fechamento das contas de 2018.<\/p>\n\n\n\n<p class=\"has-medium-font-size\"><strong>Munic\u00edpios<\/strong><\/p>\n\n\n\n<p>Entre os grandes munic\u00edpios do Estado, coube a Salvador o maior volume do ICMS antecipado: R$ 40,3 milh\u00f5es. Outros repasses significativos contemplaram Cama\u00e7ari (R$ 24,1 milh\u00f5es), S\u00e3o Francisco do Conde (R$ 20,8 milh\u00f5es), Feira de Santana (R$ 12,9 milh\u00f5es), Paulo Afonso (R$ 7,8 milh\u00f5es) e Sim\u00f5es Filho (R$ 7,7 milh\u00f5es).<\/p>\n\n\n\n<p><em>\u201cAo antecipar quase meio bilh\u00e3o de reais, o Estado refor\u00e7a o caixa dos munic\u00edpios na virada de ano. Sob a orienta\u00e7\u00e3o do governador Rui Costa, este esfor\u00e7o leva em conta o dif\u00edcil cen\u00e1rio econ\u00f4mico, que vem desafiando todas as esferas da administra\u00e7\u00e3o p\u00fablica\u201d<\/em>, afirma o secret\u00e1rio da Fazenda do Estado, Manoel Vit\u00f3rio.<\/p>\n\n\n\n<p>O secret\u00e1rio ressalta o grande esfor\u00e7o do fisco estadual para manter o ritmo da arrecada\u00e7\u00e3o dos impostos estaduais, mesmo com a persist\u00eancia da crise econ\u00f4mica. <\/p>\n\n\n\n<p><strong><em>Fonte: Ascom\/Sefaz<\/em><\/strong><\/p>\n","protected":false},"excerpt":{"rendered":"<p>O Governo do Estado antecipou, nesta sexta-feira (28), aos 417 munic\u00edpios baianos, R$ 297,9 milh\u00f5es de arrecada\u00e7\u00e3o do ICMS que, de acordo com o calend\u00e1rio das transfer\u00eancias constitucionais, s\u00f3 seriam repassados em janeiro. O governo tamb\u00e9m antecipou aos munic\u00edpios o aporte de R$ 180,4 milh\u00f5es ao Fundo de Manuten\u00e7\u00e3o e Desenvolvimento da Educa\u00e7\u00e3o B\u00e1sica e [&hellip;]<\/p>\n","protected":false},"author":2,"featured_media":30344,"comment_status":"open","ping_status":"open","sticky":false,"template":"","format":"standard","meta":{"_acf_changed":false,"_monsterinsights_skip_tracking":false,"_monsterinsights_sitenote_active":false,"_monsterinsights_sitenote_note":"","_monsterinsights_sitenote_category":0,"_jetpack_memberships_contains_paid_content":false,"footnotes":"","jetpack_publicize_message":"","jetpack_publicize_feature_enabled":true,"jetpack_social_post_already_shared":true,"jetpack_social_options":{"image_generator_settings":{"template":"highway","default_image_id":0,"font":"","enabled":false},"version":2}},"categories":[1,3],"tags":[],"class_list":["post-30343","post","type-post","status-publish","format-standard","has-post-thumbnail","hentry","category-noticias","category-politica"],"acf":[],"jetpack_publicize_connections":[],"jetpack_featured_media_url":"https:\/\/i0.wp.com\/blogdoeloiltoncajuhy.com.br\/site\/wp-content\/uploads\/2018\/12\/Sede-da-Secretaria-da-Fazenda-do-Estado-da-Bahia-em-Salvador.jpg?fit=780%2C405&ssl=1","jetpack_sharing_enabled":true,"publishpress_future_workflow_manual_trigger":{"enabledWorkflows":[]},"_links":{"self":[{"href":"https:\/\/blogdoeloiltoncajuhy.com.br\/site\/wp-json\/wp\/v2\/posts\/30343","targetHints":{"allow":["GET"]}}],"collection":[{"href":"https:\/\/blogdoeloiltoncajuhy.com.br\/site\/wp-json\/wp\/v2\/posts"}],"about":[{"href":"https:\/\/blogdoeloiltoncajuhy.com.br\/site\/wp-json\/wp\/v2\/types\/post"}],"author":[{"embeddable":true,"href":"https:\/\/blogdoeloiltoncajuhy.com.br\/site\/wp-json\/wp\/v2\/users\/2"}],"replies":[{"embeddable":true,"href":"https:\/\/blogdoeloiltoncajuhy.com.br\/site\/wp-json\/wp\/v2\/comments?post=30343"}],"version-history":[{"count":1,"href":"https:\/\/blogdoeloiltoncajuhy.com.br\/site\/wp-json\/wp\/v2\/posts\/30343\/revisions"}],"predecessor-version":[{"id":30345,"href":"https:\/\/blogdoeloiltoncajuhy.com.br\/site\/wp-json\/wp\/v2\/posts\/30343\/revisions\/30345"}],"wp:featuredmedia":[{"embeddable":true,"href":"https:\/\/blogdoeloiltoncajuhy.com.br\/site\/wp-json\/wp\/v2\/media\/30344"}],"wp:attachment":[{"href":"https:\/\/blogdoeloiltoncajuhy.com.br\/site\/wp-json\/wp\/v2\/media?parent=30343"}],"wp:term":[{"taxonomy":"category","embeddable":true,"href":"https:\/\/blogdoeloiltoncajuhy.com.br\/site\/wp-json\/wp\/v2\/categories?post=30343"},{"taxonomy":"post_tag","embeddable":true,"href":"https:\/\/blogdoeloiltoncajuhy.com.br\/site\/wp-json\/wp\/v2\/tags?post=30343"}],"curies":[{"name":"wp","href":"https:\/\/api.w.org\/{rel}","templated":true}]}}