{"id":30341,"date":"2018-12-29T09:05:25","date_gmt":"2018-12-29T12:05:25","guid":{"rendered":"http:\/\/blogdoeloiltoncajuhy.com.br\/site\/?p=30341"},"modified":"2018-12-29T09:05:31","modified_gmt":"2018-12-29T12:05:31","slug":"baianos-terao-menos-feriados-em-dias-uteis-em-2019-veja-lista","status":"publish","type":"post","link":"https:\/\/blogdoeloiltoncajuhy.com.br\/site\/baianos-terao-menos-feriados-em-dias-uteis-em-2019-veja-lista\/","title":{"rendered":"Baianos ter\u00e3o menos feriados em dias \u00fateis em 2019; veja lista"},"content":{"rendered":"\n<div class=\"wp-block-image\"><figure class=\"aligncenter is-resized\"><img data-recalc-dims=\"1\" fetchpriority=\"high\" decoding=\"async\" src=\"https:\/\/i0.wp.com\/blogdoeloiltoncajuhy.com.br\/site\/wp-content\/uploads\/2015\/05\/Bonfim.jpg?resize=480%2C360\" alt=\"\" class=\"wp-image-986\" width=\"480\" height=\"360\" srcset=\"https:\/\/i0.wp.com\/blogdoeloiltoncajuhy.com.br\/site\/wp-content\/uploads\/2015\/05\/Bonfim.jpg?w=480&amp;ssl=1 480w, https:\/\/i0.wp.com\/blogdoeloiltoncajuhy.com.br\/site\/wp-content\/uploads\/2015\/05\/Bonfim.jpg?resize=300%2C225&amp;ssl=1 300w, https:\/\/i0.wp.com\/blogdoeloiltoncajuhy.com.br\/site\/wp-content\/uploads\/2015\/05\/Bonfim.jpg?resize=250%2C188&amp;ssl=1 250w\" sizes=\"(max-width: 480px) 100vw, 480px\" \/><\/figure><\/div>\n\n\n\n<p>O ano de 2019 ter\u00e1 menos feriados em dias \u00fateis do que 2018. O Minist\u00e9rio do Planejamento publicou nesta sexta-feira (28), no Di\u00e1rio Oficial da Uni\u00e3o, o calend\u00e1rio dos feriados e pontos facultativos da administra\u00e7\u00e3o federal em 2019. No novo ano quatro feriados nacionais v\u00e3o cair em finais de semana: Tiradentes ser\u00e1 em um domingo, Independ\u00eancia do Brasil em um s\u00e1bado, assim como Dia de Nossa Senhora da Aparecida e Finados.<\/p>\n\n\n\n<p>Os feriados nacionais que v\u00e3o cair em dias \u00fateis ser\u00e3o 1\u00ba de janeiro, em uma ter\u00e7a; 19 de abril, a Sexta-feira Santa; 1\u00ba de maio, o Dia Mundial do Trabalho, ser\u00e1 em uma quarta e o 15 de novembro, Proclama\u00e7\u00e3o da Rep\u00fablica, sexta-feira.<\/p>\n\n\n\n<p>A Bahia tem outros tr\u00eas dias de folga definidos pela Constitui\u00e7\u00e3o do estado. O Carnaval cair\u00e1 no dia 05 de mar\u00e7o, uma ter\u00e7a-feira \u2013 no Brasil, a ter\u00e7a, assim como a segunda (04) de Carnaval e a Quarta-Feira de Cinzas (06) ser\u00e3o pontos facultativos, mas na Bahia a ter\u00e7a \u00e9 definida como feriado. O dia de S\u00e3o Jo\u00e3o, 24 de junho, vai cair em uma segunda-feira. Enquanto o feriado de Independ\u00eancia da Bahia, no dia 02 de julho, ser\u00e1 em uma ter\u00e7a-feira em 2019.<\/p>\n\n\n\n<p><strong>Confira a lista dos feriados de 2019:<\/strong><\/p>\n\n\n\n<p>1\u00ba de janeiro (ter\u00e7a), Confraterniza\u00e7\u00e3o Universal (feriado nacional);<\/p>\n\n\n\n<p>04 de mar\u00e7o (segunda), Carnaval (ponto facultativo);<\/p>\n\n\n\n<p>05 de mar\u00e7o (ter\u00e7a), Carnaval (feriado na Bahia);<\/p>\n\n\n\n<p>06 de mar\u00e7o, quarta-feira de cinzas (ponto facultativo);<\/p>\n\n\n\n<p>19 de abril (sexta), Paix\u00e3o de Cristo (feriado nacional);<\/p>\n\n\n\n<p>21 de abril (domingo), Tiradentes (feriado nacional);<\/p>\n\n\n\n<p>1\u00ba de maio (quarta), Dia Mundial do Trabalho (feriado nacional);<\/p>\n\n\n\n<p>20 de junho (quinta), Corpus Christi (ponto facultativo);<\/p>\n\n\n\n<p>24 de junho (segunda), S\u00e3o Jo\u00e3o (feriado na Bahia);<\/p>\n\n\n\n<p>02 de julho (ter\u00e7a), Independ\u00eancia da Bahia (feriado na Bahia);<\/p>\n\n\n\n<p>07 de setembro (s\u00e1bado), Independ\u00eancia do Brasil (feriado nacional);<\/p>\n\n\n\n<p>12 de outubro (s\u00e1bado), Nossa Senhora Aparecida (feriado nacional);<\/p>\n\n\n\n<p>28 de outubro (segunda), Dia do Servidor P\u00fablico (ponto facultativo);<\/p>\n\n\n\n<p>02 de novembro (s\u00e1bado), Finados (feriado nacional);<\/p>\n\n\n\n<p>15 de novembro (sexta), Proclama\u00e7\u00e3o da Rep\u00fablica (feriado nacional);<\/p>\n\n\n\n<p>08 de dezembro (domingo), Dia de Nossa Senhora da Concei\u00e7\u00e3o da Praia (feriado em Salvador);<\/p>\n\n\n\n<p>24 de dezembro (ter\u00e7a), v\u00e9spera de natal (ponto facultativo ap\u00f3s \u00e0s 14 horas);<\/p>\n\n\n\n<p>25 de dezembro (quarta), Natal (feriado nacional); e<\/p>\n\n\n\n<p>31 de dezembro (ter\u00e7a), v\u00e9spera de ano novo (ponto facultativo ap\u00f3s \u00e0s 14 horas).<\/p>\n\n\n\n<p><strong><em>Bahia Not\u00edcias<\/em><\/strong><\/p>\n","protected":false},"excerpt":{"rendered":"<p>O ano de 2019 ter\u00e1 menos feriados em dias \u00fateis do que 2018. O Minist\u00e9rio do Planejamento publicou nesta sexta-feira (28), no Di\u00e1rio Oficial da Uni\u00e3o, o calend\u00e1rio dos feriados e pontos facultativos da administra\u00e7\u00e3o federal em 2019. No novo ano quatro feriados nacionais v\u00e3o cair em finais de semana: Tiradentes ser\u00e1 em um domingo, [&hellip;]<\/p>\n","protected":false},"author":2,"featured_media":0,"comment_status":"open","ping_status":"open","sticky":false,"template":"","format":"standard","meta":{"_acf_changed":false,"_monsterinsights_skip_tracking":false,"_monsterinsights_sitenote_active":false,"_monsterinsights_sitenote_note":"","_monsterinsights_sitenote_category":0,"_jetpack_memberships_contains_paid_content":false,"footnotes":"","jetpack_publicize_message":"","jetpack_publicize_feature_enabled":true,"jetpack_social_post_already_shared":true,"jetpack_social_options":{"image_generator_settings":{"template":"highway","default_image_id":0,"font":"","enabled":false},"version":2}},"categories":[5,1],"tags":[],"class_list":["post-30341","post","type-post","status-publish","format-standard","hentry","category-cotidiano","category-noticias"],"acf":[],"jetpack_publicize_connections":[],"jetpack_featured_media_url":"","jetpack_sharing_enabled":true,"publishpress_future_workflow_manual_trigger":{"enabledWorkflows":[]},"_links":{"self":[{"href":"https:\/\/blogdoeloiltoncajuhy.com.br\/site\/wp-json\/wp\/v2\/posts\/30341","targetHints":{"allow":["GET"]}}],"collection":[{"href":"https:\/\/blogdoeloiltoncajuhy.com.br\/site\/wp-json\/wp\/v2\/posts"}],"about":[{"href":"https:\/\/blogdoeloiltoncajuhy.com.br\/site\/wp-json\/wp\/v2\/types\/post"}],"author":[{"embeddable":true,"href":"https:\/\/blogdoeloiltoncajuhy.com.br\/site\/wp-json\/wp\/v2\/users\/2"}],"replies":[{"embeddable":true,"href":"https:\/\/blogdoeloiltoncajuhy.com.br\/site\/wp-json\/wp\/v2\/comments?post=30341"}],"version-history":[{"count":1,"href":"https:\/\/blogdoeloiltoncajuhy.com.br\/site\/wp-json\/wp\/v2\/posts\/30341\/revisions"}],"predecessor-version":[{"id":30342,"href":"https:\/\/blogdoeloiltoncajuhy.com.br\/site\/wp-json\/wp\/v2\/posts\/30341\/revisions\/30342"}],"wp:attachment":[{"href":"https:\/\/blogdoeloiltoncajuhy.com.br\/site\/wp-json\/wp\/v2\/media?parent=30341"}],"wp:term":[{"taxonomy":"category","embeddable":true,"href":"https:\/\/blogdoeloiltoncajuhy.com.br\/site\/wp-json\/wp\/v2\/categories?post=30341"},{"taxonomy":"post_tag","embeddable":true,"href":"https:\/\/blogdoeloiltoncajuhy.com.br\/site\/wp-json\/wp\/v2\/tags?post=30341"}],"curies":[{"name":"wp","href":"https:\/\/api.w.org\/{rel}","templated":true}]}}